{"id":67534,"date":"2024-03-02T11:28:41","date_gmt":"2024-03-02T10:28:41","guid":{"rendered":"https:\/\/miradordeatarfe.es\/?p=67534"},"modified":"2024-06-02T12:09:33","modified_gmt":"2024-06-02T10:09:33","slug":"la-escuela-taller-y-los-tres-juanes-por-jose-enrique-granados","status":"publish","type":"post","link":"https:\/\/miradordeatarfe.es\/?p=67534","title":{"rendered":"\u00abLA ESCUELA TALLER Y LOS TRES JUANES\u00bb por Jos\u00e9 Enrique Granados"},"content":{"rendered":"<div class=\"\" dir=\"auto\">\n<div id=\":r3j0:\" class=\"x1iorvi4 x1pi30zi x1l90r2v x1swvt13\" data-ad-comet-preview=\"message\" data-ad-preview=\"message\">\n<div class=\"x78zum5 xdt5ytf xz62fqu x16ldp7u\">\n<div class=\"xu06os2 x1ok221b\">\n<div class=\"xdj266r x11i5rnm xat24cr x1mh8g0r x1vvkbs x126k92a\">\n<h3 dir=\"auto\" style=\"text-align: justify;\">En el especial de las fiestas de IDEAL de 1990, publicamos la siguiente noticia:<\/h3>\n<\/div>\n<div class=\"x11i5rnm xat24cr x1mh8g0r x1vvkbs xtlvy1s x126k92a\" style=\"text-align: justify;\">\n<div dir=\"auto\">&lt;&lt;La Concejal\u00eda de Servicios Sociales del Ayuntamiento de Atarfe ha solicitado al Ministerio de Trabajo y Seguridad Social la creaci\u00f3n de la Escuela Taller Sierra Elvira, cuyo marco de actuaci\u00f3n ser\u00e1 la rehabilitaci\u00f3n de la ermita de los Tres Juanes. El presupuesto solicitado es de m\u00e1s de 300 millones para tres a\u00f1os. La puesta en marcha de esta Escuela-Taller supondr\u00e1, entre otras cosas, la recuperaci\u00f3n de oficios artesanales relacionados con la canter\u00eda y ampliar a los alumnos sus referencias sobre la industria extractiva y de materiales de construcci\u00f3n, y otros apuntes sobre el m\u00e1rmol y sus aplicaciones.<\/div>\n<div dir=\"auto\">\u00a0<\/div>\n<\/div>\n<div class=\"x11i5rnm xat24cr x1mh8g0r x1vvkbs xtlvy1s x126k92a\">\n<div dir=\"auto\" style=\"text-align: justify;\">La ermita de los Tres Juanes se encuentra al Norte del n\u00facleo urbano, enclavada en el Cerro del Castillejo, a 861 metros de altura sobre el nivel del mar. Desde lo alto de su cima se divisa toda la vega granadina, contabiliz\u00e1ndose m\u00e1s de medio centenar de poblaciones. El edificio ha sufrido desde su construcci\u00f3n agresiones de diversa \u00edndole, una explotaci\u00f3n no planificada de las canteras y expoliaciones constantes de personas que han avasallado el escaso patrimonio art\u00edstico de Atarfe. Muchos son los rumores que, desde hace varios a\u00f1os, han circulado sobre el futuro del edifico m\u00e1s representativo de Atarfe, desde instalar en \u00e9l un museo de artes y costumbres populares a convertirlo en un establecimiento pastelero, pero todos fueron eso, rumores.<\/div>\n<div dir=\"auto\" style=\"text-align: justify;\">\u00a0<\/div>\n<div dir=\"auto\" style=\"text-align: justify;\">Los objetivos del presente proyecto que parece ser el tratamiento que salve la ermita, son recuperar el patrimonio cultural de Atarfe, permitir la utilizaci\u00f3n de la ermita por los escolares de la localidad, actividades universitarias afines a las caracter\u00edsticas geomorfol\u00f3gicas e hist\u00f3ricas del terreno y el funcionamiento de los alrededores como zona de ocio<\/div>\n<div dir=\"auto\" style=\"text-align: justify;\">\u00a0<\/div>\n<div dir=\"auto\" style=\"text-align: justify;\">El ayuntamiento pretende impartir cursos formativos que faciliten una salida profesional. Las especialidades elegidas han sido, canter\u00eda, fontaner\u00eda y electricidad, alba\u00f1iler\u00eda, jardiner\u00eda, forja y carpinter\u00eda, que favorecer\u00e1n la incorporaci\u00f3n inmediata de los alumnos al campo laboral. El programa formato de la Escuela-Taller Sierra Elvira pretende seguir una metodolog\u00eda que abarque la formaci\u00f3n te\u00f3rica, la pr\u00e1ctica en talleres, el trabajo directo en obras y la formaci\u00f3n integral de los alumnos para facilitar al t\u00e9rmino del per\u00edodo de formaci\u00f3n en la Escuela-Taller, el acceso a un puesto de trabajo que tenga como especialidad la que han practicado durante su tiempo de formaci\u00f3n.<\/div>\n<div dir=\"auto\" style=\"text-align: justify;\">\u00a0<\/div>\n<\/div>\n<div class=\"x11i5rnm xat24cr x1mh8g0r x1vvkbs xtlvy1s x126k92a\">\n<div dir=\"auto\">Transcurridos 33 a\u00f1os \u00bfse cumpli\u00f3 el objetivo?<\/div>\n<div dir=\"auto\">\u00a0<\/div>\n<\/div>\n<div class=\"x11i5rnm xat24cr x1mh8g0r x1vvkbs xtlvy1s x126k92a\">\n<div dir=\"auto\"><a href=\"https:\/\/www.facebook.com\/profile.php?id=100063704734064\">Gacetilla y curiosidades elvirenses<\/a><\/div>\n<\/div>\n<\/div>\n<\/div>\n<\/div>\n<\/div>\n","protected":false},"excerpt":{"rendered":"<p>En el especial de las fiestas de IDEAL de 1990, publicamos la siguiente noticia: &lt;&lt;La&#8230;<\/p>\n","protected":false},"author":1,"featured_media":67535,"comment_status":"closed","ping_status":"closed","sticky":false,"template":"","format":"standard","meta":{"_coblocks_attr":"","_coblocks_dimensions":"","_coblocks_responsive_height":"","_coblocks_accordion_ie_support":"","jetpack_post_was_ever_published":false,"_jetpack_newsletter_access":"","_jetpack_dont_email_post_to_subs":false,"_jetpack_newsletter_tier_id":0,"_jetpack_memberships_contains_paywalled_content":false,"_jetpack_memberships_contains_paid_content":false,"footnotes":"","jetpack_publicize_message":"","jetpack_publicize_feature_enabled":true,"jetpack_social_post_already_shared":true,"jetpack_social_options":{"image_generator_settings":{"template":"highway","default_image_id":0,"enabled":false},"version":2}},"categories":[2,1225,186,38],"tags":[864],"class_list":["post-67534","post","type-post","status-publish","format-standard","has-post-thumbnail","hentry","category-atarfe","category-ha-de-atarfe","category-instituciones","category-opinion-de-jose-enrique-granados","tag-ayuntamiento"],"jetpack_publicize_connections":[],"jetpack_featured_media_url":"https:\/\/i0.wp.com\/miradordeatarfe.es\/wp-content\/uploads\/2024\/02\/367386995_752490760217742_6989988409689519717_n.jpg?fit=1080%2C706&ssl=1","jetpack_likes_enabled":true,"jetpack_sharing_enabled":true,"_links":{"self":[{"href":"https:\/\/miradordeatarfe.es\/index.php?rest_route=\/wp\/v2\/posts\/67534","targetHints":{"allow":["GET"]}}],"collection":[{"href":"https:\/\/miradordeatarfe.es\/index.php?rest_route=\/wp\/v2\/posts"}],"about":[{"href":"https:\/\/miradordeatarfe.es\/index.php?rest_route=\/wp\/v2\/types\/post"}],"author":[{"embeddable":true,"href":"https:\/\/miradordeatarfe.es\/index.php?rest_route=\/wp\/v2\/users\/1"}],"replies":[{"embeddable":true,"href":"https:\/\/miradordeatarfe.es\/index.php?rest_route=%2Fwp%2Fv2%2Fcomments&post=67534"}],"version-history":[{"count":1,"href":"https:\/\/miradordeatarfe.es\/index.php?rest_route=\/wp\/v2\/posts\/67534\/revisions"}],"predecessor-version":[{"id":67536,"href":"https:\/\/miradordeatarfe.es\/index.php?rest_route=\/wp\/v2\/posts\/67534\/revisions\/67536"}],"wp:featuredmedia":[{"embeddable":true,"href":"https:\/\/miradordeatarfe.es\/index.php?rest_route=\/wp\/v2\/media\/67535"}],"wp:attachment":[{"href":"https:\/\/miradordeatarfe.es\/index.php?rest_route=%2Fwp%2Fv2%2Fmedia&parent=67534"}],"wp:term":[{"taxonomy":"category","embeddable":true,"href":"https:\/\/miradordeatarfe.es\/index.php?rest_route=%2Fwp%2Fv2%2Fcategories&post=67534"},{"taxonomy":"post_tag","embeddable":true,"href":"https:\/\/miradordeatarfe.es\/index.php?rest_route=%2Fwp%2Fv2%2Ftags&post=67534"}],"curies":[{"name":"wp","href":"https:\/\/api.w.org\/{rel}","templated":true}]}}