{"id":67540,"date":"2024-03-03T10:45:58","date_gmt":"2024-03-03T09:45:58","guid":{"rendered":"https:\/\/miradordeatarfe.es\/?p=67540"},"modified":"2024-03-01T16:38:31","modified_gmt":"2024-03-01T15:38:31","slug":"atarfe-refugio-de-monstruos-presentacion-del-libro-de-fer-alvarado","status":"publish","type":"post","link":"https:\/\/miradordeatarfe.es\/?p=67540","title":{"rendered":"ATARFE: \u00abREFUGIO DE MONSTRUOS\u00bb presentaci\u00f3n del libro de Fer Alvarado"},"content":{"rendered":"<div class=\"xyamay9 x1pi30zi xsag5q8 x1swvt13\">\n<div>\n<h3 class=\"xyinxu5 x4uap5 x1g2khh7 xkhd6sd\"><span class=\"x193iq5w xeuugli x13faqbe x1vvkbs x1xmvt09 x1lliihq x1s928wv xhkezso x1gmr53x x1cpjm7i x1fgarty x1943h6x xudqn12 x3x7a5m x6prxxf xvq8zen xo1l8bm xzsf02u\" dir=\"auto\">LA BIBLIOTECA MUNICIPAL MARIANA PINEDA DE ATARFE ORGANIZA LAPRESENTACI\u00d3N DEL LIBRO \u00bb REFUGIO DE MONSTRUOS\u00bb <\/span><span class=\"x193iq5w xeuugli x13faqbe x1vvkbs x1xmvt09 x1lliihq x1s928wv xhkezso x1gmr53x x1cpjm7i x1fgarty x1943h6x xudqn12 x3x7a5m x6prxxf xvq8zen xo1l8bm xzsf02u\" dir=\"auto\">El d\u00eda 13 de marzo a las 18 horas en el Centro Cultural Medina Elvira<\/span><\/h3>\n<div class=\"xyinxu5 x4uap5 x1g2khh7 xkhd6sd\" style=\"text-align: justify;\"><span class=\"x193iq5w xeuugli x13faqbe x1vvkbs x1xmvt09 x1lliihq x1s928wv xhkezso x1gmr53x x1cpjm7i x1fgarty x1943h6x xudqn12 x3x7a5m x6prxxf xvq8zen xo1l8bm xzsf02u\" dir=\"auto\"><strong>*Notas del autor:<\/strong> Fer Alvarado (Valderrubio, Granada) crece rodeado de libros y naturaleza: la combinaci\u00f3n ideal para engendrar a un apasionado del g\u00e9nero fant\u00e1stico. Ya desde ni\u00f1o, disfruta convirtiendo los secaderos de tabaco en naves espaciales y los bosques cercanos en junglas jur\u00e1sicas. No es hasta cumplir treinta a\u00f1os, y con la firme idea de encontrar la magia dentro de la cotidianidad de los d\u00edas, cuando plasma sus enso\u00f1aciones y se embarca en el mundo de la escritura. Refugio para monstruos es el resultado de esta decisi\u00f3n. Siempre con la fantas\u00eda como tel\u00f3n de fondo, Fer Alvarado nos trae una historia sobre la b\u00fasqueda de la verdad, la aceptaci\u00f3n de la complejidad de la vida y el coraje para enfrentar los demonios internos.<\/span><\/div>\n<div class=\"xyinxu5 x4uap5 x1g2khh7 xkhd6sd\" style=\"text-align: justify;\"><span class=\"x193iq5w xeuugli x13faqbe x1vvkbs x1xmvt09 x1lliihq x1s928wv xhkezso x1gmr53x x1cpjm7i x1fgarty x1943h6x xudqn12 x3x7a5m x6prxxf xvq8zen xo1l8bm xzsf02u\" dir=\"auto\"><br \/>\n<strong>*Notas del libro<\/strong>: Influenciado por sus padres, Ra\u00fal Corbal percibe el mundo lleno de curvas y complicaciones. Por eso, en su decimoctavo cumplea\u00f1os, decide escapar de casa en busca de la sencillez. Fiel a su idea de caminar en l\u00ednea recta, encuentra refugio en un enigm\u00e1tico pueblo llamado Villa Historia. Para sus habitantes, los cuentos son moneda de cambio y contar relatos, una forma de vida. Al sumergirse en esta comunidad encantada, Ra\u00fal descubrir\u00e1 que cada cuento es una ventana a un mundo m\u00e1s grande, una oportunidad para aprender y crecer. Sin embargo, lejos de ser un id\u00edlico refugio, Villa Historia tiene un lado tenebroso que amenaza con devorar a todos sus moradores. Para salvarlos, Ra\u00fal deber\u00e1 hacer frente al mayor de sus enemigos: \u00e9l mismo.<br \/>\n<\/span><\/div>\n<div>\u00a0<\/div>\n<div class=\"xyinxu5 x4uap5 x1g2khh7 xkhd6sd\"><span class=\"x193iq5w xeuugli x13faqbe x1vvkbs x1xmvt09 x1lliihq x1s928wv xhkezso x1gmr53x x1cpjm7i x1fgarty x1943h6x xudqn12 x3x7a5m x6prxxf xvq8zen xo1l8bm xzsf02u\" dir=\"auto\">\u00a1\u00a1\u00a1Os esperamos!!!<\/span><\/p>\n<div class=\"x1i10hfl xjbqb8w x1ejq31n xd10rxx x1sy0etr x17r0tee x972fbf xcfux6l x1qhh985 xm0m39n x9f619 x1ypdohk xt0psk2 xe8uvvx xdj266r x11i5rnm xat24cr x1mh8g0r xexx8yu x4uap5 x18d9i69 xkhd6sd x16tdsg8 x1hl2dhg xggy1nq x1a2a7pz xt0b8zv xzsf02u x1s688f\" tabindex=\"0\" role=\"button\"><a href=\"https:\/\/i0.wp.com\/miradordeatarfe.es\/wp-content\/uploads\/2024\/02\/428607811_381254611324963_30148428636915241_n.jpg?ssl=1\"><img data-recalc-dims=\"1\" loading=\"lazy\" decoding=\"async\" class=\"alignnone wp-image-67542 size-large\" src=\"https:\/\/i0.wp.com\/miradordeatarfe.es\/wp-content\/uploads\/2024\/02\/428607811_381254611324963_30148428636915241_n.jpg?resize=640%2C640&#038;ssl=1\" alt=\"\" width=\"640\" height=\"640\" srcset=\"https:\/\/i0.wp.com\/miradordeatarfe.es\/wp-content\/uploads\/2024\/02\/428607811_381254611324963_30148428636915241_n.jpg?resize=1024%2C1024&amp;ssl=1 1024w, https:\/\/i0.wp.com\/miradordeatarfe.es\/wp-content\/uploads\/2024\/02\/428607811_381254611324963_30148428636915241_n.jpg?resize=300%2C300&amp;ssl=1 300w, https:\/\/i0.wp.com\/miradordeatarfe.es\/wp-content\/uploads\/2024\/02\/428607811_381254611324963_30148428636915241_n.jpg?resize=150%2C150&amp;ssl=1 150w, https:\/\/i0.wp.com\/miradordeatarfe.es\/wp-content\/uploads\/2024\/02\/428607811_381254611324963_30148428636915241_n.jpg?resize=768%2C768&amp;ssl=1 768w, https:\/\/i0.wp.com\/miradordeatarfe.es\/wp-content\/uploads\/2024\/02\/428607811_381254611324963_30148428636915241_n.jpg?w=1080&amp;ssl=1 1080w\" sizes=\"auto, (max-width: 640px) 100vw, 640px\" \/><\/a><\/div>\n<\/div>\n<\/div>\n<div class=\"x78zum5\">\u00a0<\/div>\n<\/div>\n<div>\n<div>\n<div class=\"x1n2onr6\">\n<div class=\"x6s0dn4 xi81zsa x78zum5 x6prxxf x13a6bvl xvq8zen xdj266r xktsk01 xat24cr x1d52u69 x889kno x4uap5 x1a8lsjc xkhd6sd xdppsyt\">\n<div class=\"x6s0dn4 x78zum5 x1iyjqo2 x6ikm8r x10wlt62\">\u00a0<\/div>\n<\/div>\n<\/div>\n<\/div>\n<\/div>\n<div class=\"\">\u00a0<\/div>\n","protected":false},"excerpt":{"rendered":"<p>LA BIBLIOTECA MUNICIPAL MARIANA PINEDA DE ATARFE ORGANIZA LAPRESENTACI\u00d3N DEL LIBRO \u00bb REFUGIO DE MONSTRUOS\u00bb&#8230;<\/p>\n","protected":false},"author":1,"featured_media":67541,"comment_status":"closed","ping_status":"closed","sticky":false,"template":"","format":"standard","meta":{"_coblocks_attr":"","_coblocks_dimensions":"","_coblocks_responsive_height":"","_coblocks_accordion_ie_support":"","jetpack_post_was_ever_published":false,"_jetpack_newsletter_access":"","_jetpack_dont_email_post_to_subs":false,"_jetpack_newsletter_tier_id":0,"_jetpack_memberships_contains_paywalled_content":false,"_jetpack_memberships_contains_paid_content":false,"footnotes":"","jetpack_publicize_message":"","jetpack_publicize_feature_enabled":true,"jetpack_social_post_already_shared":true,"jetpack_social_options":{"image_generator_settings":{"template":"highway","default_image_id":0,"enabled":false},"version":2}},"categories":[12,186,44],"tags":[],"class_list":["post-67540","post","type-post","status-publish","format-standard","has-post-thumbnail","hentry","category-cultura","category-instituciones","category-noticias-de-hoy"],"jetpack_publicize_connections":[],"jetpack_featured_media_url":"https:\/\/i0.wp.com\/miradordeatarfe.es\/wp-content\/uploads\/2024\/02\/Sin-titulo.png?fit=269%2C187&ssl=1","jetpack_likes_enabled":true,"jetpack_sharing_enabled":true,"_links":{"self":[{"href":"https:\/\/miradordeatarfe.es\/index.php?rest_route=\/wp\/v2\/posts\/67540","targetHints":{"allow":["GET"]}}],"collection":[{"href":"https:\/\/miradordeatarfe.es\/index.php?rest_route=\/wp\/v2\/posts"}],"about":[{"href":"https:\/\/miradordeatarfe.es\/index.php?rest_route=\/wp\/v2\/types\/post"}],"author":[{"embeddable":true,"href":"https:\/\/miradordeatarfe.es\/index.php?rest_route=\/wp\/v2\/users\/1"}],"replies":[{"embeddable":true,"href":"https:\/\/miradordeatarfe.es\/index.php?rest_route=%2Fwp%2Fv2%2Fcomments&post=67540"}],"version-history":[{"count":1,"href":"https:\/\/miradordeatarfe.es\/index.php?rest_route=\/wp\/v2\/posts\/67540\/revisions"}],"predecessor-version":[{"id":67543,"href":"https:\/\/miradordeatarfe.es\/index.php?rest_route=\/wp\/v2\/posts\/67540\/revisions\/67543"}],"wp:featuredmedia":[{"embeddable":true,"href":"https:\/\/miradordeatarfe.es\/index.php?rest_route=\/wp\/v2\/media\/67541"}],"wp:attachment":[{"href":"https:\/\/miradordeatarfe.es\/index.php?rest_route=%2Fwp%2Fv2%2Fmedia&parent=67540"}],"wp:term":[{"taxonomy":"category","embeddable":true,"href":"https:\/\/miradordeatarfe.es\/index.php?rest_route=%2Fwp%2Fv2%2Fcategories&post=67540"},{"taxonomy":"post_tag","embeddable":true,"href":"https:\/\/miradordeatarfe.es\/index.php?rest_route=%2Fwp%2Fv2%2Ftags&post=67540"}],"curies":[{"name":"wp","href":"https:\/\/api.w.org\/{rel}","templated":true}]}}