{"id":67547,"date":"2024-03-03T11:14:15","date_gmt":"2024-03-03T10:14:15","guid":{"rendered":"https:\/\/miradordeatarfe.es\/?p=67547"},"modified":"2024-03-01T16:38:13","modified_gmt":"2024-03-01T15:38:13","slug":"participa-atarfe-proyecto-que-se-presenta-el-dia-5-a-las-18h-en-el-centro-civico","status":"publish","type":"post","link":"https:\/\/miradordeatarfe.es\/?p=67547","title":{"rendered":"\u00abPARTICIPA ATARFE\u00bb proyecto que se presenta el dia 5  a las 18h en el Centro C\u00edvico"},"content":{"rendered":"<h3>En los \u00abEurobar\u00f3metros\u00bb aparece que la vida asociativa organizada, es menos frecuente entre los griegos, los espa\u00f1oles y los portugueses. (Fuente: EURO 97)<\/h3>\n<p style=\"text-align: justify;\">Los tres citados pa\u00edses <em>comparten una cultura que favorece las interacciones fuera de los hogares, en espacios p\u00fablicos<\/em>. Esas costumbres pueden satisfacer las mismas necesidades de contacto que, en los Pa\u00edses N\u00f3rdicos y Centroeuropeos, est\u00e1n encomendadas a organizaciones formales, dedicadas a facilitar las relaciones juveniles.<\/p>\n<p style=\"text-align: justify;\">Sin embargo no siempre se cumple que el asociacionismo sea una salida para establecer relaciones entre las personas j\u00f3venes que carecen de ellas. Hay m\u00e1s asociados y asociadas entre quienes se mueven en entornos sociales donde existen m\u00e1s ocasiones para la interacci\u00f3n.<\/p>\n<p style=\"text-align: justify;\">Concretamente aumenta el n\u00famero de societarios y societarias cuando al tiempo se trabaja y se estudia. Y hay menos asociados y asociadas entre la juventud que, en principio, se ver\u00eda m\u00e1s limitada en sus contactos sociales, por encontrarse en el paro; o por ocuparse de lleno en las tareas del hogar. Los porcentajes de participaci\u00f3n asociativa est\u00e1n estabilizados al menos desde 1988.\u00a0 Aunque puede ser que se est\u00e9 iniciando un repunte del asociacionismo entre la poblaci\u00f3n menor de 21 a\u00f1os.<\/p>\n<p style=\"text-align: justify;\">La participaci\u00f3n en las asociaciones no se improvisa, ni se produce de forma repentina. Es algo que se construye y se desarrolla. Sus miembros son diferentes entre s\u00ed y tienen distintos niveles de motivaci\u00f3n y distintas capacidades y niveles de formaci\u00f3n, tambi\u00e9n participan de distinta manera y con distinta intensidad.<\/p>\n<h3 style=\"text-align: justify;\">El <span style=\"color: #800000;\">Concejal de Participaci\u00f3n Ciudadana, Javier Arenas,<\/span> nos invita el pr\u00f3ximo <span style=\"color: #800000;\">martes, 5 de marzo a las 18:00h., en el Centro C\u00edvico<\/span>, a la presentaci\u00f3n de \u201cParticipa Atarfe\u201d, un nuevo proyecto en el que, a trav\u00e9s de charlas, debates, conciertos, exposiciones, proyecciones, etc., y en colaboraci\u00f3n con el tejido asociativo del municipio, se proporcionar\u00e1 a los\/as atarfe\u00f1os\/as un desarrollo m\u00e1s din\u00e1mico de su derecho de participaci\u00f3n ciudadana a la vez que fomentar\u00e1 su pensamiento cr\u00edtico.<\/h3>\n<p style=\"text-align: justify;\">En este escenario, todos y todas, encontrar\u00e1n un <span style=\"color: #800000;\">ESPACIO ABIERTO <\/span>d\u00f3nde trabajar\u00e1n materias tan diversas como el feminismo, la igualdad de oportunidades, la intergeneracionalidad, el medio ambiente, el arte o la cultura, a trav\u00e9s de una amplia gama de actividades trasversales e intergeneracionales en el que la diversidad y la participaci\u00f3n ciudadana ser\u00e1n clave.<\/p>\n<p><a href=\"https:\/\/i0.wp.com\/miradordeatarfe.es\/wp-content\/uploads\/2024\/03\/Imagen-de-WhatsApp-2024-03-01-a-las-09.21.51_19cd0896.jpg?ssl=1\"><img data-recalc-dims=\"1\" loading=\"lazy\" decoding=\"async\" class=\"alignnone wp-image-67548 size-full\" src=\"https:\/\/i0.wp.com\/miradordeatarfe.es\/wp-content\/uploads\/2024\/03\/Imagen-de-WhatsApp-2024-03-01-a-las-09.21.51_19cd0896.jpg?resize=640%2C640&#038;ssl=1\" alt=\"\" width=\"640\" height=\"640\" srcset=\"https:\/\/i0.wp.com\/miradordeatarfe.es\/wp-content\/uploads\/2024\/03\/Imagen-de-WhatsApp-2024-03-01-a-las-09.21.51_19cd0896.jpg?w=1080&amp;ssl=1 1080w, https:\/\/i0.wp.com\/miradordeatarfe.es\/wp-content\/uploads\/2024\/03\/Imagen-de-WhatsApp-2024-03-01-a-las-09.21.51_19cd0896.jpg?resize=300%2C300&amp;ssl=1 300w, https:\/\/i0.wp.com\/miradordeatarfe.es\/wp-content\/uploads\/2024\/03\/Imagen-de-WhatsApp-2024-03-01-a-las-09.21.51_19cd0896.jpg?resize=1024%2C1024&amp;ssl=1 1024w, https:\/\/i0.wp.com\/miradordeatarfe.es\/wp-content\/uploads\/2024\/03\/Imagen-de-WhatsApp-2024-03-01-a-las-09.21.51_19cd0896.jpg?resize=150%2C150&amp;ssl=1 150w, https:\/\/i0.wp.com\/miradordeatarfe.es\/wp-content\/uploads\/2024\/03\/Imagen-de-WhatsApp-2024-03-01-a-las-09.21.51_19cd0896.jpg?resize=768%2C768&amp;ssl=1 768w\" sizes=\"auto, (max-width: 640px) 100vw, 640px\" \/><\/a><\/p>\n","protected":false},"excerpt":{"rendered":"<p>En los \u00abEurobar\u00f3metros\u00bb aparece que la vida asociativa organizada, es menos frecuente entre los griegos,&#8230;<\/p>\n","protected":false},"author":1,"featured_media":67549,"comment_status":"closed","ping_status":"closed","sticky":false,"template":"","format":"standard","meta":{"_coblocks_attr":"","_coblocks_dimensions":"","_coblocks_responsive_height":"","_coblocks_accordion_ie_support":"","jetpack_post_was_ever_published":false,"_jetpack_newsletter_access":"","_jetpack_dont_email_post_to_subs":false,"_jetpack_newsletter_tier_id":0,"_jetpack_memberships_contains_paywalled_content":false,"_jetpack_memberships_contains_paid_content":false,"footnotes":"","jetpack_publicize_message":"","jetpack_publicize_feature_enabled":true,"jetpack_social_post_already_shared":true,"jetpack_social_options":{"image_generator_settings":{"template":"highway","default_image_id":0,"enabled":false},"version":2}},"categories":[6916,1161,186,44],"tags":[],"class_list":["post-67547","post","type-post","status-publish","format-standard","has-post-thumbnail","hentry","category-ayuntamiento-de-atarfe","category-ciudadania","category-instituciones","category-noticias-de-hoy"],"jetpack_publicize_connections":[],"jetpack_featured_media_url":"https:\/\/i0.wp.com\/miradordeatarfe.es\/wp-content\/uploads\/2024\/03\/Imagen-de-WhatsApp-2024-03-01-a-las-09.21.51_19cd0896-1.jpg?fit=759%2C421&ssl=1","jetpack_likes_enabled":true,"jetpack_sharing_enabled":true,"_links":{"self":[{"href":"https:\/\/miradordeatarfe.es\/index.php?rest_route=\/wp\/v2\/posts\/67547","targetHints":{"allow":["GET"]}}],"collection":[{"href":"https:\/\/miradordeatarfe.es\/index.php?rest_route=\/wp\/v2\/posts"}],"about":[{"href":"https:\/\/miradordeatarfe.es\/index.php?rest_route=\/wp\/v2\/types\/post"}],"author":[{"embeddable":true,"href":"https:\/\/miradordeatarfe.es\/index.php?rest_route=\/wp\/v2\/users\/1"}],"replies":[{"embeddable":true,"href":"https:\/\/miradordeatarfe.es\/index.php?rest_route=%2Fwp%2Fv2%2Fcomments&post=67547"}],"version-history":[{"count":1,"href":"https:\/\/miradordeatarfe.es\/index.php?rest_route=\/wp\/v2\/posts\/67547\/revisions"}],"predecessor-version":[{"id":67550,"href":"https:\/\/miradordeatarfe.es\/index.php?rest_route=\/wp\/v2\/posts\/67547\/revisions\/67550"}],"wp:featuredmedia":[{"embeddable":true,"href":"https:\/\/miradordeatarfe.es\/index.php?rest_route=\/wp\/v2\/media\/67549"}],"wp:attachment":[{"href":"https:\/\/miradordeatarfe.es\/index.php?rest_route=%2Fwp%2Fv2%2Fmedia&parent=67547"}],"wp:term":[{"taxonomy":"category","embeddable":true,"href":"https:\/\/miradordeatarfe.es\/index.php?rest_route=%2Fwp%2Fv2%2Fcategories&post=67547"},{"taxonomy":"post_tag","embeddable":true,"href":"https:\/\/miradordeatarfe.es\/index.php?rest_route=%2Fwp%2Fv2%2Ftags&post=67547"}],"curies":[{"name":"wp","href":"https:\/\/api.w.org\/{rel}","templated":true}]}}