{"id":67551,"date":"2024-03-03T08:30:21","date_gmt":"2024-03-03T07:30:21","guid":{"rendered":"https:\/\/miradordeatarfe.es\/?p=67551"},"modified":"2024-03-01T16:40:26","modified_gmt":"2024-03-01T15:40:26","slug":"protocolos-de-contaminacion-muertes-por-polucion-y-limpiar-el-aire-con-plantas","status":"publish","type":"post","link":"https:\/\/miradordeatarfe.es\/?p=67551","title":{"rendered":"Protocolos de contaminaci\u00f3n, muertes por poluci\u00f3n y \u2018limpiar\u2019 el aire con plantas\u2026"},"content":{"rendered":"<div id=\"content\">\n<div id=\"article-with-sidebar\" class=\"max-w-mobile lg:max-w-desktop flex flex-col lg:flex-row justify-between mx-auto mt-8\">\n<div id=\"article-wrapper\" class=\"max-w-article-wrap\" style=\"text-align: justify;\">\n<h3 class=\"mb-6\" style=\"text-align: justify;\">\u00a0Consultorio 23\u00ba de Maldito Clima, especial \u2018respirar en la ciudad\u2019<\/h3>\n<p>Respirar es una acci\u00f3n autom\u00e1tica (lo hacemos sin pensar, aunque seguro que al leer esto s\u00ed has empezado a pensar en ello, \u00bfa que s\u00ed?) de la que depende nuestra salud. A pesar de su importancia, muchas personas viven en entornos con mala calidad del aire, como las ciudades, y est\u00e1n expuestas a episodios de contaminaci\u00f3n recurrentes. Por todo esto, dedicamos un consultorio de Maldito Clima al aire urbano, con datos, medidas y posibles soluciones para respirar mejor.<\/p>\n<div id=\"article-content\" class=\"flex flex-col-reverse lg:flex-row\">\n<div id=\"article-text\" class=\"max-w-regular-content\">\n<p style=\"text-align: justify;\">Antes de ir a las preguntas, recuerda que puedes trasladarnos las dudas sobre clima, medioambiente y energ\u00eda en <a href=\"https:\/\/maldita.es\/clima\/\" target=\"_blank\" rel=\"noopener noreferrer nofollow\">nuestra web<\/a>, nuestra cuenta de Twitter (<a href=\"https:\/\/twitter.com\/Maldito_clima\" target=\"_blank\" rel=\"noopener noreferrer nofollow\">@Maldito_clima<\/a>), nuestro correo electr\u00f3nico (<a href=\"mailto:clima@maldita.es\" target=\"_blank\" rel=\"noopener noreferrer nofollow\">clima@maldita.es<\/a>) o el chatbot de WhatsApp de <a href=\"https:\/\/Maldita.es\" target=\"_blank\" rel=\"noopener noreferrer nofollow\">Maldita.es<\/a> (<a href=\"https:\/\/api.whatsapp.com\/send?phone=34644229319&amp;text=&amp;source=&amp;data=&amp;app_absent=\" target=\"_blank\" rel=\"noopener noreferrer nofollow\">+34 644 229 319<\/a>). Responderemos lo mejor que sepamos, sin malos humos.<\/p>\n<h2 style=\"text-align: justify;\">\u00bfCu\u00e1ntas muertes se producen al a\u00f1o por contaminaci\u00f3n atmosf\u00e9rica y c\u00f3mo lo sabemos?<\/h2>\n<p style=\"text-align: justify;\"><strong>M\u00e1s de seis millones de personas<\/strong> mueren cada a\u00f1o en el mundo por contaminaci\u00f3n del aire, seg\u00fan diferentes an\u00e1lisis de la Organizaci\u00f3n Mundial de la Salud (<a href=\"https:\/\/www.who.int\/news-room\/feature-stories\/detail\/air-pollution--the-invisible-health-threat#:~:text=Air%20pollution%20is%20a%20major,US%24%208%20trillion%20in%202019).\" target=\"_blank\" rel=\"noopener noreferrer nofollow\">OMS<\/a>), el Estudio de la Carga Mundial de la Morbilidad (<a href=\"https:\/\/www.healthdata.org\/research-analysis\/gbd\" target=\"_blank\" rel=\"noopener noreferrer nofollow\">GBD<\/a>, siglas en ingl\u00e9s) y <a href=\"https:\/\/www.pnas.org\/content\/116\/15\/7192\/\" target=\"_blank\" rel=\"noopener noreferrer nofollow\">otros<\/a> trabajos <a href=\"https:\/\/www.bmj.com\/content\/383\/bmj-2023-077784\" target=\"_blank\" rel=\"noopener noreferrer nofollow\">cient\u00edficos<\/a>. El 99% de la poblaci\u00f3n del planeta <a href=\"https:\/\/www.who.int\/health-topics\/air-pollution#tab=tab_1:~:text=WHO%20data%20show%20that%20almost%20all%20of%20the%20global%20population%20(99%25)%20breathe%20air%20that%20exceeds%C2%A0WHO%20guideline%20limits%C2%A0and%20contains%20high%20levels%20of%C2%A0pollutants%2C%C2%A0with%20low%2D%20and%20middle%2Dincome%20countries%20suffering%20from%20the%20highest%20exposures.\" target=\"_blank\" rel=\"noopener noreferrer nofollow\">respira aire considerado no saludable<\/a> por la OMS. Sin embargo, la <a href=\"https:\/\/icd.who.int\/browse\/2024-01\/mms\/es#1805108872\" target=\"_blank\" rel=\"noopener noreferrer nofollow\">Clasificaci\u00f3n Internacional de Enfermedades<\/a> no recoge \u201ccontaminaci\u00f3n del aire\u201d como causa de muerte. \u00bfC\u00f3mo sabemos entonces\u00a0 cu\u00e1ntas personas mueren cada a\u00f1o por contaminaci\u00f3n? \u00bfY cu\u00e1ntas son exactamente?<\/p>\n<p style=\"text-align: justify;\">Estas cifras son <strong>estimaciones<\/strong> no registros como se hace en las <a href=\"https:\/\/maldita.es\/malditaciencia\/20231221\/repentinitis-mortalidad-ine-2022\/\" target=\"_blank\" rel=\"noopener noreferrer nofollow\">estad\u00edsticas de mortalidad<\/a> del Instituto Nacional de Estad\u00edstica. Cada una de ellas tiene su metodolog\u00eda, pero todas se construyen con la evidencia cient\u00edfica disponible sobre <strong>exponerse a contaminantes<\/strong> (part\u00edculas microsc\u00f3picas, mon\u00f3xido de carbono, ozono, etc.) y el <a href=\"https:\/\/maldita.es\/clima\/20200102\/si-la-contaminacion-atmosferica-mata\/\" target=\"_blank\" rel=\"noopener noreferrer nofollow\"><strong>aumento del riesgo<\/strong> de enfermedades<\/a> (<a href=\"https:\/\/maldita.es\/clima\/20220907\/consecuencias-contaminacion-aire-salud-infantil\/\" target=\"_blank\" rel=\"noopener noreferrer nofollow\">respiratorias<\/a>, <a href=\"https:\/\/maldita.es\/clima\/20230314\/contaminacion-riesgo-infarto-efectos-salud-cardiovascular\/\" target=\"_blank\" rel=\"noopener noreferrer nofollow\">cardiovasculares<\/a>, infartos, ictus, c\u00e1ncer, etc.), as\u00ed como los <strong>registros de mortalidad<\/strong>. En resumen, estas estimaciones consideran que<strong> mueren entre 6,7 y 8,8 millones de personas al a\u00f1o<\/strong> por contaminaci\u00f3n del aire.<\/p>\n<figure style=\"text-align: justify;\"><img data-recalc-dims=\"1\" decoding=\"async\" contenteditable=\"false\" draggable=\"false\" src=\"https:\/\/i0.wp.com\/files.maldita.es\/uploads\/2024\/02\/65d8b8e76aec0file-png.png?w=640&#038;ssl=1\" \/><figcaption><em>Estimaciones de mortalidad anual por contaminaci\u00f3n del aire, seg\u00fan diferentes metodolog\u00edas. Fuente: <\/em><a href=\"https:\/\/ourworldindata.org\/data-review-air-pollution-deaths#study-by-study-the-global-death-toll-from-air-pollution\" target=\"_blank\" rel=\"noopener noreferrer nofollow\"><em>Our World In Data<\/em><\/a><em>.<\/em><\/figcaption><\/figure>\n<p style=\"text-align: justify;\">El <a href=\"https:\/\/www.who.int\/data\/gho\/data\/indicators\/indicator-details\/GHO\/ambient-and-household-air-pollution-attributable-death-rate-(per-100-000-population)#:~:text=Method%20of%20estimation%3A\" target=\"_blank\" rel=\"noopener noreferrer nofollow\">an\u00e1lisis de este tema que hace la OMS<\/a>, uno de los m\u00e1s citados a nivel global, se calcula combinando informaci\u00f3n sobre cu\u00e1nto <strong>aumenta el riesgo de sufrir enfermedades<\/strong> tras la <strong>exposici\u00f3n a un contaminante<\/strong> y <strong>c\u00f3mo de extendido est\u00e1 ese contaminante <\/strong>entre la poblaci\u00f3n. Con estos datos, se obtiene la llamada <a href=\"https:\/\/www.who.int\/data\/gho\/indicator-metadata-registry\/imr-details\/1287\" target=\"_blank\" rel=\"noopener noreferrer nofollow\">fracci\u00f3n atribuible a la poblaci\u00f3n<\/a>, un indicador que nos dice <strong>cu\u00e1ntos casos de una enfermedad se pueden vincular al contaminante<\/strong>. Si tenemos el <strong>registro de mortalidad por enfermedades<\/strong> de un pa\u00eds y tenemos sus datos de calidad del aire, podemos estimar qu\u00e9 fracci\u00f3n de esas muertes se deben a la contaminaci\u00f3n atmosf\u00e9rica. El <a href=\"https:\/\/www.thelancet.com\/journals\/lancet\/article\/PIIS0140-6736(20)30752-2\/fulltext#:~:text=computed%20by%20multiplying-,population%20attributable%20fractions,-(PAFs)%20by%20the\" target=\"_blank\" rel=\"noopener noreferrer nofollow\">GBD tambi\u00e9n usa la fracci\u00f3n atribuible a la poblaci\u00f3n<\/a>, con ligeros cambios de metodolog\u00eda.<\/p>\n<p style=\"text-align: justify;\"><a href=\"https:\/\/www.pnas.org\/doi\/10.1073\/pnas.1819989116#supplementary-materials:~:text=improve%20air%20quality.-,Methods,-We%20applied%20an\" target=\"_blank\" rel=\"noopener noreferrer nofollow\">Otros estudios<\/a> acuden a <strong>modelos clim\u00e1ticos<\/strong> y los combinan con la <strong>evidencia de riesgo de enfermedad<\/strong>. Lo que hacen estos trabajos es <strong>recrear las condiciones de circulaci\u00f3n atmosf\u00e9rica <\/strong>de los contaminantes seg\u00fan diferentes escenarios (por ejemplo, <a href=\"https:\/\/www.bmj.com\/content\/383\/bmj-2023-077784#:~:text=The%20second%20and,and%20natural%20wildfires.\" target=\"_blank\" rel=\"noopener noreferrer nofollow\">uno \u2018ideal\u2019, con la contaminaci\u00f3n bajo m\u00ednimos<\/a>, otro con proyecciones de cu\u00e1nto emitir\u00e1n los pa\u00edses en 2030) para obtener cu\u00e1nta concentraci\u00f3n de contaminantes habr\u00eda en esos escenarios. Junto con esa evidencia de riesgo, se estima <strong>cu\u00e1ntas vidas se habr\u00edan salvado <\/strong>si los niveles de contaminaci\u00f3n fueran m\u00e1s bajos, o cu\u00e1ntas personas fallecer\u00edan por contaminaci\u00f3n en esos niveles.<\/p>\n<div class=\"raw-html-node\" style=\"text-align: justify;\"><iframe loading=\"lazy\" title=\"YouTube video player\" src=\"https:\/\/www.youtube.com\/embed\/RtItB0TewXI?si=39i4xXJiA9dER5I6&amp;start=357\" width=\"560\" height=\"315\" frameborder=\"0\" allowfullscreen=\"allowfullscreen\" data-mce-fragment=\"1\"><\/iframe><\/div>\n<p style=\"text-align: justify;\">\u00a0<\/p>\n<p style=\"text-align: justify;\">Otras diferencias metodol\u00f3gicas son <strong>qu\u00e9 enfermedades analiza<\/strong> cada instituci\u00f3n, <strong>en qu\u00e9 contaminantes se centra el trabajo<\/strong>, c\u00f3mo de s\u00f3lidos son los registros de mortalidad de la regi\u00f3n que se analiza, qu\u00e9 fuentes de contaminaci\u00f3n se consideran\u2026 etc\u00e9tera.<\/p>\n<p style=\"text-align: justify;\">Es importante destacar que <strong>la estimaci\u00f3n de muertes no es el dato completo<\/strong> de los efectos que tiene la contaminaci\u00f3n en la salud. Como recuerda el Grupo de Investigaci\u00f3n en Cambio Clim\u00e1tico, Salud y Medioambiente Urbano (<a href=\"https:\/\/twitter.com\/ensgismau\/status\/1743342735027847671\" target=\"_blank\" rel=\"noopener noreferrer nofollow\">GISMAU<\/a>), la mortalidad atribuible es \u201cs\u00f3lo el pico de una pir\u00e1mide\u201d, hay numerosos efectos adversos que no tienen por qu\u00e9 causar la muerte, pero que reducen la calidad de vida, los a\u00f1os de vida y pueden empeorar otras enfermedades cr\u00f3nicas o letales.\u00a0<\/p>\n<h2 style=\"text-align: justify;\">\u00bfQu\u00e9 ciudades espa\u00f1olas tienen protocolos por episodios de contaminaci\u00f3n?<\/h2>\n<p style=\"text-align: justify;\">En Espa\u00f1a, la <a href=\"https:\/\/www.boe.es\/buscar\/act.php?id=BOE-A-2007-19744\" target=\"_blank\" rel=\"noopener noreferrer nofollow\">ley de calidad del aire<\/a> obliga a los municipios de m\u00e1s de 100.000 habitantes a tener un <strong>protocolo de acci\u00f3n frente a episodios de mala calidad del aire<\/strong>. De las 65 ciudades que cumplen estas caracter\u00edsticas, <strong>al menos 37 cumplen<\/strong> con la normativa y otras <strong>dos est\u00e1n elaborando su protocolo<\/strong>, seg\u00fan un an\u00e1lisis de <a href=\"https:\/\/Maldita.es\" target=\"_blank\" rel=\"noopener noreferrer nofollow\"><em>Maldita.es<\/em><\/a> a partir de los datos recogidos por <a href=\"https:\/\/www.ecologistasenaccion.org\/283259\/los-ayuntamientos-carecen-de-protocolos-eficaces-frente-a-los-episodios-de-contaminacion-del-aire\/\" target=\"_blank\" rel=\"noopener noreferrer nofollow\">Ecologistas en Acci\u00f3n<\/a> y consultas a los propios ayuntamientos, actualizado a 23 de febrero de 2024. Las aglomeraciones (las \u00e1reas urbanas con m\u00e1s de 250.000) tambi\u00e9n deben cumplir con esta ley.<\/p>\n<div class=\"raw-html-node\" style=\"text-align: justify;\">\n<div class=\"flourish-embed flourish-map\" data-src=\"visualisation\/16850244\"><iframe title=\"Interactive or visual content\" src=\"https:\/\/flo.uri.sh\/visualisation\/16850244\/embed?auto=1\" frameborder=\"0\" scrolling=\"no\" sandbox=\"allow-same-origin allow-forms allow-scripts allow-downloads allow-popups allow-popups-to-escape-sandbox allow-top-navigation-by-user-activation\" data-mce-fragment=\"1\"><\/iframe><\/p>\n<div class=\"flourish-credit\"><a href=\"https:\/\/flourish.studio\/visualisations\/maps\/?utm_source=showcase&amp;utm_campaign=visualisation\/16850244\" target=\"_top\" rel=\"noopener\"><img decoding=\"async\" src=\"https:\/\/public.flourish.studio\/resources\/bosh.svg\" alt=\"Flourish logo\" \/>A Flourish map<\/a><\/div>\n<\/div>\n<\/div>\n<p style=\"text-align: justify;\">Un protocolo frente a episodios de mala calidad del aire, que legalmente se llama <strong>plan de acci\u00f3n a corto plazo<\/strong>, es un conjunto de medidas cuyo objetivo es evitar que se superen unos umbrales de contaminaci\u00f3n del aire establecidos por directivas europeas y nacionales (la <a href=\"https:\/\/www.boe.es\/buscar\/doc.php?id=DOUE-L-2008-81053\" target=\"_blank\" rel=\"noopener noreferrer nofollow\">Directiva 2008\/50\/CE<\/a> y el <a href=\"https:\/\/www.boe.es\/buscar\/act.php?id=BOE-A-2011-1645\" target=\"_blank\" rel=\"noopener noreferrer nofollow\">Real Decreto 102\/2011<\/a>).<\/p>\n<p style=\"text-align: justify;\">La principal diferencia con los<strong> planes de mejora de la calidad del aire <\/strong>es que estos \u00faltimos son estructurales, para reducir la contaminaci\u00f3n de manera continuada en el tiempo, explica el <a href=\"https:\/\/www.ecologistasenaccion.org\/wp-content\/uploads\/2020\/09\/Informe-PROTOCOLOS-aire.pdf\" target=\"_blank\" rel=\"noopener noreferrer nofollow\">informe sobre protocolos de contaminaci\u00f3n<\/a> que elabora Ecologistas en Acci\u00f3n. Los<strong> planes de acci\u00f3n a corto plazo<\/strong>, como su propio nombre indica, est\u00e1n pensados para recoger medidas inmediatas y puntuales que permitan a las comunidades aut\u00f3nomas reducir r\u00e1pidamente la contaminaci\u00f3n cuando exista el riesgo de superar los umbrales de alerta, por ejemplo limitar el tr\u00e1fico<\/p>\n<p style=\"text-align: justify;\">Algunas ciudades, como <strong>Las Palmas de Gran Canaria<\/strong> \u2013una de las 37 ciudades que cuentan con un plan de acci\u00f3n\u2013 tienen en realidad <a href=\"https:\/\/www.laspalmasgc.es\/export\/sites\/laspalmasgc\/.galleries\/documentos-normativa\/Ordenanza-Municipal-de-Proteccion-de-la-Atmosfera-frente-a-la-Contaminacion-por-Formas-de-la-Materia.pdf\" target=\"_blank\" rel=\"noopener noreferrer nofollow\">una ordenanza municipal<\/a> que se estableci\u00f3 en base a la primera normativa espa\u00f1ola de contaminaci\u00f3n atmosf\u00e9rica. Es decir, no tienen un protocolo actualizado pero s\u00ed cuentan con un plan de acci\u00f3n ante situaciones de emergencia.\u00a0<\/p>\n<p style=\"text-align: justify;\">En otras, como las ciudades de Asturias o Galicia, el plan de actuaci\u00f3n <a href=\"https:\/\/medioambiente.asturias.es\/documents\/646140\/0\/PROTOCOLO_Episodios_contaminaci%C3%B3n_del_aire_Asturias.pdf\/da3381cd-115d-9364-aeac-7fa8af478c17\" target=\"_blank\" rel=\"noopener noreferrer nofollow\">lo establece el Gobierno auton\u00f3mico<\/a>. En el caso de Asturias el protocolo afecta a las ciudades de <strong>Oviedo <\/strong>y <strong>Gij\u00f3n<\/strong>, pero tambi\u00e9n incluye las zonas de Avil\u00e9s y Cuencas. Y entre los que a\u00fan no cuentan con un plan de acci\u00f3n a corto plazo hay algunos que ya est\u00e1n planteando su elaboraci\u00f3n, como el <a href=\"https:\/\/blogs.vitoria-gasteiz.org\/medios\/2023\/12\/07\/vitoria-gasteiz-aprueba-el-nuevo-plan-de-accion-para-la-mejora-de-la-calidad-del-aire\/\" target=\"_blank\" rel=\"noopener noreferrer nofollow\">ayuntamiento de Vitoria-Gasteiz<\/a>.<\/p>\n<h2 style=\"text-align: justify;\">\u00bfEl aire de las ciudades con m\u00e1s vegetaci\u00f3n est\u00e1 m\u00e1s limpio?<\/h2>\n<p style=\"text-align: justify;\">Es l\u00f3gico pensar que las <strong>zonas verdes <\/strong>de una ciudad son como \u2018pulmones\u2019 urbanos donde se \u2018limpia\u2019 el aire. \u00bfFuncionan realmente as\u00ed? Por lo general, s\u00ed: <strong>las plantas ayudan a mejorar la calidad del aire<\/strong> porque <strong>absorben gases nocivos<\/strong> y contaminantes y pueden reducir<strong> la concentraci\u00f3n de part\u00edculas en suspensi\u00f3n<\/strong>. Pero tambi\u00e9n puede hacer un efecto \u2018barrera\u2019, reteniendo la contaminaci\u00f3n en algunas zonas. Adem\u00e1s, los gases contaminantes que emiten los veh\u00edculos de combusti\u00f3n reaccionan con gases que libera la vegetaci\u00f3n de forma natural y, al interaccionar con la luz solar, generan otros gases da\u00f1inos, como el <a href=\"https:\/\/maldita.es\/clima\/20230626\/ozono-calor-ola-salud-muertes\/#:~:text=Es%20decir%2C%20mientras%20que%20el%20ozono%20estratosf%C3%A9rico%20es%20positivo%2C%20el%20ozono%20troposf%C3%A9rico%20da%C3%B1a%20nuestra%20salud.%20Y%20su%20concentraci%C3%B3n%20aumenta%20con%20el%20calor%20y%20por%20tanto%20sus%20efectos%20negativos%20en%20las%20personas.%20Os%20lo%20explicamos.\" target=\"_blank\" rel=\"noopener noreferrer nofollow\">ozono<\/a>.<\/p>\n<p style=\"text-align: justify;\">Roc\u00edo Alonso, ecotoxic\u00f3loga de la contaminaci\u00f3n atmosf\u00e9rica en el Centro de Investigaciones Energ\u00e9ticas, Medio Ambientales y Tecnol\u00f3gicas (<a href=\"http:\/\/rdgroups.ciemat.es\/web\/geca-ciemat\/equipo\" target=\"_blank\" rel=\"noopener noreferrer nofollow\">CIEMAT<\/a>) y maldita que nos ha prestado sus superpoderes, explica que el efecto de la plantas en la calidad del aire <strong>depende de d\u00f3nde est\u00e9n las fuentes emisoras<\/strong>. Si las plantas est\u00e1n apartadas de las fuentes, como un parque que no tiene mucho tr\u00e1fico, \u201cesta vegetaci\u00f3n supone <strong>una mejora de la calidad del aire<\/strong>\u201d.\u00a0<\/p>\n<p style=\"text-align: justify;\">Las plantas pueden<strong> absorber gases contaminantes<\/strong>, como el <a href=\"https:\/\/esajournals.onlinelibrary.wiley.com\/doi\/abs\/10.1002\/fee.1426\" target=\"_blank\" rel=\"noopener noreferrer nofollow\">mon\u00f3xido de carbono (CO), el ozono (O<sub>3<\/sub>), el di\u00f3xido de azufre (SO<sub>2<\/sub>) y los \u00f3xidos de nitr\u00f3geno<\/a> (NO<sub>X<\/sub>), a trav\u00e9s de sus <strong>estomas<\/strong>, unos poros min\u00fasculos en las hojas que las plantas usan para intercambiar gases durante la <a href=\"https:\/\/maldita.es\/malditaciencia\/20230728\/cactus-antirradiacion-no-protegen-ondas\/#:~:text=La%20fotos%C3%ADntesis%20es,380%2D750%20nm).\" target=\"_blank\" rel=\"noopener noreferrer nofollow\">fotos\u00edntesis<\/a>. Tambi\u00e9n pueden reducir la cantidad de <a href=\"https:\/\/maldita.es\/clima\/20230224\/consultorio-clima-contaminacion-tapones-emisiones\/#:~:text=part%C3%ADculas%20PM2%2C5%20y%20PM10\" target=\"_blank\" rel=\"noopener noreferrer nofollow\">part\u00edculas en suspensi\u00f3n<\/a> (PM) gracias a que las <a href=\"https:\/\/web.archive.org\/web\/20230926201618\/https:\/\/www.respiramadrid.org\/post\/vegetacion-urbana#:~:text=La%20vegetaci%C3%B3n%20urbana%20representa%20una%20multiplicaci%C3%B3n%20de%20la%20superficie%20de%20contacto%20con%20el%20aire%2C%20lo%20que%20favorece%20el%20dep%C3%B3sito%20seco%20de%20los%20contaminantes%20atmosf%C3%A9ricos\" target=\"_blank\" rel=\"noopener noreferrer nofollow\">hojas son una superficie de contacto<\/a> con el aire donde los contaminantes se pueden depositar, lo que se conoce como <a href=\"https:\/\/maldita.es\/clima\/20220316\/deposicion-seca-humeda-calima-sahara-peninsula\/#:~:text=En%20la%20seca,de%20barro%E2%80%9D.\" target=\"_blank\" rel=\"noopener noreferrer nofollow\"><strong>deposici\u00f3n seca<\/strong><\/a>: \u201cLas plantas retiran las PM del aire y bajan sus concentraciones\u201d, resume Alonso.<\/p>\n<p style=\"text-align: justify;\">\u201cPor eso<strong> es muy bueno poner vegetaci\u00f3n<\/strong> en parques infantiles, patios de colegio, residencias de ancianos, alrededores de hospitales\u2026 porque mejora la calidad del aire, adem\u00e1s de los otros <a href=\"https:\/\/www.isglobal.org\/healthisglobal\/-\/custom-blog-portlet\/espacios-verdes-un-recurso-para-la-salud-mental\/6113078\/0\" target=\"_blank\" rel=\"noopener noreferrer nofollow\">muchos beneficios de la vegetaci\u00f3n urbana<\/a>\u201d, precisa la experta. Esos otros impactos positivos son la <a href=\"https:\/\/www.isglobal.org\/healthisglobal\/-\/custom-blog-portlet\/espacios-verdes-un-recurso-para-la-salud-mental\/6113078\/0\" target=\"_blank\" rel=\"noopener noreferrer nofollow\">mejora de la salud mental<\/a>, la <a href=\"https:\/\/maldita.es\/clima\/20220801\/isla-calor-urbana-ciudad\/#:~:text=La%20vegetaci%C3%B3n%2C%20en%20cambio%2C%20reduce%20la%20isla%20de%20calor%20al%20bajar%20la%20temperatura%20con%20las%20sombras%20que%20proyectan%20y%20transformar%20la%20radiaci%C3%B3n%20solar%20en%20crecimiento%20para%20la%20propia%20planta.\" target=\"_blank\" rel=\"noopener noreferrer nofollow\">mitigaci\u00f3n del calor<\/a> y el <a href=\"https:\/\/onuhabitat.org.mx\/index.php\/siete-grandes-beneficios-de-los-arboles-urbanos#:~:text=1.%20Los%20%C3%A1rboles%20desempe%C3%B1an%20un%20papel%20importante%20en%20el%20aumento%20de%20la%20biodiversidad%20urbana%2C%20proporcionando%20plantas%20y%20animales%20con%20un%20h%C3%A1bitat%2C%20alimentos%20y%20protecci%C3%B3n%20favorables.\" target=\"_blank\" rel=\"noopener noreferrer nofollow\">aumento de la biodiversidad<\/a>.<\/p>\n<p style=\"text-align: justify;\">En cambio, Alonso precisa que si la zona verde tiene fuentes de contaminaci\u00f3n, como una calle con \u00e1rboles situada en una zona de mucho tr\u00e1fico, la <strong>vegetaci\u00f3n puede hacer de \u2018efecto barrera\u2019<\/strong> y \u201cno dejar que la calle se ventile bien\u201d. Esto conlleva que los gases contaminantes y las <a href=\"https:\/\/www.nature.com\/articles\/s41612-020-0115-3#:~:text=To%20minimise%20pedestrian%20exposure%2C%20the%20placement%20of%20abatement%20measures%20as%20near%20as%20practicable%20to%20traffic%2Drelated%20PM%20sources%20(i.e.%20proximate%20to%20the%20road)%20is%20recommended7%2C20%2C29%2C30%2C31%2C%20particularly%20for%20UFP%20deposition28.\" target=\"_blank\" rel=\"noopener noreferrer nofollow\">part\u00edculas<\/a> \u201c<strong>se queden atrapados y empeore la calidad del aire<\/strong> que respira la gente que va por la calle\u201d. Este \u2018efecto barrera\u2019 no es siempre negativo, pues al mismo tiempo protege otras zonas de esa misma contaminaci\u00f3n. Algo que se logra, por ejemplo, \u201cal colocar setos que separan el tr\u00e1fico de zonas de juego infantiles o zonas deportivas\u201d.<\/p>\n<p style=\"text-align: justify;\">Mar\u00eda Teresa Baeza, doctora en Qu\u00edmica especializada en contaminaci\u00f3n atmosf\u00e9rica y maldita que nos ha prestado sus superpoderes, agrega que las plantas tambi\u00e9n liberan de forma natural unos gases contaminantes, los <a href=\"https:\/\/blog.creaf.cat\/es\/conocimiento\/compuestos-organicos-volatiles-el-lenguaje-de-las-plantas\/#:~:text=Los%20COVs%20son%20sustancias%20qu%C3%ADmicas,contra%20insectos%20herb%C3%ADvoros%20y%20par%C3%A1sitos.\" target=\"_blank\" rel=\"noopener noreferrer nofollow\">compuestos org\u00e1nicos vol\u00e1tiles.<\/a> Si estos compuestos se combinan con los NO<sub>X<\/sub> producidos por la combusti\u00f3n a altas temperaturas (como en los <strong>motores gasolina o di\u00e9sel<\/strong>) y con la luz solar, \u201cpueden originar contaminantes <strong>muy da\u00f1inos para la salud<\/strong>, como es el <a href=\"https:\/\/nap.nationalacademies.org\/read\/1889\/chapter\/8#:~:text=Ozone%20(O3)%20is%20produced%20in%20the%20troposphere%20as%20a%20result%20of%20a%20complex%20set%20of%20reactions%20that%20involve%20volatile%20organic%20compounds%20(VOCs)%20and%20oxides%20of%20nitrogen%20(NOx)\" target=\"_blank\" rel=\"noopener noreferrer nofollow\">ozono<\/a>\u201d, explica.<\/p>\n<p style=\"text-align: justify;\">En definitiva, la vegetaci\u00f3n puede ser una aliada ante el problema de la calidad del aire de las ciudades. \u201cPero <strong>s\u00f3lo con plantar muchos \u00e1rboles no se va a solucionar, hay que disminuir las emisiones<\/strong>, que en el caso de Europa est\u00e1n generalmente ligadas al tr\u00e1fico\u201d.<\/p>\n<h2 style=\"text-align: justify;\">\u00bfCu\u00e1ndo es mejor ventilar la casa para que entre menos aire contaminado?<\/h2>\n<p style=\"text-align: justify;\">La contaminaci\u00f3n del aire <strong>entra en nuestras casas cuando ventilamos<\/strong>: si el aire del exterior est\u00e1 contaminado y abrimos las ventanas, se mezcla con el del interior. Pero <strong>no ventilar tampoco significa que la poluci\u00f3n se quede fuera<\/strong>, como advierte la doctora en Qu\u00edmica y profesora de la Universidad de Castilla la Mancha, Mar\u00eda Teresa Baeza Romero.\u00a0<\/p>\n<p style=\"text-align: justify;\">De hecho, Baeza se\u00f1ala que es muy importante hacerlo y lo define como \u201cuno de los factores cr\u00edticos en<strong> el mantenimiento de viviendas saludables<\/strong>\u201d. Al hacerlo, dejamos salir los <strong>contaminantes espec\u00edficos que <\/strong><a href=\"https:\/\/www.epa.gov\/indoor-air-quality-iaq\/inside-story-guide-indoor-air-quality#outdoor-air\" target=\"_blank\" rel=\"noopener noreferrer nofollow\"><strong>se generan en el interior<\/strong><\/a> de nuestros hogares derivados, por ejemplo, del uso de productos qu\u00edmicos para la limpieza, del cocinado de alimentos o residuos de la propia respiraci\u00f3n humana durante enfermedades infecciosas.<\/p>\n<p style=\"text-align: justify;\">Lo que aconseja la ecotoxic\u00f3loga de la contaminaci\u00f3n atmosf\u00e9rica en el <a href=\"https:\/\/rdgroups.ciemat.es\/web\/geca-ciemat\/equipo\" target=\"_blank\" rel=\"noopener noreferrer nofollow\">CIEMAT<\/a> Roc\u00edo Alonso es ventilar en los momentos del d\u00eda en que las concentraciones de<strong> contaminantes en el exterior son m\u00e1s bajas<\/strong>. En el caso de Madrid, por ejemplo, <a href=\"https:\/\/www.elmundo.es\/madrid\/2022\/01\/04\/61ce06a8fc6c8319238b45d9.html#:~:text=que%20se%20escoja-,\" target=\"_blank\" rel=\"noopener noreferrer nofollow\"><strong>los picos de contaminaci\u00f3n<\/strong><\/a> (de NO<sub>2<\/sub>) se dan por la ma\u00f1ana, a la hora punta de entrar a trabajar, por eso <strong>en invierno recomiendan ventilar a mediod\u00eda<\/strong>. Sin embargo, <strong>en verano <\/strong>hay un aumento al mediod\u00eda de otro contaminante (ozono, O<sub>3<\/sub>) que unido a las altas temperaturas hace que sea <strong>mejor ventilar por la noche o temprano por la ma\u00f1ana<\/strong>.\u00a0<\/p>\n<p style=\"text-align: justify;\">Son unos tiempos que permiten adem\u00e1s no comprometer la eficiencia energ\u00e9tica de nuestra vivienda, como se\u00f1ala el qu\u00edmico y especialista en sostenibilidad Miguel \u00c1ngel Mu\u00f1ecas, otro maldito que nos ha prestado sus superpoderes. Aqu\u00ed explicamos c\u00f3mo consultar la <a href=\"https:\/\/maldita.es\/clima\/20220530\/calidad-aire-medidor-visor\/\" target=\"_blank\" rel=\"noopener noreferrer nofollow\">calidad del aire del municipio en el que vives<\/a> en tiempo real.<\/p>\n<p style=\"text-align: justify;\">\u201c<strong>S\u00f3lo es recomendable dejar de ventilar<\/strong> cuando as\u00ed lo recomienden las autoridades sanitarias por <strong>episodios cr\u00edticos<\/strong> como incendios o vertidos accidentales\u201d, a\u00f1ade Miriam Catal\u00e1, investigadora del Instituto de Investigaci\u00f3n en Cambio Global y profesora en la Universidad Rey Juan Carlos.<\/p>\n<p style=\"text-align: justify;\"><em>En este art\u00edculo han colaborado con sus superpoderes los malditos Mar\u00eda Teresa Baeza, Roc\u00edo Alonso, Miguel \u00c1ngel Mu\u00f1ecas, Myriam Catal\u00e1 y Francesc Xavier Gim\u00e9nez.<\/em><\/p>\n<p style=\"text-align: justify;\"><em>Baeza, Alonso y Catal\u00e1 forman parte de <\/em><a href=\"https:\/\/maldita.es\/superpoderosas\/\" target=\"_blank\" rel=\"noopener noreferrer nofollow\"><em>Superpoderosas<\/em><\/a><em>, un proyecto de <\/em><a href=\"https:\/\/Maldita.es\" target=\"_blank\" rel=\"noopener noreferrer nofollow\"><em>Maldita.es<\/em><\/a><em> que busca aumentar la presencia de cient\u00edficas y expertas en el discurso p\u00fablico a trav\u00e9s de la colaboraci\u00f3n en la lucha contra la desinformaci\u00f3n.<\/em><\/p>\n<p style=\"text-align: justify;\"><em>Gracias a vuestros superpoderes, conocimientos y experiencia podemos luchar m\u00e1s y mejor contra la mentira. La comunidad de <\/em><a href=\"https:\/\/Maldita.es\" target=\"_blank\" rel=\"noopener noreferrer nofollow\"><em>Maldita.es<\/em><\/a><em> sois imprescindibles para parar la desinformaci\u00f3n. Ay\u00fadanos en esta batalla:<\/em><a href=\"https:\/\/api.whatsapp.com\/send?phone=34644229319&amp;text=&amp;source=&amp;data=&amp;app_absent=\" target=\"_blank\" rel=\"noopener noreferrer nofollow\"><em> m\u00e1ndanos los bulos que te lleguen a nuestro servicio de Whatsapp<\/em><\/a><em>,<\/em><a href=\"https:\/\/comunidad.maldita.es\/u\/comparte-superpoderes\" target=\"_blank\" rel=\"noopener noreferrer nofollow\"><em> pr\u00e9stanos tus superpoderes<\/em><\/a><em>, difunde nuestros desmentidos y<\/em><a href=\"http:\/\/comunidad.maldita.es\/\" target=\"_blank\" rel=\"noopener noreferrer nofollow\"><em> hazte Embajador<\/em><\/a><em>.<\/em><\/p>\n<\/div>\n<\/div>\n<\/div>\n<\/div>\n<\/div>\n","protected":false},"excerpt":{"rendered":"<p>\u00a0Consultorio 23\u00ba de Maldito Clima, especial \u2018respirar en la ciudad\u2019 Respirar es una acci\u00f3n autom\u00e1tica&#8230;<\/p>\n","protected":false},"author":1,"featured_media":67552,"comment_status":"closed","ping_status":"closed","sticky":false,"template":"","format":"standard","meta":{"_coblocks_attr":"","_coblocks_dimensions":"","_coblocks_responsive_height":"","_coblocks_accordion_ie_support":"","jetpack_post_was_ever_published":false,"_jetpack_newsletter_access":"","_jetpack_dont_email_post_to_subs":false,"_jetpack_newsletter_tier_id":0,"_jetpack_memberships_contains_paywalled_content":false,"_jetpack_memberships_contains_paid_content":false,"footnotes":"","jetpack_publicize_message":"","jetpack_publicize_feature_enabled":true,"jetpack_social_post_already_shared":true,"jetpack_social_options":{"image_generator_settings":{"template":"highway","default_image_id":0,"enabled":false},"version":2}},"categories":[1161,44,6937],"tags":[],"class_list":["post-67551","post","type-post","status-publish","format-standard","has-post-thumbnail","hentry","category-ciudadania","category-noticias-de-hoy","category-sociedad"],"jetpack_publicize_connections":[],"jetpack_featured_media_url":"https:\/\/i0.wp.com\/miradordeatarfe.es\/wp-content\/uploads\/2024\/03\/65d8b9a260bccimage1-png.webp?fit=1600%2C675&ssl=1","jetpack_likes_enabled":true,"jetpack_sharing_enabled":true,"_links":{"self":[{"href":"https:\/\/miradordeatarfe.es\/index.php?rest_route=\/wp\/v2\/posts\/67551","targetHints":{"allow":["GET"]}}],"collection":[{"href":"https:\/\/miradordeatarfe.es\/index.php?rest_route=\/wp\/v2\/posts"}],"about":[{"href":"https:\/\/miradordeatarfe.es\/index.php?rest_route=\/wp\/v2\/types\/post"}],"author":[{"embeddable":true,"href":"https:\/\/miradordeatarfe.es\/index.php?rest_route=\/wp\/v2\/users\/1"}],"replies":[{"embeddable":true,"href":"https:\/\/miradordeatarfe.es\/index.php?rest_route=%2Fwp%2Fv2%2Fcomments&post=67551"}],"version-history":[{"count":1,"href":"https:\/\/miradordeatarfe.es\/index.php?rest_route=\/wp\/v2\/posts\/67551\/revisions"}],"predecessor-version":[{"id":67553,"href":"https:\/\/miradordeatarfe.es\/index.php?rest_route=\/wp\/v2\/posts\/67551\/revisions\/67553"}],"wp:featuredmedia":[{"embeddable":true,"href":"https:\/\/miradordeatarfe.es\/index.php?rest_route=\/wp\/v2\/media\/67552"}],"wp:attachment":[{"href":"https:\/\/miradordeatarfe.es\/index.php?rest_route=%2Fwp%2Fv2%2Fmedia&parent=67551"}],"wp:term":[{"taxonomy":"category","embeddable":true,"href":"https:\/\/miradordeatarfe.es\/index.php?rest_route=%2Fwp%2Fv2%2Fcategories&post=67551"},{"taxonomy":"post_tag","embeddable":true,"href":"https:\/\/miradordeatarfe.es\/index.php?rest_route=%2Fwp%2Fv2%2Ftags&post=67551"}],"curies":[{"name":"wp","href":"https:\/\/api.w.org\/{rel}","templated":true}]}}