{"id":67555,"date":"2024-03-04T10:32:11","date_gmt":"2024-03-04T09:32:11","guid":{"rendered":"https:\/\/miradordeatarfe.es\/?p=67555"},"modified":"2024-03-01T20:35:49","modified_gmt":"2024-03-01T19:35:49","slug":"si-me-dan-a-elegir-me-quedo-contigo-me-quedo-con-la-publica","status":"publish","type":"post","link":"https:\/\/miradordeatarfe.es\/?p=67555","title":{"rendered":"Si me dan a elegir, me quedo contigo \u00a1Me quedo con la P\u00fablica!"},"content":{"rendered":"<p style=\"text-align: justify;\"><strong>Ya lleg\u00f3 el 1 de marzo, d\u00eda en el que se vuelve a abrir el periodo de matriculaci\u00f3n de los alumnos y alumnas en los centros educativos andaluces. Y, como cada curso, desde USTEA apostamos por promover y animar a que se elija la Escuela P\u00fablica, la escuela de todos y todas, para todos y todas.<\/strong><\/p>\n<p style=\"text-align: justify;\"><strong>La educaci\u00f3n es un derecho universal\u00a0<\/strong>seg\u00fan nuestra propia constituci\u00f3n e incluso por la ONU y la UNESCO,\u00a0<strong>por lo que una sociedad democr\u00e1tica y del conocimiento debe garantizarlo mediante un servicio p\u00fablico que permita ejercerlo en condiciones de igualdad.<\/strong>\u00a0Creemos que es fundamental defender la escuela p\u00fablica como la \u00fanica capaz de garantizar este derecho sin ning\u00fan tipo de discriminaci\u00f3n de origen social o cultural, por razones de creencias, de sexo, de orientaci\u00f3n sexual o cualquier otra cuesti\u00f3n de car\u00e1cter personal.\u00a0<strong>En definitiva, construir y defender la escuela p\u00fablica se convierte en una apuesta por el derecho fundamental a la educaci\u00f3n en condiciones democr\u00e1ticas y de igualdad<\/strong>, independientemente de la procedencia socio-cultural, una educaci\u00f3n que d\u00e9 respuesta a los retos de la sociedad actual.\u00a0<\/p>\n<p style=\"text-align: justify;\"><strong>\u00bfPor qu\u00e9 defendemos la matriculaci\u00f3n en la escuela p\u00fablica?<\/strong><\/p>\n<p style=\"text-align: justify;\">Defendemos la matriculaci\u00f3n en la escuela p\u00fablica por varias razones fundamentales:<\/p>\n<ol style=\"text-align: justify;\">\n<li><strong>Pluralidad y Diversidad<\/strong>: La escuela p\u00fablica refleja la diversidad cultural y social de la sociedad, garantizando as\u00ed una educaci\u00f3n que fomente el conocimiento y el respeto hacia las diferencias.<\/li>\n<li><strong>Democracia y Participaci\u00f3n<\/strong>: La gesti\u00f3n p\u00fablica de la escuela permite una participaci\u00f3n democr\u00e1tica de la comunidad educativa, lo que contribuye a fortalecer la cultura de la participaci\u00f3n y la cohesi\u00f3n social.<\/li>\n<li><strong>Inclusi\u00f3n y No Discriminaci\u00f3n<\/strong>: La escuela p\u00fablica acoge a todos y todas, sin importar su origen \u00e9tnico, cultural, social, f\u00edsico, intelectual, orientaci\u00f3n sexual o creencias religiosas, promoviendo la inclusi\u00f3n y rechazando la exclusi\u00f3n.<\/li>\n<li><strong>Educaci\u00f3n en Igualdad y Diversidad<\/strong>: La escuela p\u00fablica promueve la igualdad y valora la diversidad como un activo positivo, reconociendo el derecho a ser diferente y aceptando esta diversidad como parte integral de la sociedad.<\/li>\n<li><strong>Coeducaci\u00f3n<\/strong>: La escuela p\u00fablica trabaja por educar en igualdad entre g\u00e9neros, fomentando la coeducaci\u00f3n como herramienta para combatir estereotipos de g\u00e9nero y promover la equidad.<\/li>\n<li><strong>Fomento del Pensamiento Cr\u00edtico<\/strong>: La escuela p\u00fablica estimula el pensamiento cr\u00edtico y la investigaci\u00f3n, alentando a los ni\u00f1os y ni\u00f1as a ser activos en la construcci\u00f3n de su propio conocimiento y cultura, y promoviendo la interacci\u00f3n con el entorno para generar cambios positivos.<\/li>\n<li><strong>Creatividad e Innovaci\u00f3n<\/strong>: La escuela p\u00fablica busca constantemente la mejora y la innovaci\u00f3n en su pr\u00e1ctica educativa, fomentando la creatividad tanto en alumnado como en docentes.<\/li>\n<li><strong>Calidad y Servicios P\u00fablicos<\/strong>: La escuela p\u00fablica ofrece una educaci\u00f3n de calidad y una amplia gama de servicios para atender las necesidades de la comunidad educativa, garantizando un acceso equitativo a la educaci\u00f3n.<\/li>\n<li><strong>Condiciones Laborales Justas<\/strong>: La escuela p\u00fablica proporciona condiciones laborales justas para su personal, con criterios de selecci\u00f3n transparentes y programas de formaci\u00f3n continua que previenen el adoctrinamiento y garantizan la diversidad de perspectivas.<\/li>\n<li><strong>Gratuidad<\/strong>: La escuela p\u00fablica es gratuita y accesible para todos y todas, independientemente de su situaci\u00f3n econ\u00f3mica, lo que asegura la igualdad de oportunidades en el acceso a la educaci\u00f3n.<\/li>\n<\/ol>\n<p style=\"text-align: justify;\">Este a\u00f1o, nuestra campa\u00f1a de matriculaci\u00f3n en la escuela p\u00fablica se centra en destacar la realidad de los centros educativos y el compromiso de los docentes en Andaluc\u00eda. Nos hemos dedicado a recorrer numerosos centros, donde hemos sido testigos de la profesionalidad, la vocaci\u00f3n y la singularidad de cada uno de ellos. En este proceso, hemos podido evidenciar c\u00f3mo se aprovechan eficientemente los recursos disponibles para ofrecer una educaci\u00f3n inclusiva y de calidad.<\/p>\n<p style=\"text-align: justify;\">A lo largo de nuestras visitas, hemos sido testigos de la calidad humana que impregna cada rinc\u00f3n de la Escuela P\u00fablica. En cada comunidad educativa hemos encontrado un compromiso palpable con la educaci\u00f3n y un profundo amor por lo que hacen. Cada centro educativo que hemos visitado nos ha mostrado un entorno en el que se respira el verdadero esp\u00edritu de la Escuela P\u00fablica, d\u00f3nde se promueve la inclusi\u00f3n, la diversidad, el respeto y todos esos valores que son tan necesarios en esta Sociedad.<\/p>\n<p style=\"text-align: justify;\">Queremos expresar nuestro m\u00e1s sincero agradecimiento a todos y cada uno de los Centros educativos que hemos tenido el privilegio de visitar. Su implicaci\u00f3n y su dedicaci\u00f3n son un verdadero ejemplo de compromiso con la Educaci\u00f3n P\u00fablica. Agradecemos a todos y todas las profesionales que forman parte de estos centros y sus comunidades educativas por creer en la Escuela P\u00fablica con el coraz\u00f3n y por trabajar incansablemente para ofrecer a las ni\u00f1as y ni\u00f1os andaluces las mejores oportunidades de aprendizaje y desarrollo. Juntas, estamos construyendo un futuro mejor para nuestros hijos e hijas y para nuestra Sociedad de la mano de la Educaci\u00f3n P\u00fablica.<\/p>\n<h3 class=\"wp-block-heading\">Si me dan a elegir, me quedo contigo \u00a1Me quedo con la P\u00fablica!<\/h3>\n","protected":false},"excerpt":{"rendered":"<p>Ya lleg\u00f3 el 1 de marzo, d\u00eda en el que se vuelve a abrir el&#8230;<\/p>\n","protected":false},"author":1,"featured_media":67556,"comment_status":"closed","ping_status":"closed","sticky":false,"template":"","format":"standard","meta":{"_coblocks_attr":"","_coblocks_dimensions":"","_coblocks_responsive_height":"","_coblocks_accordion_ie_support":"","jetpack_post_was_ever_published":false,"_jetpack_newsletter_access":"","_jetpack_dont_email_post_to_subs":false,"_jetpack_newsletter_tier_id":0,"_jetpack_memberships_contains_paywalled_content":false,"_jetpack_memberships_contains_paid_content":false,"footnotes":"","jetpack_publicize_message":"","jetpack_publicize_feature_enabled":true,"jetpack_social_post_already_shared":true,"jetpack_social_options":{"image_generator_settings":{"template":"highway","default_image_id":0,"enabled":false},"version":2}},"categories":[187,1161,44],"tags":[],"class_list":["post-67555","post","type-post","status-publish","format-standard","has-post-thumbnail","hentry","category-centros-educativos","category-ciudadania","category-noticias-de-hoy"],"jetpack_publicize_connections":[],"jetpack_featured_media_url":"https:\/\/i0.wp.com\/miradordeatarfe.es\/wp-content\/uploads\/2024\/03\/captura-de-pantalla-2024-02-25-a-las-22-29-43-1-1536x890-1.jpg?fit=1536%2C890&ssl=1","jetpack_likes_enabled":true,"jetpack_sharing_enabled":true,"_links":{"self":[{"href":"https:\/\/miradordeatarfe.es\/index.php?rest_route=\/wp\/v2\/posts\/67555","targetHints":{"allow":["GET"]}}],"collection":[{"href":"https:\/\/miradordeatarfe.es\/index.php?rest_route=\/wp\/v2\/posts"}],"about":[{"href":"https:\/\/miradordeatarfe.es\/index.php?rest_route=\/wp\/v2\/types\/post"}],"author":[{"embeddable":true,"href":"https:\/\/miradordeatarfe.es\/index.php?rest_route=\/wp\/v2\/users\/1"}],"replies":[{"embeddable":true,"href":"https:\/\/miradordeatarfe.es\/index.php?rest_route=%2Fwp%2Fv2%2Fcomments&post=67555"}],"version-history":[{"count":1,"href":"https:\/\/miradordeatarfe.es\/index.php?rest_route=\/wp\/v2\/posts\/67555\/revisions"}],"predecessor-version":[{"id":67557,"href":"https:\/\/miradordeatarfe.es\/index.php?rest_route=\/wp\/v2\/posts\/67555\/revisions\/67557"}],"wp:featuredmedia":[{"embeddable":true,"href":"https:\/\/miradordeatarfe.es\/index.php?rest_route=\/wp\/v2\/media\/67556"}],"wp:attachment":[{"href":"https:\/\/miradordeatarfe.es\/index.php?rest_route=%2Fwp%2Fv2%2Fmedia&parent=67555"}],"wp:term":[{"taxonomy":"category","embeddable":true,"href":"https:\/\/miradordeatarfe.es\/index.php?rest_route=%2Fwp%2Fv2%2Fcategories&post=67555"},{"taxonomy":"post_tag","embeddable":true,"href":"https:\/\/miradordeatarfe.es\/index.php?rest_route=%2Fwp%2Fv2%2Ftags&post=67555"}],"curies":[{"name":"wp","href":"https:\/\/api.w.org\/{rel}","templated":true}]}}