{"id":67566,"date":"2024-03-04T11:35:53","date_gmt":"2024-03-04T10:35:53","guid":{"rendered":"https:\/\/miradordeatarfe.es\/?p=67566"},"modified":"2024-03-02T14:36:13","modified_gmt":"2024-03-02T13:36:13","slug":"querida-montijano-por-remedios-sanchez","status":"publish","type":"post","link":"https:\/\/miradordeatarfe.es\/?p=67566","title":{"rendered":"\u00abQUERIDA MONTIJANO\u00bb por Remedios S\u00e1nchez"},"content":{"rendered":"<h3 style=\"text-align: justify;\">Como el \u00faltimo viento fr\u00edo cuando desdibuja los perfiles del invierno en las noches sin luna te nos has ido, Dolores Montijano, despacio y en silencio, con la discreci\u00f3n elegante que ha caracterizado tu forma de vivir.<\/h3>\n<p style=\"text-align: justify;\">Y, sin embargo, sab\u00edamos que estabas; bastaba escuchar tu voz honda, esa risa musical y arm\u00f3nica para tener la certeza del color, de las texturas, el olor a tinta, a aguafuerte o a acetatos en las planchas bien dispuestas en tu estudio. Enmedio, t\u00fa sentada, con un cigarrillo entre los labios y otro encendido de reserva, observabas el proceso, grabadora de talento infinito, el buril en la mano y los ojos fijos en algo que s\u00f3lo t\u00fa ve\u00edas. Despu\u00e9s, la magia, el misterio abstracto, un paisaje tal vez (el que percib\u00edamos quienes s\u00f3lo atisb\u00e1bamos la superficie del arte), las manchas delimitando los espacios de sombra o luz que distingu\u00edas t\u00fa, antes de decidir qu\u00e9 singularidad le a\u00f1adir\u00edas para romper la supuesta normalidad del grabado, para aportarle tu genialidad.<\/p>\n<p style=\"text-align: justify;\"><a href=\"https:\/\/i0.wp.com\/miradordeatarfe.es\/wp-content\/uploads\/2024\/03\/MONTIJANOBUENA-kiSE-U2101666275716OfF-1200x840%40Ideal.webp?ssl=1\"><img data-recalc-dims=\"1\" loading=\"lazy\" decoding=\"async\" class=\"wp-image-67568 size-large alignleft\" src=\"https:\/\/i0.wp.com\/miradordeatarfe.es\/wp-content\/uploads\/2024\/03\/MONTIJANOBUENA-kiSE-U2101666275716OfF-1200x840%40Ideal.webp?resize=640%2C448&#038;ssl=1\" alt=\"\" width=\"640\" height=\"448\" srcset=\"https:\/\/i0.wp.com\/miradordeatarfe.es\/wp-content\/uploads\/2024\/03\/MONTIJANOBUENA-kiSE-U2101666275716OfF-1200x840%40Ideal.webp?resize=1024%2C717&amp;ssl=1 1024w, https:\/\/i0.wp.com\/miradordeatarfe.es\/wp-content\/uploads\/2024\/03\/MONTIJANOBUENA-kiSE-U2101666275716OfF-1200x840%40Ideal.webp?resize=300%2C210&amp;ssl=1 300w, https:\/\/i0.wp.com\/miradordeatarfe.es\/wp-content\/uploads\/2024\/03\/MONTIJANOBUENA-kiSE-U2101666275716OfF-1200x840%40Ideal.webp?resize=768%2C538&amp;ssl=1 768w, https:\/\/i0.wp.com\/miradordeatarfe.es\/wp-content\/uploads\/2024\/03\/MONTIJANOBUENA-kiSE-U2101666275716OfF-1200x840%40Ideal.webp?w=1200&amp;ssl=1 1200w\" sizes=\"auto, (max-width: 640px) 100vw, 640px\" \/><\/a>Y las formas, Montijano, no me olvido de las formas: que donde yo intu\u00eda una monta\u00f1a nevada, t\u00fa, resignada, me explicabas pacientemente que ten\u00eda delante un entramado de telara\u00f1as en una pared y eso provocaba instantes imborrables porque nos dejabas entre la risa c\u00f3mplice y la incredulidad, entre la sorpresa y la constataci\u00f3n de que tu universo trascend\u00eda al nuestro, que era otro m\u00e1s rico. Tal vez el de aquel Par\u00eds de tu juventud cuando Picasso se acerc\u00f3 para observar la pintura que expon\u00edas en el homenaje a Rusi\u00f1ol y hablasteis de libertad; o el posterior, el de la fraternidad de cultura abierta que fue la Granada de los excepcionales a\u00f1os setenta y ochenta, con Jos\u00e9 Garc\u00eda de Lomas -maestro grabador en la Fundaci\u00f3n Rodr\u00edguez-Acosta- o, despu\u00e9s, con el \u2018Grupo Q\u2019 o el \u2018Taller del Realejo\u2019. Aquella etapa no la conoc\u00ed, pero os escuchaba a ti y a Mariluz Escribano (hay hermandades irrompibles, eternas) hablar de Maureen Luc\u00eda Booth, de Teiko Mori o de Manini Xim\u00e9nez de Cisneros y era como acercarse a una historia fascinante que debiera estar en los libros de arte. Pioneras abriendo camino, mujeres fuertes construyendo el futuro entre miradas c\u00f3mplices, remando a favor de la modernidad con todo en contra. Era el tiempo, tambi\u00e9n, de Juan de Loxa, de Claudio S\u00e1nchez Muros, de Paco Izquierdo o Cayetano An\u00edbal, de tantos que se fueron antes y que siguen siendo insustituibles.<\/p>\n<p style=\"text-align: justify;\">Ahora te has marchado t\u00fa, que eras epicentro \u00faltimo de reuniones en el balc\u00f3n florido y amical de tu casa, en esos atardeceres de tertulia y helados de \u2018Los Italianos\u2019 (cortes\u00eda de Claudio) con los pastelillos de Mariluz; mientras, entre an\u00e9cdota y an\u00e9cdota, imaginabas y explicabas c\u00f3mo quedar\u00eda el alquitr\u00e1n en el cuadro de gran formato que, instintivamente, hab\u00edas dise\u00f1ado en tu cabeza.<\/p>\n<p style=\"text-align: justify;\">Ay, querida Dolores, qu\u00e9 sensaci\u00f3n de tristeza apesadumbrada para quienes vamos perdiendo referentes y afectos verdaderos y, de pronto, ya estamos en primera l\u00ednea de mar. Hoy escribo sentada frente a uno de tus \u00f3leos, aquella ventana de tonos alegres, y pienso en ti, en vosotros juntos y en qu\u00e9 estar\u00e9is ideando. Qu\u00e9date tranquila: tus hijas cuidar\u00e1n tu legado prodigioso y las apoyaremos. Ah, por cierto, no cojas las llaves de san Pedro para colocarlas en una performance, que nos conocemos&#8230; Un beso, Montijano. Hasta la vista, amiga. No te olvides de que te querremos siempre.<\/p>\n<p>FOTO: MCV EN GRANADINAS POR LA LIBERTAD 2 (2019)<\/p>\n<p>&nbsp;<\/p>\n","protected":false},"excerpt":{"rendered":"<p>Como el \u00faltimo viento fr\u00edo cuando desdibuja los perfiles del invierno en las noches sin&#8230;<\/p>\n","protected":false},"author":1,"featured_media":67567,"comment_status":"closed","ping_status":"closed","sticky":false,"template":"","format":"standard","meta":{"_coblocks_attr":"","_coblocks_dimensions":"","_coblocks_responsive_height":"","_coblocks_accordion_ie_support":"","jetpack_post_was_ever_published":false,"_jetpack_newsletter_access":"","_jetpack_dont_email_post_to_subs":false,"_jetpack_newsletter_tier_id":0,"_jetpack_memberships_contains_paywalled_content":false,"_jetpack_memberships_contains_paid_content":false,"footnotes":"","jetpack_publicize_message":"","jetpack_publicize_feature_enabled":true,"jetpack_social_post_already_shared":true,"jetpack_social_options":{"image_generator_settings":{"template":"highway","default_image_id":0,"enabled":false},"version":2}},"categories":[14,44,6914,6937],"tags":[],"class_list":["post-67566","post","type-post","status-publish","format-standard","has-post-thumbnail","hentry","category-feminismo","category-noticias-de-hoy","category-opinion-de-reme-sanchez","category-sociedad"],"jetpack_publicize_connections":[],"jetpack_featured_media_url":"https:\/\/i0.wp.com\/miradordeatarfe.es\/wp-content\/uploads\/2024\/03\/P1120848.jpg?fit=2048%2C1536&ssl=1","jetpack_likes_enabled":true,"jetpack_sharing_enabled":true,"_links":{"self":[{"href":"https:\/\/miradordeatarfe.es\/index.php?rest_route=\/wp\/v2\/posts\/67566","targetHints":{"allow":["GET"]}}],"collection":[{"href":"https:\/\/miradordeatarfe.es\/index.php?rest_route=\/wp\/v2\/posts"}],"about":[{"href":"https:\/\/miradordeatarfe.es\/index.php?rest_route=\/wp\/v2\/types\/post"}],"author":[{"embeddable":true,"href":"https:\/\/miradordeatarfe.es\/index.php?rest_route=\/wp\/v2\/users\/1"}],"replies":[{"embeddable":true,"href":"https:\/\/miradordeatarfe.es\/index.php?rest_route=%2Fwp%2Fv2%2Fcomments&post=67566"}],"version-history":[{"count":1,"href":"https:\/\/miradordeatarfe.es\/index.php?rest_route=\/wp\/v2\/posts\/67566\/revisions"}],"predecessor-version":[{"id":67569,"href":"https:\/\/miradordeatarfe.es\/index.php?rest_route=\/wp\/v2\/posts\/67566\/revisions\/67569"}],"wp:featuredmedia":[{"embeddable":true,"href":"https:\/\/miradordeatarfe.es\/index.php?rest_route=\/wp\/v2\/media\/67567"}],"wp:attachment":[{"href":"https:\/\/miradordeatarfe.es\/index.php?rest_route=%2Fwp%2Fv2%2Fmedia&parent=67566"}],"wp:term":[{"taxonomy":"category","embeddable":true,"href":"https:\/\/miradordeatarfe.es\/index.php?rest_route=%2Fwp%2Fv2%2Fcategories&post=67566"},{"taxonomy":"post_tag","embeddable":true,"href":"https:\/\/miradordeatarfe.es\/index.php?rest_route=%2Fwp%2Fv2%2Ftags&post=67566"}],"curies":[{"name":"wp","href":"https:\/\/api.w.org\/{rel}","templated":true}]}}