{"id":67575,"date":"2024-03-05T08:33:03","date_gmt":"2024-03-05T07:33:03","guid":{"rendered":"https:\/\/miradordeatarfe.es\/?p=67575"},"modified":"2024-03-03T17:42:16","modified_gmt":"2024-03-03T16:42:16","slug":"por-que-olvidar-es-una-funcion-normal-de-la-memoria-y-cuando-hay-que-preocuparse","status":"publish","type":"post","link":"https:\/\/miradordeatarfe.es\/?p=67575","title":{"rendered":"Por qu\u00e9 olvidar es una funci\u00f3n normal de la memoria (y cu\u00e1ndo hay que preocuparse)"},"content":{"rendered":"<div class=\"bbc-1cvxiy9\"><main class=\"bbc-fa0wmp\" role=\"main\"><\/p>\n<div class=\"bbc-19j92fr ebmt73l0\" dir=\"ltr\">\n<h3 class=\"bbc-hhl7in e17g058b0\" dir=\"ltr\" style=\"text-align: justify;\"><b>Olvidar en el d\u00eda a d\u00eda puede resultar molesto o, a medida que envejecemos, un poco aterrador. Pero es una parte normal de la memoria, que nos permite seguir adelante o dejar espacio para nueva informaci\u00f3n.<\/b><\/h3>\n<\/div>\n<div class=\"bbc-19j92fr ebmt73l0\" dir=\"ltr\" style=\"text-align: justify;\">\n<p class=\"bbc-hhl7in e17g058b0\" dir=\"ltr\">De hecho, nuestros recuerdos no son tan fiables como creemos. Pero \u00bfqu\u00e9 nivel de olvido es normal? \u00bfEs normal confundir los nombres de pa\u00edses, como hizo hace poco el presidente de Estados Unidos, Joe Biden? Veamos las pruebas.<\/p>\n<\/div>\n<div class=\"bbc-19j92fr ebmt73l0\" dir=\"ltr\" style=\"text-align: justify;\">\n<p class=\"bbc-hhl7in e17g058b0\" dir=\"ltr\">Cuando recordamos algo, nuestro cerebro necesita aprenderlo (codificarlo), mantenerlo a salvo (almacenarlo) y recuperarlo cuando lo necesita. El olvido puede producirse en cualquier momento de este proceso.<\/p>\n<\/div>\n<div class=\"bbc-19j92fr ebmt73l0\" dir=\"ltr\" style=\"text-align: justify;\">\n<p class=\"bbc-hhl7in e17g058b0\" dir=\"ltr\"><b>Cuando la informaci\u00f3n sensorial llega por primera vez al cerebro, no podemos procesarla toda.<\/b> En lugar de eso, utilizamos nuestra atenci\u00f3n para filtrar la informaci\u00f3n de modo que podamos identificar y procesar lo que es importante. Por eso, cuando codificamos nuestras experiencias, lo hacemos sobre todo con aquello a lo que prestamos atenci\u00f3n.<\/p>\n<\/div>\n<section class=\"bbc-geybui\" role=\"region\" aria-label=\"Publicidad 2\" aria-hidden=\"true\" data-e2e=\"advertisement\"><\/section>\n<div class=\"bbc-19j92fr ebmt73l0\" dir=\"ltr\" style=\"text-align: justify;\">\n<p class=\"bbc-hhl7in e17g058b0\" dir=\"ltr\">Si alguien se presenta en una cena mientras estamos enfocados en otra cosa, nunca codificamos su nombre. Es un fallo de la memoria (olvido), pero es normal y muy com\u00fan.<\/p>\n<\/div>\n<div class=\"bbc-19j92fr ebmt73l0\" dir=\"ltr\" style=\"text-align: justify;\">\n<h2 id=\"La-importancia-del-ensayo\" class=\"bbc-1f03ibc eglt09e0\" tabindex=\"-1\">La importancia del ensayo<\/h2>\n<\/div>\n<div class=\"bbc-19j92fr ebmt73l0\" dir=\"ltr\" style=\"text-align: justify;\">\n<p class=\"bbc-hhl7in e17g058b0\" dir=\"ltr\">Los h\u00e1bitos y la estructura, como poner siempre las llaves en el mismo sitio para no tener que codificar su ubicaci\u00f3n, pueden ayudarnos a evitar este problema.<\/p>\n<\/div>\n<div class=\"bbc-19j92fr ebmt73l0\" dir=\"ltr\" style=\"text-align: justify;\">\n<p class=\"bbc-hhl7in e17g058b0\" dir=\"ltr\">El ensayo tambi\u00e9n es importante para la memoria. Si no lo utilizamos, lo perdemos. <b>Los recuerdos que m\u00e1s duran son los que hemos ensayado y repetido muchas veces<\/b> (aunque a menudo adaptamos el recuerdo con cada repetici\u00f3n, y es probable que recordemos el \u00faltimo ensayo m\u00e1s que el suceso en s\u00ed).<\/p>\n<\/div>\n<div class=\"bbc-19j92fr ebmt73l0\" dir=\"ltr\" style=\"text-align: justify;\">\n<p class=\"bbc-hhl7in e17g058b0\" dir=\"ltr\">En la d\u00e9cada de 1880, el psic\u00f3logo alem\u00e1n Hermann Ebbinghaus ense\u00f1\u00f3 a la gente s\u00edlabas sin sentido que nunca hab\u00edan o\u00eddo antes y observ\u00f3 cu\u00e1nto recordaban con el tiempo. <b>Demostr\u00f3 que, sin ensayo, la mayor parte de nuestra memoria se desvanece en uno o dos d\u00edas. <\/b><\/p>\n<\/div>\n<div class=\"bbc-19j92fr ebmt73l0\" dir=\"ltr\" style=\"text-align: justify;\">\n<p class=\"bbc-hhl7in e17g058b0\" dir=\"ltr\">Sin embargo, si la gente ensayaba las s\u00edlabas repiti\u00e9ndolas a intervalos regulares, aumentaba de forma dr\u00e1stica el n\u00famero de s\u00edlabas que se pod\u00edan recordar durante m\u00e1s de un d\u00eda.<\/p>\n<\/div>\n<div class=\"bbc-19j92fr ebmt73l0\" dir=\"ltr\" style=\"text-align: justify;\">\n<p class=\"bbc-hhl7in e17g058b0\" dir=\"ltr\"><b>Esta necesidad de ensayar puede ser otra causa de olvido cotidiano<\/b>. Cuando vamos al supermercado, codificamos d\u00f3nde aparcamos el auto, pero al entrar en la tienda estamos ocupados ensayando otras cosas que tenemos que recordar (la lista de la compra). Como resultado, podemos olvidar la ubicaci\u00f3n del carro.<\/p>\n<\/div>\n<div class=\"bbc-19j92fr ebmt73l0\" dir=\"ltr\" style=\"text-align: justify;\">\n<p class=\"bbc-hhl7in e17g058b0\" dir=\"ltr\">Esto nos muestra otra caracter\u00edstica del olvido. <b>Podemos olvidar informaci\u00f3n concreta, pero recordar lo esencial.<\/b><\/p>\n<\/div>\n<div class=\"bbc-19j92fr ebmt73l0\" dir=\"ltr\" style=\"text-align: justify;\">\n<p class=\"bbc-hhl7in e17g058b0\" dir=\"ltr\">Cuando salimos de la tienda y nos damos cuenta de que no recordamos d\u00f3nde hemos aparcado el coche, probablemente recordemos si estaba a la izquierda o a la derecha de la puerta de la tienda, en el extremo del aparcamiento o en el centro.<\/p>\n<\/div>\n<div class=\"bbc-19j92fr ebmt73l0\" dir=\"ltr\" style=\"text-align: justify;\">\n<p class=\"bbc-hhl7in e17g058b0\" dir=\"ltr\">As\u00ed, en lugar de tener que recorrer todo el aparcamiento para encontrarlo, podemos buscar en una zona delimitada.<\/p>\n<\/div>\n<figure class=\"bbc-1qn0xuy\" style=\"text-align: justify;\">\n<div class=\"bbc-150aj0n\"><picture><img data-recalc-dims=\"1\" loading=\"lazy\" decoding=\"async\" class=\"bbc-139onq\" src=\"https:\/\/i0.wp.com\/ichef.bbci.co.uk\/ace\/ws\/640\/cpsprodpb\/807a\/live\/24de2b50-d4d0-11ee-9a5b-e35447f6c53b.jpg?resize=640%2C426&#038;ssl=1\" sizes=\"auto, (min-width: 1008px) 760px, 100vw\" srcset=\"https:\/\/ichef.bbci.co.uk\/ace\/ws\/240\/cpsprodpb\/807a\/live\/24de2b50-d4d0-11ee-9a5b-e35447f6c53b.jpg 240w, https:\/\/ichef.bbci.co.uk\/ace\/ws\/320\/cpsprodpb\/807a\/live\/24de2b50-d4d0-11ee-9a5b-e35447f6c53b.jpg 320w, https:\/\/ichef.bbci.co.uk\/ace\/ws\/480\/cpsprodpb\/807a\/live\/24de2b50-d4d0-11ee-9a5b-e35447f6c53b.jpg 480w, https:\/\/ichef.bbci.co.uk\/ace\/ws\/624\/cpsprodpb\/807a\/live\/24de2b50-d4d0-11ee-9a5b-e35447f6c53b.jpg 624w, https:\/\/ichef.bbci.co.uk\/ace\/ws\/800\/cpsprodpb\/807a\/live\/24de2b50-d4d0-11ee-9a5b-e35447f6c53b.jpg 800w\" alt=\"Una  persona mayor con gesto de olvido\" width=\"640\" height=\"426\" \/><\/picture>\n<p class=\"bbc-kaivkm\" role=\"text\"><span class=\"bbc-m04vo2\">Fuente de la imagen, <\/span><span lang=\"en-GB\">Getty <\/span><span role=\"text\"><span class=\"bbc-m04vo2\">Pie de foto, <\/span><\/span>El envejecimiento acent\u00faa los olvidos, pero eso no siempre significa que haya un problema.<\/p>\n<\/div><figcaption class=\"bbc-1jsyunq e6i104o0\" dir=\"ltr\"><\/figcaption><\/figure>\n<div class=\"bbc-19j92fr ebmt73l0\" dir=\"ltr\" style=\"text-align: justify;\">\n<h2 id=\"El-impacto-del-envejecimiento\" class=\"bbc-1f03ibc eglt09e0\" tabindex=\"-1\">El impacto del envejecimiento<\/h2>\n<\/div>\n<div class=\"bbc-19j92fr ebmt73l0\" dir=\"ltr\" style=\"text-align: justify;\">\n<p class=\"bbc-hhl7in e17g058b0\" dir=\"ltr\">A medida que la gente envejece, se preocupa m\u00e1s por su memoria. <b>Es cierto que nuestro olvido se acent\u00faa, pero eso no siempre significa que haya un problema.<\/b><\/p>\n<\/div>\n<div class=\"bbc-19j92fr ebmt73l0\" dir=\"ltr\" style=\"text-align: justify;\">\n<p class=\"bbc-hhl7in e17g058b0\" dir=\"ltr\">Cuanto m\u00e1s vivimos, tenemos m\u00e1s experiencias y m\u00e1s que recordar. No s\u00f3lo eso, sino que las vivencias tienen mucho en com\u00fan, lo que significa que puede llegar a ser dif\u00edcil separar estos acontecimientos en nuestra memoria.<\/p>\n<\/div>\n<div class=\"bbc-19j92fr ebmt73l0\" dir=\"ltr\" style=\"text-align: justify;\">\n<p class=\"bbc-hhl7in e17g058b0\" dir=\"ltr\">Si s\u00f3lo ha ido una vez a unas vacaciones en una playa de Espa\u00f1a, las recordar\u00e1 con gran nitidez. Sin embargo, si ha estado muchas veces de vacaciones en Espa\u00f1a, en ciudades diferentes y en momentos distintos, acordarnos si algo ocurri\u00f3 en las primeras vacaciones en Barcelona o en las segundas, o si su hermano le acompa\u00f1\u00f3 a Mallorca o a Ibiza, es m\u00e1s dif\u00edcil.<\/p>\n<\/div>\n<div class=\"bbc-19j92fr ebmt73l0\" dir=\"ltr\" style=\"text-align: justify;\">\n<p class=\"bbc-hhl7in e17g058b0\" dir=\"ltr\"><b>El solapamiento entre recuerdos, o interferencia, dificulta la recuperaci\u00f3n de la informaci\u00f3n.<\/b> Imagina que archivas documentos en computadora. Al iniciar el proceso, tienes un sistema de archivo claro en el que puedes poner cada documento para saber d\u00f3nde encontrarlo.<\/p>\n<\/div>\n<div class=\"bbc-19j92fr ebmt73l0\" dir=\"ltr\" style=\"text-align: justify;\">\n<p class=\"bbc-hhl7in e17g058b0\" dir=\"ltr\">Pero a medida que llegan m\u00e1s y m\u00e1s documentos, resulta dif\u00edcil decidir a qu\u00e9 carpeta pertenecen. Tambi\u00e9n es posible que empieces a poner muchos documentos en una carpeta porque todos est\u00e1n relacionados con ese tema.<\/p>\n<\/div>\n<div class=\"bbc-19j92fr ebmt73l0\" dir=\"ltr\" style=\"text-align: justify;\">\n<p class=\"bbc-hhl7in e17g058b0\" dir=\"ltr\">Esto significa que, con el tiempo, resulta dif\u00edcil encontrar el documento adecuado cuando se necesita, bien porque no se sabes d\u00f3nde est\u00e1 o porque sabes d\u00f3nde deber\u00eda estar pero hay muchas otras cosas entre las que buscar.<\/p>\n<\/div>\n<div class=\"bbc-19j92fr ebmt73l0\" dir=\"ltr\" style=\"text-align: justify;\">\n<p class=\"bbc-hhl7in e17g058b0\" dir=\"ltr\"><b>No olvidar algo puede ser perturbador. <\/b>El trastorno de estr\u00e9s postraum\u00e1tico es un ejemplo de situaci\u00f3n en la que las personas no pueden olvidar. El recuerdo es persistente, no se desvanece y a menudo interrumpe la vida cotidiana.<\/p>\n<\/div>\n<div class=\"bbc-19j92fr ebmt73l0\" dir=\"ltr\" style=\"text-align: justify;\">\n<p class=\"bbc-hhl7in e17g058b0\" dir=\"ltr\">Puede haber experiencias similares con recuerdos persistentes en el duelo o la depresi\u00f3n, condiciones que pueden hacer m\u00e1s dif\u00edcil olvidar la informaci\u00f3n negativa. Aqu\u00ed, el olvido ser\u00eda \u00fatil.<\/p>\n<\/div>\n<figure class=\"bbc-1qn0xuy\" style=\"text-align: justify;\">\n<div class=\"bbc-150aj0n\"><picture><img data-recalc-dims=\"1\" loading=\"lazy\" decoding=\"async\" class=\"bbc-139onq\" src=\"https:\/\/i0.wp.com\/ichef.bbci.co.uk\/ace\/ws\/640\/cpsprodpb\/e9da\/live\/7b55e690-d4cf-11ee-b83b-0f87a864f372.jpg?resize=640%2C427&#038;ssl=1\" sizes=\"auto, (min-width: 1008px) 760px, 100vw\" srcset=\"https:\/\/ichef.bbci.co.uk\/ace\/ws\/240\/cpsprodpb\/e9da\/live\/7b55e690-d4cf-11ee-b83b-0f87a864f372.jpg 240w, https:\/\/ichef.bbci.co.uk\/ace\/ws\/320\/cpsprodpb\/e9da\/live\/7b55e690-d4cf-11ee-b83b-0f87a864f372.jpg 320w, https:\/\/ichef.bbci.co.uk\/ace\/ws\/480\/cpsprodpb\/e9da\/live\/7b55e690-d4cf-11ee-b83b-0f87a864f372.jpg 480w, https:\/\/ichef.bbci.co.uk\/ace\/ws\/624\/cpsprodpb\/e9da\/live\/7b55e690-d4cf-11ee-b83b-0f87a864f372.jpg 624w, https:\/\/ichef.bbci.co.uk\/ace\/ws\/800\/cpsprodpb\/e9da\/live\/7b55e690-d4cf-11ee-b83b-0f87a864f372.jpg 800w\" alt=\"Imagen referencial sobre la memoria\" width=\"640\" height=\"427\" \/><\/picture>\n<p class=\"bbc-kaivkm\" role=\"text\"><span class=\"bbc-m04vo2\">Fuente de la imagen, <\/span><span lang=\"en-GB\">Getty<\/span><\/p>\n<\/div><figcaption class=\"bbc-1jsyunq e6i104o0\" dir=\"ltr\"><span role=\"text\"><span class=\"bbc-m04vo2\">Pie de foto, <\/span><\/span><\/p>\n<p>El olvido no es algo que haya que temer, ni en nosotros mismos ni en los dem\u00e1s.<\/p>\n<\/figcaption><\/figure>\n<div class=\"bbc-19j92fr ebmt73l0\" dir=\"ltr\" style=\"text-align: justify;\">\n<h2 id=\"El-olvido-no-siempre-afecta-a-la-toma-de-decisiones\" class=\"bbc-1f03ibc eglt09e0\" tabindex=\"-1\">El olvido no siempre afecta a la toma de decisiones<\/h2>\n<\/div>\n<div class=\"bbc-19j92fr ebmt73l0\" dir=\"ltr\" style=\"text-align: justify;\">\n<p class=\"bbc-hhl7in e17g058b0\" dir=\"ltr\">Olvidar cosas es habitual, y a medida que envejecemos es m\u00e1s frecuente. Pero olvidar nombres o fechas, como le ha ocurrido a Biden, no tiene por qu\u00e9 afectar la toma de decisiones. <b>Las personas mayores pueden tener conocimientos profundos y una buena intuici\u00f3n, lo que puede ayudar a contrarrestar esos lapsus de memoria.<\/b><\/p>\n<\/div>\n<div class=\"bbc-19j92fr ebmt73l0\" dir=\"ltr\" style=\"text-align: justify;\">\n<p class=\"bbc-hhl7in e17g058b0\" dir=\"ltr\">Por supuesto, a veces los olvidos pueden ser se\u00f1al de un problema mayor y surge la necesidad de hablar con el m\u00e9dico. Hacerse las mismas preguntas una y otra vez es se\u00f1al de que el olvido es algo m\u00e1s que un problema de distracci\u00f3n.<\/p>\n<\/div>\n<div class=\"bbc-19j92fr ebmt73l0\" dir=\"ltr\" style=\"text-align: justify;\">\n<p class=\"bbc-hhl7in e17g058b0\" dir=\"ltr\">Del mismo modo, <b>olvidarse de c\u00f3mo moverse por zonas muy familiares es otra se\u00f1al de que tienes dificultades <\/b>para utilizar las se\u00f1ales del entorno que te recuerdan c\u00f3mo moverte. Olvidar el nombre de alguien en la cena es normal, pero no lo es olvidar c\u00f3mo usar el tenedor y el cuchillo.<\/p>\n<\/div>\n<div class=\"bbc-19j92fr ebmt73l0\" dir=\"ltr\" style=\"text-align: justify;\">\n<p class=\"bbc-hhl7in e17g058b0\" dir=\"ltr\">En \u00faltima instancia, el olvido no es algo que haya que temer, ni en nosotros mismos ni en los dem\u00e1s. Suele ser extremo cuando es se\u00f1al de que las cosas van mal.<\/p>\n<\/div>\n<div class=\"bbc-19j92fr ebmt73l0\" dir=\"ltr\" style=\"text-align: justify;\">\n<p class=\"bbc-hhl7in e17g058b0\" dir=\"ltr\">* <i class=\"bbc-h1y5j7 eih42320\">Alexander Easton es profesor de Psicolog\u00eda en la Universidad de Durham, Reino Unido<\/i>.<\/p>\n<\/div>\n<div class=\"bbc-19j92fr ebmt73l0\" dir=\"ltr\">\n<p class=\"bbc-hhl7in e17g058b0\" dir=\"ltr\" style=\"text-align: justify;\"><i class=\"bbc-h1y5j7 eih42320\">Este art\u00edculo fue publicado en The Conversation y reproducido aqu\u00ed bajo la licencia Creative Commons. Haz clic <\/i><a class=\"focusIndicatorReducedWidth bbc-n8oauk e1p3sufg0\" href=\"https:\/\/theconversation.com\/why-forgetting-is-a-normal-function-of-memory-and-when-to-worry-223284?utm_medium=email&amp;amp;utm_campaign=Latest%20from%20The%20Conversation%20for%20February%2015%202024%20-%202879029221&amp;amp;utm_content=Latest%20from%20The%20Conversation%20for%20February%2015%202024%20-%202879029221+CID_980a2bf6f8241ed234e2f5bd6ebee11a&amp;amp;utm_source=campaign_monitor_uk&amp;amp;utm_term=Why%20forgetting%20is%20a%20normal%20function%20of%20memory%20%20and%20when%20to%20worry\" aria-label=\"aqu\u00ed, externo\"><i class=\"bbc-h1y5j7 eih42320\">aqu\u00ed<\/i><\/a><i class=\"bbc-h1y5j7 eih42320\"> para leer la versi\u00f3n original y ver los v\u00ednculos a los estudios citados.<\/i>rce=pocket-newtab-es-es<\/p>\n<\/div>\n<p><\/main><\/div>\n","protected":false},"excerpt":{"rendered":"<p>Olvidar en el d\u00eda a d\u00eda puede resultar molesto o, a medida que envejecemos, un&#8230;<\/p>\n","protected":false},"author":1,"featured_media":67576,"comment_status":"closed","ping_status":"closed","sticky":false,"template":"","format":"standard","meta":{"_coblocks_attr":"","_coblocks_dimensions":"","_coblocks_responsive_height":"","_coblocks_accordion_ie_support":"","jetpack_post_was_ever_published":false,"_jetpack_newsletter_access":"","_jetpack_dont_email_post_to_subs":false,"_jetpack_newsletter_tier_id":0,"_jetpack_memberships_contains_paywalled_content":false,"_jetpack_memberships_contains_paid_content":false,"footnotes":"","jetpack_publicize_message":"","jetpack_publicize_feature_enabled":true,"jetpack_social_post_already_shared":true,"jetpack_social_options":{"image_generator_settings":{"template":"highway","default_image_id":0,"enabled":false},"version":2}},"categories":[1161,44,6937,10],"tags":[],"class_list":["post-67575","post","type-post","status-publish","format-standard","has-post-thumbnail","hentry","category-ciudadania","category-noticias-de-hoy","category-sociedad","category-salud"],"jetpack_publicize_connections":[],"jetpack_featured_media_url":"https:\/\/i0.wp.com\/miradordeatarfe.es\/wp-content\/uploads\/2024\/03\/ab3bdf70-d503-11ee-95a9-016e49c885aa.jpg?fit=800%2C449&ssl=1","jetpack_likes_enabled":true,"jetpack_sharing_enabled":true,"_links":{"self":[{"href":"https:\/\/miradordeatarfe.es\/index.php?rest_route=\/wp\/v2\/posts\/67575","targetHints":{"allow":["GET"]}}],"collection":[{"href":"https:\/\/miradordeatarfe.es\/index.php?rest_route=\/wp\/v2\/posts"}],"about":[{"href":"https:\/\/miradordeatarfe.es\/index.php?rest_route=\/wp\/v2\/types\/post"}],"author":[{"embeddable":true,"href":"https:\/\/miradordeatarfe.es\/index.php?rest_route=\/wp\/v2\/users\/1"}],"replies":[{"embeddable":true,"href":"https:\/\/miradordeatarfe.es\/index.php?rest_route=%2Fwp%2Fv2%2Fcomments&post=67575"}],"version-history":[{"count":1,"href":"https:\/\/miradordeatarfe.es\/index.php?rest_route=\/wp\/v2\/posts\/67575\/revisions"}],"predecessor-version":[{"id":67577,"href":"https:\/\/miradordeatarfe.es\/index.php?rest_route=\/wp\/v2\/posts\/67575\/revisions\/67577"}],"wp:featuredmedia":[{"embeddable":true,"href":"https:\/\/miradordeatarfe.es\/index.php?rest_route=\/wp\/v2\/media\/67576"}],"wp:attachment":[{"href":"https:\/\/miradordeatarfe.es\/index.php?rest_route=%2Fwp%2Fv2%2Fmedia&parent=67575"}],"wp:term":[{"taxonomy":"category","embeddable":true,"href":"https:\/\/miradordeatarfe.es\/index.php?rest_route=%2Fwp%2Fv2%2Fcategories&post=67575"},{"taxonomy":"post_tag","embeddable":true,"href":"https:\/\/miradordeatarfe.es\/index.php?rest_route=%2Fwp%2Fv2%2Ftags&post=67575"}],"curies":[{"name":"wp","href":"https:\/\/api.w.org\/{rel}","templated":true}]}}