{"id":67583,"date":"2024-03-06T10:00:30","date_gmt":"2024-03-06T09:00:30","guid":{"rendered":"https:\/\/miradordeatarfe.es\/?p=67583"},"modified":"2024-03-06T10:30:12","modified_gmt":"2024-03-06T09:30:12","slug":"28f-casi-nada-que-celebrar-por-agustin-martinez","status":"publish","type":"post","link":"https:\/\/miradordeatarfe.es\/?p=67583","title":{"rendered":"\u00ab28F: casi nada que celebrar\u00bb por Agust\u00edn Mart\u00ednez"},"content":{"rendered":"<section class=\"fn-primary\"><main class=\"fn-content ssc-disable\"><\/p>\n<div class=\"fn-post fn-singular\">\n<article class=\"post-98473 post type-post status-publish format-standard hentry category-opinion\">\n<div class=\"entry-body\">\n<h3 style=\"text-align: justify;\" data-wp-editing=\"1\">44 a\u00f1os despu\u00e9s de aquella hist\u00f3rica jornada del 28 de febrero de 1980, en la que los andaluces salieron masivamente a la calle, para reivindicar una autonom\u00eda de primera, equiparable a la de las denominadas comunidades hist\u00f3ricas, entre las que el Gobierno de UCD y la entonces AP, no quer\u00edan incluir a Andaluc\u00eda, ayer se celebraba la efem\u00e9rides en el Teatro de la Maestranza de Sevilla, con muchas emociones, muchas medallas, muchas banderas y muy poca autocr\u00edtica.<\/h3>\n<p style=\"text-align: justify;\">Como ayer dec\u00eda el inimitable Javier Aroca, \u201cal principio, el 28F era una fiesta reivindicativa y ahora, se ha festivalizado, como si fueran los premios Grammy. La fiesta de Andaluc\u00eda coincide con las estad\u00edsticas que dicen que los andaluces lideramos las tasas de pobreza en el Estado, por encima de la media espa\u00f1ola, pero no pasa nada. En Andaluc\u00eda, el fulgor de nuestro arte y belleza lo ciega todo, pero el autogobierno de Andaluc\u00eda no era esto, los andaluces luchamos por otra cosa\u201d.<\/p>\n<p style=\"text-align: justify;\">Y es verdad, querido Javier, los andaluces luchamos por otra cosa, por no ser m\u00e1s que nadie, pero tampoco menos que nadie y lamentablemente, 44 a\u00f1os despu\u00e9s de aquella ilusi\u00f3n colectiva, porque el 28F fue precisamente eso, tenemos muy poco que celebrar.<\/p>\n<p style=\"text-align: justify;\">Los padres auton\u00f3micos tuvieron la obsesi\u00f3n de dotar a Andaluc\u00eda, de las herramientas suficientes para vertebrar y cohesionar un territorio tan extenso y variado como el de nuestra comunidad y de esta forma fortalecer el sentimiento identitario andaluz, que en algunas provincias no estaba todo lo arraigado que era de desear. Cuatro d\u00e9cadas y media despu\u00e9s podemos concluir que la gesti\u00f3n de los sucesivos gobiernos auton\u00f3micos, no solo no ha equilibrado territorialmente nuestra tierra, sino que ha aumentado las diferencias, generando un sentimiento de agravio comparativo, que vuelve a ser combustible para quienes nunca creyeron en una Andaluc\u00eda, tal y como la conocemos.<\/p>\n<p style=\"text-align: justify;\">Posiblemente otro gallo nos hubiera cantado, si hubieran triunfado las tesis defendidas desde Granada, Almer\u00eda y Ja\u00e9n, para que la capital andaluza se hubiera situado en Antequera, en lugar de en Sevilla, que con la capitalidad por bandera, ha ido acaparando influencia institucional, pol\u00edtica y econ\u00f3mica, que en buena medida se mira con recelo por el resto de Andaluc\u00eda. Pero es que en los \u00faltimos a\u00f1os, desde la Junta se han promovido las condiciones para que, adem\u00e1s de Sevilla, sea M\u00e1laga, la joya de la corona, mientras el resto de provincias figuran como meras comparsas, a mayor gloria de \u201cmiarmas\u201d y \u201cboquerones\u201d.<\/p>\n<p style=\"text-align: justify;\">No es buena cosa para el futuro de nuestra Comunidad, que en un territorio como el andaluz, seis provincias vean como aumenta el sentimiento de agravio. Estamos en un escenario, donde con independencia de encuestas sociol\u00f3gicas, se est\u00e1 produciendo una evidente desafecci\u00f3n de la ciudadan\u00eda, respecto del sentimiento territorial andaluz, por la sencilla raz\u00f3n de que muchas y muchos consideran, que solo beneficia a Sevilla y M\u00e1laga.<\/p>\n<p style=\"text-align: justify;\">Pero adem\u00e1s de nuestras cuitas internas, a cuentas del desequilibrio territorial, cuatro d\u00e9cadas y media de autogobierno y miles de millones de euros despu\u00e9s, no nos han acercado a Espa\u00f1a y mucho menos a Europa. Al margen de los discursos triunfalistas que, en ese sentido, hemos escuchado a los gobiernos de Rodr\u00edguez de la Borbolla, Manuel Chaves, Jos\u00e9 Gri\u00f1\u00e1n, Susana D\u00edaz y Juan Manuel Moreno, la realidad es muy tozuda y Andaluc\u00eda no converge con los est\u00e1ndares econ\u00f3micos y de bienestar de nuestros vecinos.<\/p>\n<p style=\"text-align: justify;\">Ni la Primera Modernizaci\u00f3n, ni la Segunda Modernizaci\u00f3n, ni la California de Europa, ni la Andaluc\u00eda Imparable, se han traducido en otra cosa que eslogan vac\u00edos, tras los cuales no hay absolutamente nada.<\/p>\n<p style=\"text-align: justify;\">Es indudable el avance de Andaluc\u00eda desde 1980 hasta la actualidad, pero tambi\u00e9n es indudable que nuestra tierra se ha convertido en un territorio de turismo masificado, agricultura intensiva, construcci\u00f3n y desindustrializaci\u00f3n, como fruto de haber perdido peso pol\u00edtico en el conjunto del Estado y el consiguiente peso reivindicativo en el marco espa\u00f1ol y europeo. Fruto tambi\u00e9n de la coincidencia del bipartidismo del PSOE y el PP en utilizar el voto andaluz para impulsar intereses ajenos a nuestra tierra. La carencia de fuerza soberana convierte a Andaluc\u00eda en territorio extractivo de capital humano, capital ambiental y capital econ\u00f3mico, lo que la lleva a tener los mayores \u00edndices de desigualdad, desempleo y pobreza de toda la UE.<\/p>\n<p style=\"text-align: justify;\">La prueba del algod\u00f3n de que la cosa no va bien la tenemos en los datos de la Encuesta de Condiciones de Vida del Instituto Nacional de Estad\u00edstica, hechos p\u00fablicos esta semana, seg\u00fan los cuales Andaluc\u00eda es la comunidad con m\u00e1s poblaci\u00f3n en riesgo de pobreza o exclusi\u00f3n social de Espa\u00f1a, con un 37,5 %, once puntos por encima del total nacional, cayendo ya por detr\u00e1s de otras regiones como Canarias (33,8 %) y Extremadura (32,8 %). El riesgo de pobreza afecta en Andaluc\u00eda al 30,5 % de la poblaci\u00f3n, la carencia material y social severa al 12,6 % y la baja intensidad en el empleo al 12,1 %.<\/p>\n<p style=\"text-align: justify;\">Los datos sobre dificultades econ\u00f3micas de los hogares correspondientes a 2023 arrojan que un 43,9 % de los andaluces no puede permitirse ir de vacaciones fuera de casa al menos una semana al a\u00f1o, y que un 46,5 % no tiene capacidad para afrontar gastos imprevistos; adem\u00e1s un 15,6 % est\u00e1 experimentando retrasos en los pagos relacionados con la vivienda principal, o en compras a plazos, y un 13,6 % de los andaluces tiene \u201cmucha dificultad\u201d para llegar a fin de mes.<\/p>\n<p><a class=\"entry-author hcard fn\" href=\"https:\/\/www.lavozdegranada.info\/author\/agustin-martinez\/\" target=\"_blank\" rel=\"noopener\">Agust\u00edn Mart\u00ednez<\/a><\/p>\n<p>https:\/\/www.lavozdegranada.info\/28f-casi-nada-que-celebrar\/<\/p>\n<\/div>\n<\/article>\n<\/div>\n<p><\/main><\/section>\n","protected":false},"excerpt":{"rendered":"<p>44 a\u00f1os despu\u00e9s de aquella hist\u00f3rica jornada del 28 de febrero de 1980, en la&#8230;<\/p>\n","protected":false},"author":1,"featured_media":67584,"comment_status":"closed","ping_status":"closed","sticky":false,"template":"","format":"standard","meta":{"_coblocks_attr":"","_coblocks_dimensions":"","_coblocks_responsive_height":"","_coblocks_accordion_ie_support":"","jetpack_post_was_ever_published":false,"_jetpack_newsletter_access":"","_jetpack_dont_email_post_to_subs":false,"_jetpack_newsletter_tier_id":0,"_jetpack_memberships_contains_paywalled_content":false,"_jetpack_memberships_contains_paid_content":false,"footnotes":"","jetpack_publicize_message":"","jetpack_publicize_feature_enabled":true,"jetpack_social_post_already_shared":false,"jetpack_social_options":{"image_generator_settings":{"template":"highway","default_image_id":0,"enabled":false},"version":2}},"categories":[10791,44,7671],"tags":[],"class_list":["post-67583","post","type-post","status-publish","format-standard","has-post-thumbnail","hentry","category-andalucia","category-noticias-de-hoy","category-politica"],"jetpack_publicize_connections":[],"jetpack_featured_media_url":"https:\/\/i0.wp.com\/miradordeatarfe.es\/wp-content\/uploads\/2024\/03\/presidente-andaluz-juanma-moreno-presidente-parlamento-andaluz-jesus-aguirre_98.webp?fit=1900%2C1069&ssl=1","jetpack_likes_enabled":true,"jetpack_sharing_enabled":true,"_links":{"self":[{"href":"https:\/\/miradordeatarfe.es\/index.php?rest_route=\/wp\/v2\/posts\/67583","targetHints":{"allow":["GET"]}}],"collection":[{"href":"https:\/\/miradordeatarfe.es\/index.php?rest_route=\/wp\/v2\/posts"}],"about":[{"href":"https:\/\/miradordeatarfe.es\/index.php?rest_route=\/wp\/v2\/types\/post"}],"author":[{"embeddable":true,"href":"https:\/\/miradordeatarfe.es\/index.php?rest_route=\/wp\/v2\/users\/1"}],"replies":[{"embeddable":true,"href":"https:\/\/miradordeatarfe.es\/index.php?rest_route=%2Fwp%2Fv2%2Fcomments&post=67583"}],"version-history":[{"count":1,"href":"https:\/\/miradordeatarfe.es\/index.php?rest_route=\/wp\/v2\/posts\/67583\/revisions"}],"predecessor-version":[{"id":67585,"href":"https:\/\/miradordeatarfe.es\/index.php?rest_route=\/wp\/v2\/posts\/67583\/revisions\/67585"}],"wp:featuredmedia":[{"embeddable":true,"href":"https:\/\/miradordeatarfe.es\/index.php?rest_route=\/wp\/v2\/media\/67584"}],"wp:attachment":[{"href":"https:\/\/miradordeatarfe.es\/index.php?rest_route=%2Fwp%2Fv2%2Fmedia&parent=67583"}],"wp:term":[{"taxonomy":"category","embeddable":true,"href":"https:\/\/miradordeatarfe.es\/index.php?rest_route=%2Fwp%2Fv2%2Fcategories&post=67583"},{"taxonomy":"post_tag","embeddable":true,"href":"https:\/\/miradordeatarfe.es\/index.php?rest_route=%2Fwp%2Fv2%2Ftags&post=67583"}],"curies":[{"name":"wp","href":"https:\/\/api.w.org\/{rel}","templated":true}]}}