{"id":67590,"date":"2024-03-07T09:09:24","date_gmt":"2024-03-07T08:09:24","guid":{"rendered":"https:\/\/miradordeatarfe.es\/?p=67590"},"modified":"2024-03-04T21:04:01","modified_gmt":"2024-03-04T20:04:01","slug":"la-historia-de-aina-una-enfermedad-rara-degenerativa-llamada-irf2bpl","status":"publish","type":"post","link":"https:\/\/miradordeatarfe.es\/?p=67590","title":{"rendered":"La historia de Aina: una enfermedad rara degenerativa llamada IRF2BPL"},"content":{"rendered":"<header class=\"entry-header\">\n<div class=\"content\">\n<div class=\"entry-author\">\n<div class=\"author-meta\">\n<h3 class=\"author-name\" style=\"text-align: justify;\"><strong>Mi nombre es Paola, hace dos a\u00f1os supimos que nuestra hija peque\u00f1a Aina, tiene una enfermedad rara degenerativa llamada IRF2BPL.<\/strong><\/h3>\n<p class=\"author-name\" style=\"text-align: justify;\">Al principio necesitamos tiempo para asimilar nuestra nueva realidad, luego con ayuda de otras siete familias hemos levantado cabeza para empezar a luchar y buscar soluciones, hemos buscado investigaci\u00f3n para poder alg\u00fan d\u00eda tratar la enfermedad de nuestros hijos, y ahora estamos buscando financiaci\u00f3n para que esta investigaci\u00f3n que acaba de empezar no se parece o acabe sin tener el tratamiento m\u00e9dico tan necesario.<\/p>\n<\/div>\n<\/div>\n<\/div>\n<\/header>\n<div class=\"entry-content\">\n<h2 class=\"wp-block-heading\" style=\"text-align: justify;\">Las enfermedades raras, \u00bfpor qu\u00e9 no se investigan?<\/h2>\n<p style=\"text-align: justify;\">La mayor\u00eda de las enfermedades raras no se investigan y por ese motivo los pacientes no tienen ning\u00fan tratamiento. Ni a las farmac\u00e9uticas ni al Estado le sale a cuenta invertir dinero en investigaci\u00f3n cuando son pocos afectados.\u00a0Es triste que vean en nuestros hijos e hijas s\u00f3lo n\u00fameros.\u00a0<\/p>\n<p style=\"text-align: justify;\">Mi hija es la n\u00famero siete para ellos, siete personas en Espa\u00f1a con esta rara enfermedad, cuando son pocos parece ser que no existen, no son tomados en cuenta para nada.\u00a0Somos n\u00fameros rojos para ellos, somos p\u00e9rdida de dinero.\u00a0<\/p>\n<h2 class=\"wp-block-heading\" style=\"text-align: justify;\">Nuestra Misi\u00f3n:\u00a0<\/h2>\n<p style=\"text-align: justify;\">Como madres y padres tenemos la misi\u00f3n de dar a conocer la enfermedad, de estar con nuestra hija\/o apoy\u00e1ndola y tambi\u00e9n tenemos la misi\u00f3n de recaudar dinero para investigaci\u00f3n.\u00a0<strong>Tenemos mucho peso encima y a veces llegamos a pensar que no somos buenas madres porque no estamos movi\u00e9ndonos lo suficiente para dar a conocer que esta enfermedad es real<\/strong>, que existe y que aunque solo seamos siete familias\u00a0afectadas es una realidad, nuestra realidad y la de muchas\u00a0 familias que tiene que buscar ellas mismas financiar la investigaci\u00f3n de la enfermedad de su hijo.<\/p>\n<h2 class=\"wp-block-heading\" style=\"text-align: justify;\">Conciliaci\u00f3n:\u00a0<\/h2>\n<p style=\"text-align: justify;\">La conciliaci\u00f3n familiar es dif\u00edcil para todas las mujeres, pero si tienes un hijo\/a con discapacidad o con una enfermedad la cosa se complica mucho m\u00e1s.\u00a0<\/p>\n<p style=\"text-align: justify;\"><strong>Muchas de nosotras dejamos de trabajar para cuidar de nuestros hijos e hijas, para llevarlos asus controles m\u00e9dicos y a sus terapias<\/strong>, tambi\u00e9n dejamos de trabajar para estar con ellos y disfrutarlos ahora que est\u00e1n bien o en algunos casos porque ya est\u00e1n muy mal.\u00a0<\/p>\n<div class=\"wp-block-image\" style=\"text-align: justify;\">\n<figure class=\"aligncenter size-full\"><img data-recalc-dims=\"1\" loading=\"lazy\" decoding=\"async\" class=\"wp-image-319981\" src=\"https:\/\/i0.wp.com\/cdn.clubdemalasmadres.com\/app\/uploads\/2024\/02\/27170642\/historia-aina-ellas-opinan-frase.jpg?resize=640%2C445&#038;ssl=1\" sizes=\"auto, (max-width: 850px) 100vw, 850px\" srcset=\"https:\/\/cdn.clubdemalasmadres.com\/app\/uploads\/2024\/02\/27170642\/historia-aina-ellas-opinan-frase.jpg 850w, https:\/\/cdn.clubdemalasmadres.com\/app\/uploads\/2024\/02\/27170642\/historia-aina-ellas-opinan-frase-300x209.jpg 300w, https:\/\/cdn.clubdemalasmadres.com\/app\/uploads\/2024\/02\/27170642\/historia-aina-ellas-opinan-frase-768x534.jpg 768w, https:\/\/cdn.clubdemalasmadres.com\/app\/uploads\/2024\/02\/27170642\/historia-aina-ellas-opinan-frase-600x417.jpg 600w\" alt=\"\" width=\"640\" height=\"445\" \/><\/figure>\n<\/div>\n<h2 class=\"wp-block-heading\" style=\"text-align: justify;\">Miedo al futuro:\u00a0<\/h2>\n<p style=\"text-align: justify;\">Cuando tienes un hijo\/a sue\u00f1as con su futuro, pero cuando te dicen que tiene una enfermedad degenerativa esos sue\u00f1os se rompen de golpe.\u00a0<\/p>\n<p style=\"text-align: justify;\"><strong>Dejas de imaginar si ser\u00e1 profesora, doctora o investigadora, para imaginar si podr\u00e1 estar sana y podr\u00e1 hacer una vida normal <\/strong>o hasta cuando podr\u00e1 estar m\u00e1s o menos bien sin empezar a tener problemas degenerativos.<\/p>\n<p style=\"text-align: justify;\">Empiezas a vivir el presente sin intentar pensar mucho en el futuro, un futuro que te duele y te atormenta. Con las enfermedades degenerativas sabes que todo va bien por un tiempo, pero, \u00bfhasta cu\u00e1ndo?\u00a0<\/p>\n<p style=\"text-align: justify;\">Tener miedo al futuro, tener miedo a que pasen los d\u00edas y los meses nos produce ansiedad.\u00a0No tener un tratamiento nos hace sentir que no lo estamos haciendo bien.\u00a0 Nuestros hijos e hijas no son un n\u00famero y aunque son solo siete personas siguen contando, siguen importando, sus vidas tambi\u00e9n son importantes.<\/p>\n<h2 class=\"wp-block-heading\" style=\"text-align: justify;\">M\u00e1s empat\u00eda:<\/h2>\n<p style=\"text-align: justify;\">Necesitamos personas con m\u00e1s empat\u00eda y para eso necesitamos personas que se ponga en nuestra piel o en nuestros zapatos. \u00bfQu\u00e9 pasar\u00eda si te dijeran a ti ahora mismo que tu hijo tiene una enfermedad degenerativa grave?, \u00bfbuscar\u00edas una soluci\u00f3n, un tratamiento?<\/p>\n<p style=\"text-align: justify;\">Esos siete ni\u00f1os para nosotras las madres son nuestro todo, no son n\u00fameros, no valen menos sus vidas. Cuando veas una madre luchando por dar visibilidad a la rara enfermedad de su hijo\/a ap\u00f3yala, esc\u00fachala, comparte su historia.\u00a0<\/p>\n<p style=\"text-align: justify;\"><strong>Recuerda que lo que para muchos es un n\u00famero, para una madre su hijo o hija es su todo, su hijo e hija merece tener acceso a un tratamiento m\u00e9dico como con muchas otras enfermedades.<\/strong><\/p>\n<h3 class=\"author-name\"><a href=\"https:\/\/clubdemalasmadres.com\/author\/malasmadres\/\">by Malasmadres<\/a><\/h3>\n<p>https:\/\/clubdemalasmadres.com\/historia-aina-ellas-opinan\/<\/p>\n<\/div>\n","protected":false},"excerpt":{"rendered":"<p>Mi nombre es Paola, hace dos a\u00f1os supimos que nuestra hija peque\u00f1a Aina, tiene una&#8230;<\/p>\n","protected":false},"author":1,"featured_media":67591,"comment_status":"closed","ping_status":"closed","sticky":false,"template":"","format":"standard","meta":{"_coblocks_attr":"","_coblocks_dimensions":"","_coblocks_responsive_height":"","_coblocks_accordion_ie_support":"","jetpack_post_was_ever_published":false,"_jetpack_newsletter_access":"","_jetpack_dont_email_post_to_subs":false,"_jetpack_newsletter_tier_id":0,"_jetpack_memberships_contains_paywalled_content":false,"_jetpack_memberships_contains_paid_content":false,"footnotes":"","jetpack_publicize_message":"","jetpack_publicize_feature_enabled":true,"jetpack_social_post_already_shared":true,"jetpack_social_options":{"image_generator_settings":{"template":"highway","default_image_id":0,"enabled":false},"version":2}},"categories":[44,6937,10],"tags":[],"class_list":["post-67590","post","type-post","status-publish","format-standard","has-post-thumbnail","hentry","category-noticias-de-hoy","category-sociedad","category-salud"],"jetpack_publicize_connections":[],"jetpack_featured_media_url":"https:\/\/i0.wp.com\/miradordeatarfe.es\/wp-content\/uploads\/2024\/03\/club-de-malasmadres-perfil.jpg?fit=800%2C800&ssl=1","jetpack_likes_enabled":true,"jetpack_sharing_enabled":true,"_links":{"self":[{"href":"https:\/\/miradordeatarfe.es\/index.php?rest_route=\/wp\/v2\/posts\/67590","targetHints":{"allow":["GET"]}}],"collection":[{"href":"https:\/\/miradordeatarfe.es\/index.php?rest_route=\/wp\/v2\/posts"}],"about":[{"href":"https:\/\/miradordeatarfe.es\/index.php?rest_route=\/wp\/v2\/types\/post"}],"author":[{"embeddable":true,"href":"https:\/\/miradordeatarfe.es\/index.php?rest_route=\/wp\/v2\/users\/1"}],"replies":[{"embeddable":true,"href":"https:\/\/miradordeatarfe.es\/index.php?rest_route=%2Fwp%2Fv2%2Fcomments&post=67590"}],"version-history":[{"count":1,"href":"https:\/\/miradordeatarfe.es\/index.php?rest_route=\/wp\/v2\/posts\/67590\/revisions"}],"predecessor-version":[{"id":67592,"href":"https:\/\/miradordeatarfe.es\/index.php?rest_route=\/wp\/v2\/posts\/67590\/revisions\/67592"}],"wp:featuredmedia":[{"embeddable":true,"href":"https:\/\/miradordeatarfe.es\/index.php?rest_route=\/wp\/v2\/media\/67591"}],"wp:attachment":[{"href":"https:\/\/miradordeatarfe.es\/index.php?rest_route=%2Fwp%2Fv2%2Fmedia&parent=67590"}],"wp:term":[{"taxonomy":"category","embeddable":true,"href":"https:\/\/miradordeatarfe.es\/index.php?rest_route=%2Fwp%2Fv2%2Fcategories&post=67590"},{"taxonomy":"post_tag","embeddable":true,"href":"https:\/\/miradordeatarfe.es\/index.php?rest_route=%2Fwp%2Fv2%2Ftags&post=67590"}],"curies":[{"name":"wp","href":"https:\/\/api.w.org\/{rel}","templated":true}]}}