{"id":67593,"date":"2024-03-05T10:25:53","date_gmt":"2024-03-05T09:25:53","guid":{"rendered":"https:\/\/miradordeatarfe.es\/?p=67593"},"modified":"2024-03-03T21:32:52","modified_gmt":"2024-03-03T20:32:52","slug":"el-reto-de-un-aire-mas-sano","status":"publish","type":"post","link":"https:\/\/miradordeatarfe.es\/?p=67593","title":{"rendered":"El reto de un aire m\u00e1s sano"},"content":{"rendered":"<h3 class=\"a_st\" style=\"text-align: justify;\">Las ciudades espa\u00f1olas disponen de solo seis a\u00f1os para reducir la contaminaci\u00f3n y cumplir con los nuevos l\u00edmites europeos<\/h3>\n<div class=\"a_c clearfix\" data-dtm-region=\"articulo_cuerpo\">\n<p class=\"\" style=\"text-align: justify;\">El repaso al actual nivel de contaminaci\u00f3n ambiental de las ciudades espa\u00f1olas arroja un resultado desolador: <a href=\"https:\/\/elpais.com\/economia\/2024-02-27\/vivienda-presenta-el-nuevo-indice-de-precios-para-poner-limites-a-los-alquileres.html\" target=\"_blank\" rel=\"noopener\" data-link-track-dtm=\"\" data-mrf-link=\"https:\/\/elpais.com\/economia\/2024-02-27\/vivienda-presenta-el-nuevo-indice-de-precios-para-poner-limites-a-los-alquileres.html\">ninguna cumple con los l\u00edmites establecidos por la Uni\u00f3n Europea para 2030. <\/a>Espa\u00f1a, nuevamente, parece estar dispuesta a actuar a remolque en este apartado crucial para la salud de los ciudadanos. La insalubridad del aire de las grandes urbes es la primera causa de muerte evitable de sus habitantes. Las afecciones cardiorrespiratorias y pulmonares se ceban en ellos y, si bien poco a poco se est\u00e1 reduciendo la contaminaci\u00f3n, lo cierto es que esta supera, adem\u00e1s, con creces los niveles de insalubridad que establece ya hoy la Organizaci\u00f3n Mundial de la Salud.<\/p>\n<p class=\"\" style=\"text-align: justify;\"><a href=\"https:\/\/elpais.com\/clima-y-medio-ambiente\/2024-02-20\/la-ue-acuerda-reducir-a-la-mitad-los-principales-contaminantes-del-aire-para-2030.html\" target=\"_blank\" rel=\"noopener\" data-link-track-dtm=\"\" data-mrf-link=\"https:\/\/elpais.com\/clima-y-medio-ambiente\/2024-02-20\/la-ue-acuerda-reducir-a-la-mitad-los-principales-contaminantes-del-aire-para-2030.html\">Cumplir con la nueva norma europea otorga a Espa\u00f1a apenas seis a\u00f1os<\/a> para reconducir la situaci\u00f3n. No ser\u00e1 f\u00e1cil. Desde las elecciones locales y auton\u00f3micas del pasado a\u00f1o han tomado el mando en las pol\u00edticas medioambientales partidos que las desde\u00f1an y que incluso niegan la crisis clim\u00e1tica. En ciudades como Gij\u00f3n, Valladolid, Castell\u00f3n, Lorca o Majadahonda se eliminan carriles bici y se reducen las llamadas Zonas de Bajas Emisiones (ZBE) o simplemente se retrasa su puesta en marcha.<\/p>\n<p class=\"\" style=\"text-align: justify;\">Algunos pol\u00edticos caminan hoy en la direcci\u00f3n equivocada. La corriente contra la agenda verde afecta a toda la Uni\u00f3n Europea, que recientemente ha hecho concesiones a unos agricultores soliviantados por sus problemas econ\u00f3micos y que han clamado contra ciertas medidas medioambientales. Pero en Espa\u00f1a el problema viene de lejos. Madrid y Barcelona son las dos grandes urbes que sufren una mayor concentraci\u00f3n de contaminaci\u00f3n, algo sobre lo que ya ha alertado la Uni\u00f3n Europea. <a href=\"https:\/\/elpais.com\/espana\/2023-01-03\/barcelona-supera-el-tope-de-contaminacion-de-la-ue-tras-la-pandemia-y-madrid-lo-cumple-por-primera-vez.html\" target=\"_blank\" rel=\"noopener\" data-link-track-dtm=\"\" data-mrf-link=\"https:\/\/elpais.com\/espana\/2023-01-03\/barcelona-supera-el-tope-de-contaminacion-de-la-ue-tras-la-pandemia-y-madrid-lo-cumple-por-primera-vez.html\">Barcelona es la \u00fanica urbe espa\u00f1ola que actualmente incumple el l\u00edmite <\/a>de 40 microgramos por metro c\u00fabico de di\u00f3xido de nitr\u00f3geno (NO\u2082); una cat\u00e1strofe si se tiene en cuenta que con la nueva directiva ese l\u00edmite quedar\u00e1 en 20 microgramos en 2030. Madrid ha estado muy cerca de superar los 40 microgramos, por lo que el esfuerzo para cumplir con los nuevos est\u00e1ndares tendr\u00e1 que ser igualmente intenso. En su lugar, el Ayuntamiento, pilotado por el popular Jos\u00e9 Luis Mart\u00ednez-Almeida, revirti\u00f3 el proyecto de Madrid Central de la anterior alcaldesa Manuela Carmena y finalmente lo sustituy\u00f3 por una ZBE de 4,72 kil\u00f3metros cuadrados frente a los 604,45 kil\u00f3metros cuadrados que ocupa la superficie de la capital.<\/p>\n<p class=\"\" style=\"text-align: justify;\">Pocas grandes ciudades espa\u00f1olas han establecido esas zonas de bajas emisiones que restringen el tr\u00e1fico rodado. Reducir el di\u00f3xido de nitr\u00f3geno que producen, sobre todo, los motores de di\u00e9sel supone una medida fundamental para mejorar la calidad del aire que respiramos. Pero hay otras iniciativas de urgente puesta en marcha, como favorecer el transporte colectivo y el el\u00e9ctrico o facilitar el tr\u00e1nsito de los peatones y de las bicicletas. A medio y largo plazo, los poderes p\u00fablicos deber\u00edan lanzarse a repensar el dise\u00f1o completo de nuestras ciudades, donde vive el grueso de la poblaci\u00f3n de cada pa\u00eds.<\/p>\n<p class=\"\" style=\"text-align: justify;\">Esperar a la retirada paulatina de veh\u00edculos di\u00e9sel desemboca en el desastre para millones de ciudadanos obligados a respirar un aire insano. M\u00e1s dif\u00edcil todav\u00eda ser\u00e1 reducir dr\u00e1sticamente, como exige la nueva normativa europea, el nivel de las micropart\u00edculas, que no dependen tanto de la combusti\u00f3n de los motores como del clima.<\/p>\n<p class=\"\" style=\"text-align: justify;\">Se necesita un compromiso profundo con la mejora del medio ambiente. Los incumplimientos pueden acarrear multas europeas, pero m\u00e1s grave que las sanciones es jugar con la salud de los administrados.<\/p>\n<\/div>\n<p>&nbsp;<\/p>\n<p><a class=\"a_md_a_n\" title=\"Ver todas las noticias de El Pa\u00eds\" href=\"https:\/\/elpais.com\/autor\/el-pais\/#?rel=author_top\" data-mrf-link=\"https:\/\/elpais.com\/autor\/el-pais\/\"><strong>El Pa\u00eds<\/strong><\/a><\/p>\n<p>FOTO: Contaminaci\u00f3n sobre Barcelona.<span class=\"a_m_m\">David Triad\u00fa (EL PA\u00cdS)<\/span><\/p>\n<p>https:\/\/elpais.com\/opinion\/2024-02-29\/el-reto-de-un-aire-mas-sano.html<\/p>\n<div class=\"a_md _g _g-xs \">\n<figure class=\"a_md_i a_m-h c_m--nf\"><span class=\"a_m_w _db\">\u00a0<\/span><\/figure>\n<div class=\"a_md_txt\">\n<div class=\"a_md_a\" data-dtm-region=\"articulo_firma\">\u00a0<\/div>\n<\/div>\n<\/div>\n","protected":false},"excerpt":{"rendered":"<p>Las ciudades espa\u00f1olas disponen de solo seis a\u00f1os para reducir la contaminaci\u00f3n y cumplir con&#8230;<\/p>\n","protected":false},"author":1,"featured_media":67594,"comment_status":"closed","ping_status":"closed","sticky":false,"template":"","format":"standard","meta":{"_coblocks_attr":"","_coblocks_dimensions":"","_coblocks_responsive_height":"","_coblocks_accordion_ie_support":"","jetpack_post_was_ever_published":false,"_jetpack_newsletter_access":"","_jetpack_dont_email_post_to_subs":false,"_jetpack_newsletter_tier_id":0,"_jetpack_memberships_contains_paywalled_content":false,"_jetpack_memberships_contains_paid_content":false,"footnotes":"","jetpack_publicize_message":"","jetpack_publicize_feature_enabled":true,"jetpack_social_post_already_shared":true,"jetpack_social_options":{"image_generator_settings":{"template":"highway","default_image_id":0,"enabled":false},"version":2}},"categories":[1161,9,44],"tags":[],"class_list":["post-67593","post","type-post","status-publish","format-standard","has-post-thumbnail","hentry","category-ciudadania","category-medio-ambiente","category-noticias-de-hoy"],"jetpack_publicize_connections":[],"jetpack_featured_media_url":"https:\/\/i0.wp.com\/miradordeatarfe.es\/wp-content\/uploads\/2024\/03\/Screenshot-2024-03-03-at-21-26-38-El-reto-de-un-aire-mas-sano.png?fit=382%2C330&ssl=1","jetpack_likes_enabled":true,"jetpack_sharing_enabled":true,"_links":{"self":[{"href":"https:\/\/miradordeatarfe.es\/index.php?rest_route=\/wp\/v2\/posts\/67593","targetHints":{"allow":["GET"]}}],"collection":[{"href":"https:\/\/miradordeatarfe.es\/index.php?rest_route=\/wp\/v2\/posts"}],"about":[{"href":"https:\/\/miradordeatarfe.es\/index.php?rest_route=\/wp\/v2\/types\/post"}],"author":[{"embeddable":true,"href":"https:\/\/miradordeatarfe.es\/index.php?rest_route=\/wp\/v2\/users\/1"}],"replies":[{"embeddable":true,"href":"https:\/\/miradordeatarfe.es\/index.php?rest_route=%2Fwp%2Fv2%2Fcomments&post=67593"}],"version-history":[{"count":1,"href":"https:\/\/miradordeatarfe.es\/index.php?rest_route=\/wp\/v2\/posts\/67593\/revisions"}],"predecessor-version":[{"id":67595,"href":"https:\/\/miradordeatarfe.es\/index.php?rest_route=\/wp\/v2\/posts\/67593\/revisions\/67595"}],"wp:featuredmedia":[{"embeddable":true,"href":"https:\/\/miradordeatarfe.es\/index.php?rest_route=\/wp\/v2\/media\/67594"}],"wp:attachment":[{"href":"https:\/\/miradordeatarfe.es\/index.php?rest_route=%2Fwp%2Fv2%2Fmedia&parent=67593"}],"wp:term":[{"taxonomy":"category","embeddable":true,"href":"https:\/\/miradordeatarfe.es\/index.php?rest_route=%2Fwp%2Fv2%2Fcategories&post=67593"},{"taxonomy":"post_tag","embeddable":true,"href":"https:\/\/miradordeatarfe.es\/index.php?rest_route=%2Fwp%2Fv2%2Ftags&post=67593"}],"curies":[{"name":"wp","href":"https:\/\/api.w.org\/{rel}","templated":true}]}}