{"id":67602,"date":"2024-03-12T11:09:41","date_gmt":"2024-03-12T10:09:41","guid":{"rendered":"https:\/\/miradordeatarfe.es\/?p=67602"},"modified":"2024-03-12T15:56:31","modified_gmt":"2024-03-12T14:56:31","slug":"soy-finalista-del-premio-nadal-por-fran-lopez","status":"publish","type":"post","link":"https:\/\/miradordeatarfe.es\/?p=67602","title":{"rendered":"\u00a1Soy finalista del Premio Nadal! &#8211; Por Fran L\u00f3pez"},"content":{"rendered":"<h3 style=\"text-align: justify;\">Corr\u00eda la noche del 6 de enero de 1948. F\u00e1cilmente podr\u00eda ser una noche cualquiera con la peculiaridad de que se fallaba la cuarta edici\u00f3n del Premio Nadal. En la redacci\u00f3n del peri\u00f3dico <em><i>El Norte de Castilla<\/i><\/em>, donde trabajaba desde inicio de la d\u00e9cada de los cuarenta, inquieto e impaciente, no dejaba de entrar y salir de la cabina de teletipos donde se recib\u00edan las \u00faltimas noticias.<\/h3>\n<p style=\"text-align: justify;\">Haciendo gala a la sobriedad, discreci\u00f3n y parquedad que le precedi\u00f3 a lo largo de su vida, no hab\u00eda compartido con ninguno de los compa\u00f1eros que le acompa\u00f1aban que hab\u00eda presentado su primera novela al mencionado premio literario y que, su inusual nerviosismo e inquietud resid\u00eda en encontrar en primicia la noticia que anunciara el fallo del jurado.<\/p>\n<p style=\"text-align: justify;\"><a href=\"https:\/\/i0.wp.com\/miradordeatarfe.es\/wp-content\/uploads\/2024\/03\/Imagen1.png?ssl=1\"><img data-recalc-dims=\"1\" loading=\"lazy\" decoding=\"async\" class=\"wp-image-67604 size-full alignleft\" src=\"https:\/\/i0.wp.com\/miradordeatarfe.es\/wp-content\/uploads\/2024\/03\/Imagen1.png?resize=438%2C509&#038;ssl=1\" alt=\"\" width=\"438\" height=\"509\" srcset=\"https:\/\/i0.wp.com\/miradordeatarfe.es\/wp-content\/uploads\/2024\/03\/Imagen1.png?w=438&amp;ssl=1 438w, https:\/\/i0.wp.com\/miradordeatarfe.es\/wp-content\/uploads\/2024\/03\/Imagen1.png?resize=258%2C300&amp;ssl=1 258w\" sizes=\"auto, (max-width: 438px) 100vw, 438px\" \/><\/a>Con la mano levantada y agitando la noticia a modo de banderola, sali\u00f3 de la cabina de teletipos, una vez m\u00e1s, en esta ocasi\u00f3n con agitaci\u00f3n y al grito de: \u00a1Soy finalista del Premio Nadal! Autom\u00e1ticamente, las caras de sus compa\u00f1eros tornaron en gesto de sorpresa y estupefacci\u00f3n que, tras los primeros segundos, se convirtieron en amplias sonrisas, seguidas de alegr\u00eda e incredulidad.<\/p>\n<p style=\"text-align: justify;\">Miguel Manuel Mariano Delibes Seti\u00e9n se lee en su partida de bautismo de la parroquia de San Idelfonso, en Valladolid. A sus veintis\u00e9is a\u00f1os y con su primera obra literaria, <em>La sombra del cipr\u00e9s es alargada,<\/em>\u00a0fue galardonado con el Premio Nadal, dando inicio as\u00ed a su carrera como escritor, que compagin\u00f3 a lo largo de su vida con sus clases como catedr\u00e1tico de Derecho Mercantil, su dedicaci\u00f3n period\u00edstica en <em>El Norte de Castilla<\/em>\u00a0-del que terminar\u00eda siendo su director-, su vida familiar y sus continuas salidas al campo donde aseguraba haber pasado la mitad de su vida y que, como \u00fanico lamento, a\u00f1oraba no haber pasado tambi\u00e9n la otra mitad restante.<\/p>\n<p style=\"text-align: justify;\">A\u00f1os antes, en la primavera de 1939, Miguel Delibes conoce a \u00c1ngeles de Castro, de quien se enamora. Por aquel entonces, sintiendo la necesidad de expresar su arte, dibujaba y caricaturizaba a personajes de actualidad, actores, futbolistas, etc. Le surgi\u00f3 la oportunidad de exponer sus trabajos en los caf\u00e9s de su entorno. Fue de esta forma, pr\u00e1cticamente de casualidad, como consigue su primer trabajo. Caricaturista del reci\u00e9n estrenado peri\u00f3dico <em>El Norte de Castilla<\/em>, que comienza a publicar en sus ediciones una tira humor\u00edstica con los monos de Miguel Delibes. \u00c9ste, en una muestra del amor profesado a su reciente noviazgo, firmaba sus trabajos como MAX. La M de Miguel, la A de \u00c1ngeles y la X que representaba la inc\u00f3gnita de su futuro juntos.<\/p>\n<p style=\"text-align: justify;\">\u00c1ngeles, por aquellos entonces, pr\u00e1cticamente una ni\u00f1a, contaba con quince a\u00f1os. Bella, gr\u00e1cil, vivaz y luminosa, seg\u00fan los recuerdos de Miguel, lleg\u00f3 a afirmar que, con su sola presencia, aligeraba la pesadumbre del vivir. Contaban que en sus primeros encuentros paseaban por el parque del Campo Grande hasta llegar al segundo banco de la derecha con direcci\u00f3n a la caseta de los guardas, donde se sentaban a mirarse de cerca a los ojos, con los nervios y la emoci\u00f3n de los primeros encuentros, amartelados. Hermosa actividad hoy incomprendida que dir\u00eda el maestro Delibes.<\/p>\n<p style=\"text-align: justify;\"><em><a href=\"https:\/\/i0.wp.com\/miradordeatarfe.es\/wp-content\/uploads\/2024\/03\/Imagen3.png?ssl=1\"><img data-recalc-dims=\"1\" loading=\"lazy\" decoding=\"async\" class=\"size-medium wp-image-67605 alignright\" src=\"https:\/\/i0.wp.com\/miradordeatarfe.es\/wp-content\/uploads\/2024\/03\/Imagen3.png?resize=226%2C300&#038;ssl=1\" alt=\"\" width=\"226\" height=\"300\" srcset=\"https:\/\/i0.wp.com\/miradordeatarfe.es\/wp-content\/uploads\/2024\/03\/Imagen3.png?resize=226%2C300&amp;ssl=1 226w, https:\/\/i0.wp.com\/miradordeatarfe.es\/wp-content\/uploads\/2024\/03\/Imagen3.png?resize=772%2C1024&amp;ssl=1 772w, https:\/\/i0.wp.com\/miradordeatarfe.es\/wp-content\/uploads\/2024\/03\/Imagen3.png?resize=768%2C1018&amp;ssl=1 768w, https:\/\/i0.wp.com\/miradordeatarfe.es\/wp-content\/uploads\/2024\/03\/Imagen3.png?resize=1158%2C1536&amp;ssl=1 1158w, https:\/\/i0.wp.com\/miradordeatarfe.es\/wp-content\/uploads\/2024\/03\/Imagen3.png?resize=1024%2C1358&amp;ssl=1 1024w, https:\/\/i0.wp.com\/miradordeatarfe.es\/wp-content\/uploads\/2024\/03\/Imagen3.png?resize=1320%2C1750&amp;ssl=1 1320w, https:\/\/i0.wp.com\/miradordeatarfe.es\/wp-content\/uploads\/2024\/03\/Imagen3.png?w=1448&amp;ssl=1 1448w\" sizes=\"auto, (max-width: 226px) 100vw, 226px\" \/><\/a>\u00abLas cosas pod\u00edan haber sucedido de cualquier otra manera y, sin embargo, sucedieron as\u00ed.\u00bb<\/em>\u00a0La llegada de \u00c1ngeles a la vida de Miguel, entre otras muchas cosas, trajo consigo el amor por los libros y la literatura, pues ella \u00e1vida lectora, instaur\u00f3 en \u00e9l la pasi\u00f3n de la palabra escrita. Pese a las dificultades econ\u00f3micas que en sus primeros tiempos pasaron juntos, ambos comenzaron a formar su propia biblioteca. En los primeros libros adquiridos, \u00c1ngeles, en las p\u00e1ginas de cortes\u00eda, dejaba anotado: <em>\u00abMe lo regal\u00f3 Miguel\u00bb; \u00abLo compr\u00e9 con el dinero de Miguel\u00bb; \u00abLo compramos ayer Miguel y yo\u00bb.<\/em><\/p>\n<p style=\"text-align: justify;\">Reconoc\u00eda Miguel Delibes que nunca hab\u00eda sabido llevar un orden establecido en sus lecturas, sino que, m\u00e1s bien era lector a salto de mata e igual se encontraba leyendo un cl\u00e1sico universal, que una novela de caballer\u00edas. Lo importante es que, de la imposici\u00f3n de este frenes\u00ed lector, nace la necesidad de Delibes de expresarse de forma escrita a trav\u00e9s de la literatura, convirti\u00e9ndose as\u00ed en un hombre sencillo que escribe sencillamente, hasta el punto de convertirse en uno de los mejores escritores de su tiempo.<\/p>\n<p style=\"text-align: justify;\">Con m\u00e1s de medio centenar de libros publicados a lo largo de su carrera, nunca abandon\u00f3 su humildad y le gustaba decir, que m\u00e1s que un escritor al uso, \u00e9l era un cazador que escribe. Con la caza como la mayor de sus aficiones, durante toda su vida fue fiel defensor de la ecolog\u00eda, la fauna y la flora. Visionario del deterioro que los humanos estamos provocando a la naturaleza y de lo que hoy llamamos cambio clim\u00e1tico. Escrib\u00eda con la ilusi\u00f3n de cambiar el mundo, de hacer la vida m\u00e1s honesta, de hacer prevalecer la justicia. Lo hac\u00eda con la suficiente mesura y contenci\u00f3n para no exacerbar odios ni violencia alguna.<\/p>\n<p style=\"text-align: justify;\">Miguel Delibes, muri\u00f3 el 12 de marzo de 2010 acuciado por un c\u00e1ncer que lo amedrent\u00f3 en los \u00faltimos a\u00f1os de su vida. Un hombre honrado a capa cabal, fiel a su ciudad, a su peri\u00f3dico, a su editorial, a su familia y a sus lectores. M\u00e1s de quince mil personas pasaron por su capilla ardiente para dar el \u00faltimo adi\u00f3s y al grito de \u00a1Maestro!, fue enterrado en el Pante\u00f3n de Hombres Ilustres de Valladolid.<\/p>\n<p style=\"text-align: justify;\">Catorce a\u00f1os despu\u00e9s de tu muerte, \u00e9ste aprendiz y admirador te honra y da las gracias, por haber puesto la palabra al servicio de la verdad y del bien. En mi memoria dejas tu recuerdo, en mi coraz\u00f3n, tus personajes.<\/p>\n<p style=\"text-align: justify;\">GRACIAS MAESTRO<\/p>\n<p><a href=\"https:\/\/i0.wp.com\/miradordeatarfe.es\/wp-content\/uploads\/2024\/03\/Imagen4.png?ssl=1\"><img data-recalc-dims=\"1\" loading=\"lazy\" decoding=\"async\" class=\"alignnone wp-image-67606 size-full\" src=\"https:\/\/i0.wp.com\/miradordeatarfe.es\/wp-content\/uploads\/2024\/03\/Imagen4.png?resize=438%2C902&#038;ssl=1\" alt=\"\" width=\"438\" height=\"902\" srcset=\"https:\/\/i0.wp.com\/miradordeatarfe.es\/wp-content\/uploads\/2024\/03\/Imagen4.png?w=438&amp;ssl=1 438w, https:\/\/i0.wp.com\/miradordeatarfe.es\/wp-content\/uploads\/2024\/03\/Imagen4.png?resize=146%2C300&amp;ssl=1 146w\" sizes=\"auto, (max-width: 438px) 100vw, 438px\" \/><\/a><\/p>\n<p>Todas las im\u00e1genes que a continuaci\u00f3n se exponen han sido sacadas de la p\u00e1gina web oficial de la Fundaci\u00f3n Delibes.<\/p>\n<p><em>https:\/\/fundacionmigueldelibes.es<\/em><\/p>\n<p>&nbsp;<\/p>\n<p>&nbsp;<\/p>\n<p>&nbsp;<\/p>\n<p>&nbsp;<\/p>\n<p>&nbsp;<\/p>\n<p>&nbsp;<\/p>\n","protected":false},"excerpt":{"rendered":"<p>Corr\u00eda la noche del 6 de enero de 1948. F\u00e1cilmente podr\u00eda ser una noche cualquiera&#8230;<\/p>\n","protected":false},"author":1,"featured_media":67603,"comment_status":"closed","ping_status":"closed","sticky":false,"template":"","format":"standard","meta":{"_coblocks_attr":"","_coblocks_dimensions":"","_coblocks_responsive_height":"","_coblocks_accordion_ie_support":"","jetpack_post_was_ever_published":false,"_jetpack_newsletter_access":"","_jetpack_dont_email_post_to_subs":false,"_jetpack_newsletter_tier_id":0,"_jetpack_memberships_contains_paywalled_content":false,"_jetpack_memberships_contains_paid_content":false,"footnotes":"","jetpack_publicize_message":"","jetpack_publicize_feature_enabled":true,"jetpack_social_post_already_shared":false,"jetpack_social_options":{"image_generator_settings":{"template":"highway","default_image_id":0,"enabled":false},"version":2}},"categories":[10794,44,6937],"tags":[],"class_list":["post-67602","post","type-post","status-publish","format-standard","has-post-thumbnail","hentry","category-fran-lopez","category-noticias-de-hoy","category-sociedad"],"jetpack_publicize_connections":[],"jetpack_featured_media_url":"https:\/\/i0.wp.com\/miradordeatarfe.es\/wp-content\/uploads\/2024\/03\/Imagen2.png?fit=438%2C400&ssl=1","jetpack_likes_enabled":true,"jetpack_sharing_enabled":true,"_links":{"self":[{"href":"https:\/\/miradordeatarfe.es\/index.php?rest_route=\/wp\/v2\/posts\/67602","targetHints":{"allow":["GET"]}}],"collection":[{"href":"https:\/\/miradordeatarfe.es\/index.php?rest_route=\/wp\/v2\/posts"}],"about":[{"href":"https:\/\/miradordeatarfe.es\/index.php?rest_route=\/wp\/v2\/types\/post"}],"author":[{"embeddable":true,"href":"https:\/\/miradordeatarfe.es\/index.php?rest_route=\/wp\/v2\/users\/1"}],"replies":[{"embeddable":true,"href":"https:\/\/miradordeatarfe.es\/index.php?rest_route=%2Fwp%2Fv2%2Fcomments&post=67602"}],"version-history":[{"count":1,"href":"https:\/\/miradordeatarfe.es\/index.php?rest_route=\/wp\/v2\/posts\/67602\/revisions"}],"predecessor-version":[{"id":67607,"href":"https:\/\/miradordeatarfe.es\/index.php?rest_route=\/wp\/v2\/posts\/67602\/revisions\/67607"}],"wp:featuredmedia":[{"embeddable":true,"href":"https:\/\/miradordeatarfe.es\/index.php?rest_route=\/wp\/v2\/media\/67603"}],"wp:attachment":[{"href":"https:\/\/miradordeatarfe.es\/index.php?rest_route=%2Fwp%2Fv2%2Fmedia&parent=67602"}],"wp:term":[{"taxonomy":"category","embeddable":true,"href":"https:\/\/miradordeatarfe.es\/index.php?rest_route=%2Fwp%2Fv2%2Fcategories&post=67602"},{"taxonomy":"post_tag","embeddable":true,"href":"https:\/\/miradordeatarfe.es\/index.php?rest_route=%2Fwp%2Fv2%2Ftags&post=67602"}],"curies":[{"name":"wp","href":"https:\/\/api.w.org\/{rel}","templated":true}]}}