{"id":67613,"date":"2024-03-06T10:33:22","date_gmt":"2024-03-06T09:33:22","guid":{"rendered":"https:\/\/miradordeatarfe.es\/?p=67613"},"modified":"2024-03-06T10:30:22","modified_gmt":"2024-03-06T09:30:22","slug":"convocatoria-de-la-manifestacion-de-granada-el-8m-mas-feminismo-mejor-sociedad","status":"publish","type":"post","link":"https:\/\/miradordeatarfe.es\/?p=67613","title":{"rendered":"CONVOCATORIA DE LA MANIFESTACI\u00d3N DE GRANADA EL 8M \u00abM\u00c1S FEMINISMO MEJOR SOCIEDAD\u00bb"},"content":{"rendered":"<h3><span style=\"color: #ff00ff;\">LA PLATAFORMA<\/span> <span style=\"color: #ff00ff;\">8M 25N DE GRANADA<\/span> NOS CONVOCA EL <span style=\"color: #ff00ff;\">VIERNES 8 DE MARZO A LAS 18H<\/span> EN LA MANIFESTACI\u00d3N <span style=\"color: #ff00ff;\">DESDE LA PLAZA DEL TRIUNFO AL PASEO DEL SAL\u00d3N<\/span> QUE CADA D\u00cdA INTERNACIONAL DE LA MUJER REALIZA EN GRANADA<\/h3>\n<p style=\"text-align: justify;\">Otro 8 marzo nos movilizamos para reivindicar la igualdad real y efectiva entre mujeres y hombres. Ahora, m\u00e1s que nunca, es necesario frenar el peligroso avance de medidas mis\u00f3ginas aprobadas en comunidades aut\u00f3nomas con gobiernos de ultraderecha y la publicaci\u00f3n de discursos encaminados a revertir derechos que cre\u00edamos consolidados.<\/p>\n<p style=\"text-align: justify;\">Vivimos una profunda crisis cultural, medioambiental, econ\u00f3mica\u2026 y la ideolog\u00eda de ultraderecha cuestiona los avances alcanzados con un amplio consenso, aprovechando para imponer su modelo de familia y el papel de las mujeres en la ella y en toda la sociedad.<\/p>\n<p style=\"text-align: justify;\">Las mujeres contribuimos de forma valiosa a la econom\u00eda, ya sea como emprendedoras, empleadas o como cuidadoras dom\u00e9sticas no remuneradas. Sin embargo, solo una minor\u00eda ocupa altos puestos o cargos directivos. La brecha econ\u00f3mica de g\u00e9nero (cerca del 19% en Granada) persiste, agrav\u00e1ndose por razones de etnia, capacidad, orientaci\u00f3n sexual, religi\u00f3n, origen, zona de residencia, etc. Seguimos sufriendo una pobreza desproporcionada (un 53% de las asalariadas granadinas perciben un salario igual o inferior al SMI) y desempe\u00f1amos trabajos poco seguros y mal remunerados, cuyas consecuencias arrastramos hasta la jubilaci\u00f3n (la pensi\u00f3n anual media de una mujer en Granada es 30% menor que la de un hombre).<\/p>\n<p style=\"text-align: justify;\">El sistema patriarcal, imperante en nuestra sociedad, perpet\u00faa el acoso sexual y por raz\u00f3n de sexo hacia las mujeres. Este 8 de marzo ponemos el foco en el <b>cyberbullying, <\/b>uno de los principales tipos de acoso que se produce, a trav\u00e9s de las redes sociales, en la escuela, el instituto y la universidad. M\u00e1s de un 45% de las j\u00f3venes entre los 16 y 24 a\u00f1os se han sentido ofendidas, humilladas, intimidadas, acosadas y\/o agredidas mientras utilizaban las redes sociales.<\/p>\n<h3 style=\"text-align: justify;\"><b>ESTE 8M2024 EXIGIMOS <\/b><\/h3>\n<ol style=\"text-align: justify;\">\n<li>Control y supervisi\u00f3n del cumplimiento de la normativa vigente en materia de igualdad por parte de las empresas. Cumplimiento de las cl\u00e1usulas de revisi\u00f3n salarial en Negociaci\u00f3n Colectiva. Estabilidad en el empleo, aplicando la reforma del contrato laboral, reduciendo el contrato a tiempo parcial de las mujeres. Implicaci\u00f3n de la Inspecci\u00f3n de Trabajo, actuando de oficio ante cualquier tipo de discriminaci\u00f3n.<\/li>\n<\/ol>\n<ol style=\"text-align: justify;\" start=\"2\">\n<li>Fomento de empresas de inserci\u00f3n social y formaci\u00f3n remunerada, para mejorar la inserci\u00f3n sociolaboral de las mujeres en situaci\u00f3n o riesgo de exclusi\u00f3n.<\/li>\n<\/ol>\n<ol style=\"text-align: justify;\" start=\"3\">\n<li>Reforzamiento de la Sanidad P\u00fablica: programas de salud que aborden las necesidades de las mujeres a lo largo de sus vidas y tengan en cuenta sus m\u00faltiples funciones y responsabilidades. Educaci\u00f3n afectivo-sexual y reproductiva, para que las mujeres disfruten de una vida sexual satisfactoria y segura, as\u00ed como de la capacidad de gestionar su maternidad cuando deseen.<\/li>\n<\/ol>\n<ol style=\"text-align: justify;\" start=\"4\">\n<li>Cese de las subvenciones p\u00fablicas a grupos anti-elecci\u00f3n (mal llamados provida) por parte dela Junta de Andaluc\u00eda y otros gobiernos auton\u00f3micos que vulneran nuestro derecho a decidir.<\/li>\n<\/ol>\n<ol style=\"text-align: justify;\" start=\"5\">\n<li>Pol\u00edticas p\u00fablicas que apuesten por una sociedad inclusiva, respetuosa con la diversidad, la convivencia y la interrelaci\u00f3n y que destierren los mensajes de odio y violencia.<\/li>\n<\/ol>\n<ol style=\"text-align: justify;\" start=\"6\">\n<li>Pol\u00edticas sociales de apoyo a los cuidados de mayores, menores, dependientes, a trav\u00e9s de campa\u00f1as de sensibilizaci\u00f3n para el cambio sociocultural en materia de corresponsabilidad, fomentando y priorizando el reparto equitativo de responsabilidades familiares y personales.<\/li>\n<\/ol>\n<ol style=\"text-align: justify;\" start=\"7\">\n<li>Control en los objetivos de equilibrio de g\u00e9nero en los \u00f3rganos y comit\u00e9s gubernamentales, en las entidades administrativas p\u00fablicas y en el poder judicial, para aumentar sustancialmente el n\u00famero de mujeres y lograr la igualdad de representaci\u00f3n de mujeres y hombres.<\/li>\n<\/ol>\n<ol style=\"text-align: justify;\" start=\"8\">\n<li>Mayor y mejor participaci\u00f3n en todos los \u00e1mbitos del entorno digital, con medidas para incorporar la transversalidad de g\u00e9nero y disminuir las brechas existentes en su acceso y uso.<\/li>\n<\/ol>\n<ol style=\"text-align: justify;\" start=\"9\">\n<li>Educaci\u00f3n para la <b>IGUALDAD Y LA LIBERTAD<\/b> para el fortalecimiento de la participaci\u00f3n social y democr\u00e1tica.<\/li>\n<\/ol>\n<ol style=\"text-align: justify;\" start=\"10\">\n<li>Cese de la violencia contra la mujer (violencia de g\u00e9nero, asesinatos machistas, abuso sexual,acoso\u2026) que anula el disfrute de sus derechos humanos y libertades fundamentales.<\/li>\n<\/ol>\n<ol style=\"text-align: justify;\" start=\"11\">\n<li>Prorrogar el <b>\u00a1\u00a1\u00a1PACTO DE ESTADO YA!!! <\/b><\/li>\n<\/ol>\n<p style=\"text-align: justify;\">Queremos recordar hoy los conflictos armados que vivimos. Ofensiva de Israel contra la Franja de Gaza, invasi\u00f3n rusa de Ucrania, conflictos armados en Burkina Faso, Somalia, Sud\u00e1n, Yemen, Myanmar, Nigeria, Siria sin olvidar a las mujeres iran\u00edes y a las afganas bajo el r\u00e9gimen talib\u00e1n.<\/p>\n<p style=\"text-align: justify;\">La agresi\u00f3n, la ocupaci\u00f3n extranjera, los conflictos \u00e9tnicos, entre otros, son una realidad constante que afecta a mujeres en casi todas las regiones. Las violaciones de los derechos de las mujeres en situaciones de conflicto armado son violaciones de los principios fundamentales de los derechos humanos internacionales y del derecho humanitario. Trabajemos para proteger y promover los derechos humanos, la democracia y la resoluci\u00f3n pac\u00edfica y democr\u00e1tica de los conflictos. La paz est\u00e1 ligada a la igualdad entre mujeres y hombres y al desarrollo.<\/p>\n<h2 style=\"text-align: justify;\">Por todo ello: <b>M\u00c1S FEMINISMO, MEJOR SOCIEDAD<\/b><\/h2>\n<h2>INFORMACI\u00d3N SOBRE LAS PUNTOS DE ACCESO MANIFESTACI\u00d3N 8M2024<\/h2>\n<p style=\"text-align: justify;\">Desde el Espacio Feminista Unitario de Gran\u00e1 y P8M\/25N Contra la Violencia de G\u00e9nero de Granada somos conscientes de que no todas podemos hacer completo el recorrido de la manifestaci\u00f3n, pero a\u00fan as\u00ed todas tenemos derecho a luchar por nuestros derecho, por eso hemos decidido incorporar unos puntos de acceso.<\/p>\n<h3 style=\"text-align: justify;\">\u00bfQu\u00e9 son los puntos de acceso?<\/h3>\n<p style=\"text-align: justify;\">Los puntos de acceso han sido pensados por y para las personas con discapacidad que no pueden permitirse hacer el recorrido entero, aunque ciertamente puede beneficiarse de esta nueva medida cualquier persona que necesite darle uso para incorporarse a la manifestaci\u00f3n.<\/p>\n<h3 style=\"text-align: justify;\">\u00bfQu\u00e9 me encontrar\u00e9 cuando llegue al punto de acceso que elija?<\/h3>\n<p style=\"text-align: justify;\">Habr\u00e1 dos personas de la Comisi\u00f3n de Cuidados con chaleco amarillo reflectante para que pod\u00e1is diferenciarlas, ellas os ayudar\u00e1n a incorporaros a la manifestaci\u00f3n.<\/p>\n<h3 style=\"text-align: justify;\">\u00bfA qu\u00e9 hora tengo que ir a mi punto de acceso?<\/h3>\n<p style=\"text-align: justify;\">La manifestaci\u00f3n empieza a las 18h en Triunfo, por lo tanto para el punto de acceso de Isabel la Cat\u00f3lica deber\u00edais estar para las 18:45h, para Correos a las 19h<\/p>\n<p><a href=\"https:\/\/i0.wp.com\/miradordeatarfe.es\/wp-content\/uploads\/2024\/03\/CARTEL-8M2024-P8M.25N1-scaled.jpg?ssl=1\"><img data-recalc-dims=\"1\" loading=\"lazy\" decoding=\"async\" class=\"alignnone wp-image-67614 size-full\" src=\"https:\/\/i0.wp.com\/miradordeatarfe.es\/wp-content\/uploads\/2024\/03\/CARTEL-8M2024-P8M.25N1-scaled.jpg?resize=640%2C533&#038;ssl=1\" alt=\"\" width=\"640\" height=\"533\" srcset=\"https:\/\/i0.wp.com\/miradordeatarfe.es\/wp-content\/uploads\/2024\/03\/CARTEL-8M2024-P8M.25N1-scaled.jpg?w=2560&amp;ssl=1 2560w, https:\/\/i0.wp.com\/miradordeatarfe.es\/wp-content\/uploads\/2024\/03\/CARTEL-8M2024-P8M.25N1-scaled.jpg?resize=300%2C250&amp;ssl=1 300w, https:\/\/i0.wp.com\/miradordeatarfe.es\/wp-content\/uploads\/2024\/03\/CARTEL-8M2024-P8M.25N1-scaled.jpg?resize=1024%2C853&amp;ssl=1 1024w, https:\/\/i0.wp.com\/miradordeatarfe.es\/wp-content\/uploads\/2024\/03\/CARTEL-8M2024-P8M.25N1-scaled.jpg?resize=768%2C640&amp;ssl=1 768w, https:\/\/i0.wp.com\/miradordeatarfe.es\/wp-content\/uploads\/2024\/03\/CARTEL-8M2024-P8M.25N1-scaled.jpg?resize=1536%2C1280&amp;ssl=1 1536w, https:\/\/i0.wp.com\/miradordeatarfe.es\/wp-content\/uploads\/2024\/03\/CARTEL-8M2024-P8M.25N1-scaled.jpg?resize=2048%2C1706&amp;ssl=1 2048w, https:\/\/i0.wp.com\/miradordeatarfe.es\/wp-content\/uploads\/2024\/03\/CARTEL-8M2024-P8M.25N1-scaled.jpg?resize=1320%2C1100&amp;ssl=1 1320w, https:\/\/i0.wp.com\/miradordeatarfe.es\/wp-content\/uploads\/2024\/03\/CARTEL-8M2024-P8M.25N1-scaled.jpg?w=1920&amp;ssl=1 1920w\" sizes=\"auto, (max-width: 640px) 100vw, 640px\" \/><\/a><\/p>\n","protected":false},"excerpt":{"rendered":"<p>LA PLATAFORMA 8M 25N DE GRANADA NOS CONVOCA EL VIERNES 8 DE MARZO A LAS&#8230;<\/p>\n","protected":false},"author":1,"featured_media":67614,"comment_status":"closed","ping_status":"closed","sticky":false,"template":"","format":"standard","meta":{"_coblocks_attr":"","_coblocks_dimensions":"","_coblocks_responsive_height":"","_coblocks_accordion_ie_support":"","jetpack_post_was_ever_published":false,"_jetpack_newsletter_access":"","_jetpack_dont_email_post_to_subs":false,"_jetpack_newsletter_tier_id":0,"_jetpack_memberships_contains_paywalled_content":false,"_jetpack_memberships_contains_paid_content":false,"footnotes":"","jetpack_publicize_message":"","jetpack_publicize_feature_enabled":true,"jetpack_social_post_already_shared":true,"jetpack_social_options":{"image_generator_settings":{"template":"highway","default_image_id":0,"enabled":false},"version":2}},"categories":[14,10781,44],"tags":[],"class_list":["post-67613","post","type-post","status-publish","format-standard","has-post-thumbnail","hentry","category-feminismo","category-granada","category-noticias-de-hoy"],"jetpack_publicize_connections":[],"jetpack_featured_media_url":"https:\/\/i0.wp.com\/miradordeatarfe.es\/wp-content\/uploads\/2024\/03\/CARTEL-8M2024-P8M.25N1-scaled.jpg?fit=2560%2C2133&ssl=1","jetpack_likes_enabled":true,"jetpack_sharing_enabled":true,"_links":{"self":[{"href":"https:\/\/miradordeatarfe.es\/index.php?rest_route=\/wp\/v2\/posts\/67613","targetHints":{"allow":["GET"]}}],"collection":[{"href":"https:\/\/miradordeatarfe.es\/index.php?rest_route=\/wp\/v2\/posts"}],"about":[{"href":"https:\/\/miradordeatarfe.es\/index.php?rest_route=\/wp\/v2\/types\/post"}],"author":[{"embeddable":true,"href":"https:\/\/miradordeatarfe.es\/index.php?rest_route=\/wp\/v2\/users\/1"}],"replies":[{"embeddable":true,"href":"https:\/\/miradordeatarfe.es\/index.php?rest_route=%2Fwp%2Fv2%2Fcomments&post=67613"}],"version-history":[{"count":5,"href":"https:\/\/miradordeatarfe.es\/index.php?rest_route=\/wp\/v2\/posts\/67613\/revisions"}],"predecessor-version":[{"id":67620,"href":"https:\/\/miradordeatarfe.es\/index.php?rest_route=\/wp\/v2\/posts\/67613\/revisions\/67620"}],"wp:featuredmedia":[{"embeddable":true,"href":"https:\/\/miradordeatarfe.es\/index.php?rest_route=\/wp\/v2\/media\/67614"}],"wp:attachment":[{"href":"https:\/\/miradordeatarfe.es\/index.php?rest_route=%2Fwp%2Fv2%2Fmedia&parent=67613"}],"wp:term":[{"taxonomy":"category","embeddable":true,"href":"https:\/\/miradordeatarfe.es\/index.php?rest_route=%2Fwp%2Fv2%2Fcategories&post=67613"},{"taxonomy":"post_tag","embeddable":true,"href":"https:\/\/miradordeatarfe.es\/index.php?rest_route=%2Fwp%2Fv2%2Ftags&post=67613"}],"curies":[{"name":"wp","href":"https:\/\/api.w.org\/{rel}","templated":true}]}}