{"id":67621,"date":"2024-03-09T09:09:01","date_gmt":"2024-03-09T08:09:01","guid":{"rendered":"https:\/\/miradordeatarfe.es\/?p=67621"},"modified":"2024-03-07T10:04:07","modified_gmt":"2024-03-07T09:04:07","slug":"invertir-en-las-mujeres-acelerar-el-progreso","status":"publish","type":"post","link":"https:\/\/miradordeatarfe.es\/?p=67621","title":{"rendered":"Invertir en las mujeres: acelerar el progreso"},"content":{"rendered":"<h3 style=\"text-align: justify;\"><span class=\"NA6bn ILfuVd\" lang=\"es\"><span class=\"hgKElc\">El <b>8 de marzo<\/b> es una fecha de reivindicaci\u00f3n, conmemoraci\u00f3n y de celebraci\u00f3n. Reivindicaci\u00f3n de las demandas que siguen pendientes en cuanto al reconocimiento del ejercicio pleno de los derechos de todas las mujeres.<\/span><\/span><\/h3>\n<p style=\"text-align: justify;\">Lograr la igualdad de g\u00e9nero y el bienestar de la mujer en todos los \u00e1mbitos es m\u00e1s crucial que nunca si queremos generar econom\u00edas pr\u00f3speras y conseguir un planeta saludable.<\/p>\n<p style=\"text-align: justify;\">Sin embargo nos enfrentamos a un desaf\u00edo clave: no existe financiaci\u00f3n suficiente en materia de g\u00e9nero y contamos con un alarmante d\u00e9ficit anual de 360.000 millones de d\u00f3lares en medidas de igualdad de g\u00e9nero para 2030.<\/p>\n<p style=\"text-align: justify;\">\u00danete en nuestras reivindicaciones el 8 de marzo en el D\u00eda Internacional de la Mujer con el tema &#8216;Invertir en las mujeres: acelerar el progreso&#8217;.<\/p>\n<div class=\"col-lg-8\" style=\"text-align: justify;\">\n<p>Seg\u00fan la ONU hay cinco \u00e1reas clave que requieren una acci\u00f3n conjunta:<\/p>\n<ul>\n<li><strong>Invertir en mujeres, un problema de derechos humanos<\/strong> El tiempo apremia y la igualdad de g\u00e9nero es el mayor desaf\u00edo actual en materia de derechos humanos. No lo olvidemos, el progreso de las mujeres es un factor que beneficia a toda la sociedad.<\/li>\n<li><strong>Erradicar la pobreza <\/strong>Debido a la pandemia y los conflictos, 75 millones m\u00e1s de personas cayeron en la pobreza desde 2020 hasta ahora. La acci\u00f3n inmediata es crucial para evitar que m\u00e1s de 342 millones de mujeres y ni\u00f1as vivan en la pobreza para 2030.<\/li>\n<li><strong>Implementar financiaci\u00f3n sensible al g\u00e9nero <\/strong>Los conflictos y la inflaci\u00f3n pueden llevar al 75% de los pa\u00edses a reducir sus gastos p\u00fablicos de aqu\u00ed a 2025, afectando en gran medidas a las mujeres y sus servicios esenciales.<\/li>\n<li><strong>Transici\u00f3n a una econom\u00eda verde y a una sociedad del cuidado <\/strong>El sistema econ\u00f3mico actual afecta desproporcionadamente a mujeres. Se debe transitar a <a href=\"https:\/\/www.unwomen.org\/es\/noticias\/articulo-explicativo\/2024\/02\/implantar-la-sociedad-del-cuidado-cuidar-a-las-personas-y-el-planeta\">una econom\u00eda verde y una sociedad de cuidados<\/a>\u00a0para amplificar las voces femeninas.<\/li>\n<li><strong>Apoyar a las activistas de g\u00e9nero<\/strong>A pesar de liderar los esfuerzos de g\u00e9nero, las organizaciones feministas reciben solo el 0.13% de la asistencia oficial para el desarrollo.<\/li>\n<\/ul>\n<p><a href=\"https:\/\/i0.wp.com\/miradordeatarfe.es\/wp-content\/uploads\/2024\/03\/68442-peacekeeping-onuci-21_03_2005-14.03.09.png?ssl=1\"><img data-recalc-dims=\"1\" loading=\"lazy\" decoding=\"async\" class=\"wp-image-67623 size-large alignleft\" src=\"https:\/\/i0.wp.com\/miradordeatarfe.es\/wp-content\/uploads\/2024\/03\/68442-peacekeeping-onuci-21_03_2005-14.03.09.png?resize=640%2C238&#038;ssl=1\" alt=\"\" width=\"640\" height=\"238\" srcset=\"https:\/\/i0.wp.com\/miradordeatarfe.es\/wp-content\/uploads\/2024\/03\/68442-peacekeeping-onuci-21_03_2005-14.03.09.png?resize=1024%2C380&amp;ssl=1 1024w, https:\/\/i0.wp.com\/miradordeatarfe.es\/wp-content\/uploads\/2024\/03\/68442-peacekeeping-onuci-21_03_2005-14.03.09.png?resize=300%2C111&amp;ssl=1 300w, https:\/\/i0.wp.com\/miradordeatarfe.es\/wp-content\/uploads\/2024\/03\/68442-peacekeeping-onuci-21_03_2005-14.03.09.png?resize=768%2C285&amp;ssl=1 768w, https:\/\/i0.wp.com\/miradordeatarfe.es\/wp-content\/uploads\/2024\/03\/68442-peacekeeping-onuci-21_03_2005-14.03.09.png?resize=1536%2C569&amp;ssl=1 1536w, https:\/\/i0.wp.com\/miradordeatarfe.es\/wp-content\/uploads\/2024\/03\/68442-peacekeeping-onuci-21_03_2005-14.03.09.png?resize=2048%2C759&amp;ssl=1 2048w, https:\/\/i0.wp.com\/miradordeatarfe.es\/wp-content\/uploads\/2024\/03\/68442-peacekeeping-onuci-21_03_2005-14.03.09.png?resize=1320%2C489&amp;ssl=1 1320w, https:\/\/i0.wp.com\/miradordeatarfe.es\/wp-content\/uploads\/2024\/03\/68442-peacekeeping-onuci-21_03_2005-14.03.09.png?w=1920&amp;ssl=1 1920w\" sizes=\"auto, (max-width: 640px) 100vw, 640px\" \/><\/a>Los D\u00edas Internacionales\u00a0nos dan la oportunidad de sensibilizar al p\u00fablico en general sobre temas de gran\u00a0inter\u00e9s, tales como los derechos humanos, el desarrollo sostenible o la salud. Al mismo tiempo, pretenden llamar la atenci\u00f3n de los medios de comunicaci\u00f3n y los Gobiernos para dar a conocer problemas sin resolver que precisan la puesta en marcha de medidas pol\u00edticas concretas.\u00a0<\/p>\n<\/div>\n<div class=\"col-lg-4\">\n<div class=\"more-info\">\n<div class=\"heading-border block topmargin-sm\">\n<h3 style=\"text-align: justify;\">La <span class=\"english-link\">tem\u00e1tica para el D\u00eda de la Mujer 2024 de la ONU<\/span> est\u00e1 alineada con las reivindicaciones del D\u00eda Internacional para poner fin a la violencia de g\u00e9nero 2023: acabar con la violencia de g\u00e9nero a trav\u00e9s de la financiaci\u00f3n adecuada. Sin unas\u00a0inversiones ambiciosas que intensifiquen la prevenci\u00f3n,implementen unas\u00a0pol\u00edticas eficaces y mejoren la asistencia a las v\u00edctimas no hay manera de que los pa\u00edses logren eliminar la violencia de g\u00e9nero para 2030<\/h3>\n<p>FOTO:E<span class=\"image-caption\">xpertas viveristas y beneficiarias de un proyecto de ONU Mujeres en El Salvador, en donde trabajan en un vivero experimental para que puedan cultivar. <\/span><\/p>\n<div class=\"photo-credit\"><span class=\"photo-title\">Foto:<\/span><span class=\"credit\">ONU Mujeres en las Am\u00e9ricas y el Caribe<\/span><\/div>\n<\/div>\n<\/div>\n<\/div>\n","protected":false},"excerpt":{"rendered":"<p>El 8 de marzo es una fecha de reivindicaci\u00f3n, conmemoraci\u00f3n y de celebraci\u00f3n. Reivindicaci\u00f3n de&#8230;<\/p>\n","protected":false},"author":1,"featured_media":67622,"comment_status":"closed","ping_status":"closed","sticky":false,"template":"","format":"standard","meta":{"_coblocks_attr":"","_coblocks_dimensions":"","_coblocks_responsive_height":"","_coblocks_accordion_ie_support":"","jetpack_post_was_ever_published":false,"_jetpack_newsletter_access":"","_jetpack_dont_email_post_to_subs":false,"_jetpack_newsletter_tier_id":0,"_jetpack_memberships_contains_paywalled_content":false,"_jetpack_memberships_contains_paid_content":false,"footnotes":"","jetpack_publicize_message":"","jetpack_publicize_feature_enabled":true,"jetpack_social_post_already_shared":true,"jetpack_social_options":{"image_generator_settings":{"template":"highway","default_image_id":0,"enabled":false},"version":2}},"categories":[1161,14,44],"tags":[],"class_list":["post-67621","post","type-post","status-publish","format-standard","has-post-thumbnail","hentry","category-ciudadania","category-feminismo","category-noticias-de-hoy"],"jetpack_publicize_connections":[],"jetpack_featured_media_url":"https:\/\/i0.wp.com\/miradordeatarfe.es\/wp-content\/uploads\/2024\/03\/untitled-1.jpeg?fit=1350%2C500&ssl=1","jetpack_likes_enabled":true,"jetpack_sharing_enabled":true,"_links":{"self":[{"href":"https:\/\/miradordeatarfe.es\/index.php?rest_route=\/wp\/v2\/posts\/67621","targetHints":{"allow":["GET"]}}],"collection":[{"href":"https:\/\/miradordeatarfe.es\/index.php?rest_route=\/wp\/v2\/posts"}],"about":[{"href":"https:\/\/miradordeatarfe.es\/index.php?rest_route=\/wp\/v2\/types\/post"}],"author":[{"embeddable":true,"href":"https:\/\/miradordeatarfe.es\/index.php?rest_route=\/wp\/v2\/users\/1"}],"replies":[{"embeddable":true,"href":"https:\/\/miradordeatarfe.es\/index.php?rest_route=%2Fwp%2Fv2%2Fcomments&post=67621"}],"version-history":[{"count":1,"href":"https:\/\/miradordeatarfe.es\/index.php?rest_route=\/wp\/v2\/posts\/67621\/revisions"}],"predecessor-version":[{"id":67624,"href":"https:\/\/miradordeatarfe.es\/index.php?rest_route=\/wp\/v2\/posts\/67621\/revisions\/67624"}],"wp:featuredmedia":[{"embeddable":true,"href":"https:\/\/miradordeatarfe.es\/index.php?rest_route=\/wp\/v2\/media\/67622"}],"wp:attachment":[{"href":"https:\/\/miradordeatarfe.es\/index.php?rest_route=%2Fwp%2Fv2%2Fmedia&parent=67621"}],"wp:term":[{"taxonomy":"category","embeddable":true,"href":"https:\/\/miradordeatarfe.es\/index.php?rest_route=%2Fwp%2Fv2%2Fcategories&post=67621"},{"taxonomy":"post_tag","embeddable":true,"href":"https:\/\/miradordeatarfe.es\/index.php?rest_route=%2Fwp%2Fv2%2Ftags&post=67621"}],"curies":[{"name":"wp","href":"https:\/\/api.w.org\/{rel}","templated":true}]}}