{"id":67626,"date":"2024-03-07T10:14:31","date_gmt":"2024-03-07T09:14:31","guid":{"rendered":"https:\/\/miradordeatarfe.es\/?p=67626"},"modified":"2024-03-07T13:42:56","modified_gmt":"2024-03-07T12:42:56","slug":"dia-internacional-de-la-mujer-en-el-museo-arqueologico-y-etnologico-de-granada","status":"publish","type":"post","link":"https:\/\/miradordeatarfe.es\/?p=67626","title":{"rendered":"D\u00eda Internacional de la Mujer en el Museo Arqueol\u00f3gico y Etnol\u00f3gico de Granada"},"content":{"rendered":"<h3 style=\"text-align: justify;\">Para celebrar\u00a0el D\u00eda Internacional de la Mujer, este museo os propone las siguientes actividades:<\/h3>\n<p style=\"text-align: justify;\"><em><strong>Retazos: mujeres, arque\u00f3logas, investigadoras<\/strong><\/em><\/p>\n<p style=\"text-align: justify;\">Se trata de una actividad virtual de difusi\u00f3n de microrrelatos sobre mujeres arque\u00f3logas e investigadoras para todos los p\u00fablicos que se desarrollar\u00e1 desde el viernes 8 hasta el domingo 31 de marzo. Un\u00a0\u00a0alojamiento de micrositio en la p\u00e1gina web y perfiles de Redes Sociales, con v\u00eddeos cortos sobre relatos de mujeres que se dedican a la arqueolog\u00eda y los museos.<\/p>\n<p style=\"text-align: justify;\">Al ser una actividad de car\u00e1cter virtual no es necesaria reserva.<\/p>\n<h3 class=\"parrafo\" style=\"text-align: justify;\"><em><strong>Ciclo 8M: mujeres y arque\u00f3logas\u00a0en Los martes del Castril<\/strong><\/em><\/h3>\n<p class=\"parrafo\" style=\"text-align: justify;\">Ciclo de conferencias para p\u00fablico adulto durante tres martes del mes: 5, 12 y 19 de marzo a las 19:00h.\u00a0<\/p>\n<p class=\"parrafo\" style=\"text-align: justify;\">Se reanudan Los Martes de Castril. Durante el mes de marzo, en conmemoraci\u00f3n del 8M, t<strong><em>endremos un ciclo especial de conferencias dedicadas a la investigaci\u00f3n realizada por mujeres desde distintos \u00e1mbitos:<\/em><\/strong><\/p>\n<p class=\"parrafo\" style=\"text-align: justify;\">\u00a0&#8211; <strong>Martes 5 de marzo de 2024<\/strong>, 19:00h. \u00a0<em>Aportaciones de los yacimientos arqueol\u00f3gicos de Orce a la comprensi\u00f3n de la evoluci\u00f3n de la cultura humana<\/em>. Deborah Barsky (Investigadora del Instituto Catal\u00e1n de Paleoecolog\u00eda Humana y Evoluci\u00f3n Social (IPES-CERCA) y profesora asociada de la Universidad Rovira i Virgil de Tarragona (URV), Espa\u00f1a, en la Universidad Abierta de Catalu\u00f1a (UOC).<\/p>\n<p class=\"parrafo\" style=\"text-align: justify;\">&#8211; <strong>Martes 12 de marzo de 2024, 19:00h<\/strong>.\u00a0<em>Livia, Cornelia, Drusila y sus esclavas del mont\u00f3n<\/em>.\u00a0Mar\u00eda Isabel Fern\u00e1ndez Garc\u00eda (Catedr\u00e1tica de la Universidad de Granada. Departamento de Prehistoria y Arqueolog\u00eda).<\/p>\n<p class=\"parrafo\" style=\"text-align: justify;\">&#8211; <strong>Martes 19 de marzo de 2024, 19:00h<\/strong>. <em>\u00a0Patrimonio andaluz accesible. Los museos para todos<\/em>. Laura Carlucci, Catalina Jim\u00e9nez, Mavi Hurtado, Ainhoa Abasolo (TRACCE, MYDASS Instituto Andaluz Interuniversitario de Turismo).<\/p>\n<p class=\"parrafo\" style=\"text-align: justify;\">No es necesaria reserva , entrada libre hasta completar un aforo de 80 personas<\/p>\n","protected":false},"excerpt":{"rendered":"<p>Para celebrar\u00a0el D\u00eda Internacional de la Mujer, este museo os propone las siguientes actividades: Retazos:&#8230;<\/p>\n","protected":false},"author":1,"featured_media":67627,"comment_status":"closed","ping_status":"closed","sticky":false,"template":"","format":"standard","meta":{"_coblocks_attr":"","_coblocks_dimensions":"","_coblocks_responsive_height":"","_coblocks_accordion_ie_support":"","jetpack_post_was_ever_published":false,"_jetpack_newsletter_access":"","_jetpack_dont_email_post_to_subs":false,"_jetpack_newsletter_tier_id":0,"_jetpack_memberships_contains_paywalled_content":false,"_jetpack_memberships_contains_paid_content":false,"footnotes":"","jetpack_publicize_message":"","jetpack_publicize_feature_enabled":true,"jetpack_social_post_already_shared":true,"jetpack_social_options":{"image_generator_settings":{"template":"highway","default_image_id":0,"enabled":false},"version":2}},"categories":[14,10781,5359,10431,44],"tags":[],"class_list":["post-67626","post","type-post","status-publish","format-standard","has-post-thumbnail","hentry","category-feminismo","category-granada","category-madinat-ilbira","category-medina-elvira-2","category-noticias-de-hoy"],"jetpack_publicize_connections":[],"jetpack_featured_media_url":"https:\/\/i0.wp.com\/miradordeatarfe.es\/wp-content\/uploads\/2024\/03\/article.png?fit=1024%2C430&ssl=1","jetpack_likes_enabled":true,"jetpack_sharing_enabled":true,"_links":{"self":[{"href":"https:\/\/miradordeatarfe.es\/index.php?rest_route=\/wp\/v2\/posts\/67626","targetHints":{"allow":["GET"]}}],"collection":[{"href":"https:\/\/miradordeatarfe.es\/index.php?rest_route=\/wp\/v2\/posts"}],"about":[{"href":"https:\/\/miradordeatarfe.es\/index.php?rest_route=\/wp\/v2\/types\/post"}],"author":[{"embeddable":true,"href":"https:\/\/miradordeatarfe.es\/index.php?rest_route=\/wp\/v2\/users\/1"}],"replies":[{"embeddable":true,"href":"https:\/\/miradordeatarfe.es\/index.php?rest_route=%2Fwp%2Fv2%2Fcomments&post=67626"}],"version-history":[{"count":2,"href":"https:\/\/miradordeatarfe.es\/index.php?rest_route=\/wp\/v2\/posts\/67626\/revisions"}],"predecessor-version":[{"id":67629,"href":"https:\/\/miradordeatarfe.es\/index.php?rest_route=\/wp\/v2\/posts\/67626\/revisions\/67629"}],"wp:featuredmedia":[{"embeddable":true,"href":"https:\/\/miradordeatarfe.es\/index.php?rest_route=\/wp\/v2\/media\/67627"}],"wp:attachment":[{"href":"https:\/\/miradordeatarfe.es\/index.php?rest_route=%2Fwp%2Fv2%2Fmedia&parent=67626"}],"wp:term":[{"taxonomy":"category","embeddable":true,"href":"https:\/\/miradordeatarfe.es\/index.php?rest_route=%2Fwp%2Fv2%2Fcategories&post=67626"},{"taxonomy":"post_tag","embeddable":true,"href":"https:\/\/miradordeatarfe.es\/index.php?rest_route=%2Fwp%2Fv2%2Ftags&post=67626"}],"curies":[{"name":"wp","href":"https:\/\/api.w.org\/{rel}","templated":true}]}}