{"id":67630,"date":"2024-03-08T10:20:04","date_gmt":"2024-03-08T09:20:04","guid":{"rendered":"https:\/\/miradordeatarfe.es\/?p=67630"},"modified":"2024-03-08T11:15:31","modified_gmt":"2024-03-08T10:15:31","slug":"mujeres-que-hacen-historia-joaquina-eguaras-y-el-museo-arqueologico-de-granada","status":"publish","type":"post","link":"https:\/\/miradordeatarfe.es\/?p=67630","title":{"rendered":"Mujeres que hacen historia: Joaquina Eguaras y el Museo Arqueol\u00f3gico de Granada"},"content":{"rendered":"<h3 style=\"text-align: justify;\">La historia de una instituci\u00f3n centenaria como es el Museo Arqueol\u00f3gico y Etnol\u00f3gico de Granada est\u00e1 repleta de an\u00e9cdotas, personajes e incluso leyendas.<\/h3>\n<p style=\"text-align: justify;\">Podr\u00edamos llenar p\u00e1ginas sobre esta dilatada historia y sus personajes protagonistas, pero con esta noticia, nos gustar\u00eda recordar a alguien que en sus m\u00e1s de treinta a\u00f1os como directora del museo forma parte ineludible de este relato. Una mujer que moderniz\u00f3 el museo y que lo convirti\u00f3 en una instituci\u00f3n de primer orden, ampliando considerablemente su colecci\u00f3n y destacando en \u00e1reas tan diversas como la catalogaci\u00f3n y difusi\u00f3n de las colecciones y el impulso de excavaciones arqueol\u00f3gicas.<\/p>\n<p style=\"text-align: justify;\">Se trata de Joaquina Eguaras Ib\u00e1\u00f1ez. Nacida en Navarra en 1.897, lleg\u00f3 a Granada, la que ser\u00eda su ciudad durante el resto de su vida, con tan s\u00f3lo dos a\u00f1os de edad, y aqu\u00ed desarrollar\u00eda su brillante carrera profesional. Joaquina, abri\u00f3 un dif\u00edcil camino para much\u00edsimas mujeres que vendr\u00edan detr\u00e1s de ella, y consigui\u00f3 retos inimaginables para una mujer de la \u00e9poca: no \u00fanicamente estuvo entre las tres primeras mujeres en conseguir el acceso a la universidad, sino que tras licenciarse en Filosof\u00eda y Letras en 1.922, se convertir\u00eda en la primera mujer en desempe\u00f1ar el cargo de profesora en la Universidad de Granada en 1.925 y ser\u00eda la \u00fanica hasta una d\u00e9cada despu\u00e9s.<\/p>\n<p style=\"text-align: justify;\">En 1.930, ingres\u00f3 por oposici\u00f3n en el Cuerpo de Archiveros, Bibliotecarios y Arque\u00f3logos, incorpor\u00e1ndose desde el inicio como directora del Museo Arqueol\u00f3gico de Granada, puesto que ejerci\u00f3 hasta su jubilaci\u00f3n en 1.967. Desde este cargo impuls\u00f3 nuevas investigaciones y excavaciones, as\u00ed como la adquisici\u00f3n de nuevos fondos e importantes dep\u00f3sitos y donaciones como la de Manuel G\u00f3mez-Moreno Mart\u00ednez. En sus casi 37 a\u00f1os de direcci\u00f3n los fondos del museo se incrementaron de 1.800 a 8.500 piezas registradas. Entre las piezas que engrosaron la colecci\u00f3n bajo su direcci\u00f3n cabr\u00eda destacar algunas obras singulares que forman hoy d\u00eda parte de la exposici\u00f3n de los <em>Tesoros del Museo Arqueol\u00f3gico<\/em> como el Toro de Arjona, la Matrona de Almu\u00f1\u00e9car o la diadema de oro procedente de la Cueva de los Murci\u00e9lagos de Albu\u00f1ol. Adem\u00e1s, inici\u00f3 la secci\u00f3n de artes decorativas con la compra por parte del Estado de 260 piezas de vidrio de Castril.<\/p>\n<p style=\"text-align: justify;\">Entre sus otras ocupaciones destacan las publicaciones de estudios sem\u00edticos y sus aportaciones a la Escuela de Estudios \u00c1rabes, con la que colabor\u00f3 desde su surgimiento en 1.932 como docente especialista en \u00e1rabe y hebreo y tambi\u00e9n en el pasado musulm\u00e1n de Granada.<\/p>\n<p style=\"text-align: justify;\">Tan importante fue su labor, tanto la acad\u00e9mica como la desarrollada al frente del museo, que recibi\u00f3 numerosos reconocimientos y homenajes a su figura: al jubilarse en 1.967 fue nombrada por el Ministerio de Educaci\u00f3n y Ciencia, directora honoraria del Museo Arqueol\u00f3gico de Granada, y profesora adjunta honoraria de la Facultad de Letras de la Universidad de Granada. Tambi\u00e9n obtuvo la Orden de la Mehdawiya, la Orden Civil de Alfonso X el Sabio y la Medalla de plata al M\u00e9rito en las Bellas Artes. Adem\u00e1s, la ciudad de Granada quiso preservar para siempre su memoria otorg\u00e1ndole su nombre a una avenida y a un barrio.<\/p>\n<p><a href=\"https:\/\/i0.wp.com\/miradordeatarfe.es\/wp-content\/uploads\/2024\/03\/article-scaled.jpeg?ssl=1\"><img data-recalc-dims=\"1\" loading=\"lazy\" decoding=\"async\" class=\"alignnone wp-image-67631 size-full\" src=\"https:\/\/i0.wp.com\/miradordeatarfe.es\/wp-content\/uploads\/2024\/03\/article-scaled.jpeg?resize=640%2C414&#038;ssl=1\" alt=\"\" width=\"640\" height=\"414\" srcset=\"https:\/\/i0.wp.com\/miradordeatarfe.es\/wp-content\/uploads\/2024\/03\/article-scaled.jpeg?w=2560&amp;ssl=1 2560w, https:\/\/i0.wp.com\/miradordeatarfe.es\/wp-content\/uploads\/2024\/03\/article-scaled.jpeg?resize=300%2C194&amp;ssl=1 300w, https:\/\/i0.wp.com\/miradordeatarfe.es\/wp-content\/uploads\/2024\/03\/article-scaled.jpeg?resize=1024%2C662&amp;ssl=1 1024w, https:\/\/i0.wp.com\/miradordeatarfe.es\/wp-content\/uploads\/2024\/03\/article-scaled.jpeg?resize=768%2C497&amp;ssl=1 768w, https:\/\/i0.wp.com\/miradordeatarfe.es\/wp-content\/uploads\/2024\/03\/article-scaled.jpeg?resize=1536%2C993&amp;ssl=1 1536w, https:\/\/i0.wp.com\/miradordeatarfe.es\/wp-content\/uploads\/2024\/03\/article-scaled.jpeg?resize=2048%2C1324&amp;ssl=1 2048w, https:\/\/i0.wp.com\/miradordeatarfe.es\/wp-content\/uploads\/2024\/03\/article-scaled.jpeg?resize=1320%2C853&amp;ssl=1 1320w, https:\/\/i0.wp.com\/miradordeatarfe.es\/wp-content\/uploads\/2024\/03\/article-scaled.jpeg?w=1920&amp;ssl=1 1920w\" sizes=\"auto, (max-width: 640px) 100vw, 640px\" \/><\/a><\/p>\n","protected":false},"excerpt":{"rendered":"<p>La historia de una instituci\u00f3n centenaria como es el Museo Arqueol\u00f3gico y Etnol\u00f3gico de Granada&#8230;<\/p>\n","protected":false},"author":1,"featured_media":67632,"comment_status":"closed","ping_status":"closed","sticky":false,"template":"","format":"standard","meta":{"_coblocks_attr":"","_coblocks_dimensions":"","_coblocks_responsive_height":"","_coblocks_accordion_ie_support":"","jetpack_post_was_ever_published":false,"_jetpack_newsletter_access":"","_jetpack_dont_email_post_to_subs":false,"_jetpack_newsletter_tier_id":0,"_jetpack_memberships_contains_paywalled_content":false,"_jetpack_memberships_contains_paid_content":false,"footnotes":"","jetpack_publicize_message":"","jetpack_publicize_feature_enabled":true,"jetpack_social_post_already_shared":false,"jetpack_social_options":{"image_generator_settings":{"template":"highway","default_image_id":0,"enabled":false},"version":2}},"categories":[14,7721,44],"tags":[],"class_list":["post-67630","post","type-post","status-publish","format-standard","has-post-thumbnail","hentry","category-feminismo","category-mujeres-que-cambiaron-la-historia","category-noticias-de-hoy"],"jetpack_publicize_connections":[],"jetpack_featured_media_url":"https:\/\/i0.wp.com\/miradordeatarfe.es\/wp-content\/uploads\/2024\/03\/articleb.png?fit=1512%2C2095&ssl=1","jetpack_likes_enabled":true,"jetpack_sharing_enabled":true,"_links":{"self":[{"href":"https:\/\/miradordeatarfe.es\/index.php?rest_route=\/wp\/v2\/posts\/67630","targetHints":{"allow":["GET"]}}],"collection":[{"href":"https:\/\/miradordeatarfe.es\/index.php?rest_route=\/wp\/v2\/posts"}],"about":[{"href":"https:\/\/miradordeatarfe.es\/index.php?rest_route=\/wp\/v2\/types\/post"}],"author":[{"embeddable":true,"href":"https:\/\/miradordeatarfe.es\/index.php?rest_route=\/wp\/v2\/users\/1"}],"replies":[{"embeddable":true,"href":"https:\/\/miradordeatarfe.es\/index.php?rest_route=%2Fwp%2Fv2%2Fcomments&post=67630"}],"version-history":[{"count":1,"href":"https:\/\/miradordeatarfe.es\/index.php?rest_route=\/wp\/v2\/posts\/67630\/revisions"}],"predecessor-version":[{"id":67633,"href":"https:\/\/miradordeatarfe.es\/index.php?rest_route=\/wp\/v2\/posts\/67630\/revisions\/67633"}],"wp:featuredmedia":[{"embeddable":true,"href":"https:\/\/miradordeatarfe.es\/index.php?rest_route=\/wp\/v2\/media\/67632"}],"wp:attachment":[{"href":"https:\/\/miradordeatarfe.es\/index.php?rest_route=%2Fwp%2Fv2%2Fmedia&parent=67630"}],"wp:term":[{"taxonomy":"category","embeddable":true,"href":"https:\/\/miradordeatarfe.es\/index.php?rest_route=%2Fwp%2Fv2%2Fcategories&post=67630"},{"taxonomy":"post_tag","embeddable":true,"href":"https:\/\/miradordeatarfe.es\/index.php?rest_route=%2Fwp%2Fv2%2Ftags&post=67630"}],"curies":[{"name":"wp","href":"https:\/\/api.w.org\/{rel}","templated":true}]}}