{"id":67634,"date":"2024-03-06T11:16:00","date_gmt":"2024-03-06T10:16:00","guid":{"rendered":"https:\/\/miradordeatarfe.es\/?p=67634"},"modified":"2024-03-06T10:28:58","modified_gmt":"2024-03-06T09:28:58","slug":"67634","status":"publish","type":"post","link":"https:\/\/miradordeatarfe.es\/?p=67634","title":{"rendered":"LA CONCEJAL\u00cdA DE PARTICIPACI\u00d3N CIUDADANA PRESENTA EL PROYECTO: \u00abPARTICIPA ATARFE\u00bb"},"content":{"rendered":"<h3 style=\"text-align: justify;\">Ayer hubo en Atarfe la reuni\u00f3n de Participaci\u00f3n ciudadana en la que estuvieron\u00a0 muchas personas representantes de distintas asociaciones del pueblo, estuvo la alcaldesa y el Concejal de Participaci\u00f3n ciudadana que presentaron el programa: <span style=\"color: #800000;\">PARTICIPA ATARFE<\/span><\/h3>\n<p style=\"text-align: justify;\">Tal como expuso Yolanda Fern\u00e1ndez como Alcaldesa de Atarfe a los representantes de distintas asociaciones :<\/p>\n<p><a href=\"https:\/\/i0.wp.com\/miradordeatarfe.es\/wp-content\/uploads\/2024\/03\/IMG20240305181039-scaled.jpg?ssl=1\"><img data-recalc-dims=\"1\" loading=\"lazy\" decoding=\"async\" class=\"wp-image-67638  alignleft\" src=\"https:\/\/i0.wp.com\/miradordeatarfe.es\/wp-content\/uploads\/2024\/03\/IMG20240305181039.jpg?resize=522%2C393&#038;ssl=1\" alt=\"\" width=\"522\" height=\"393\" srcset=\"https:\/\/i0.wp.com\/miradordeatarfe.es\/wp-content\/uploads\/2024\/03\/IMG20240305181039-scaled.jpg?resize=1024%2C771&amp;ssl=1 1024w, https:\/\/i0.wp.com\/miradordeatarfe.es\/wp-content\/uploads\/2024\/03\/IMG20240305181039-scaled.jpg?resize=300%2C226&amp;ssl=1 300w, https:\/\/i0.wp.com\/miradordeatarfe.es\/wp-content\/uploads\/2024\/03\/IMG20240305181039-scaled.jpg?resize=768%2C578&amp;ssl=1 768w, https:\/\/i0.wp.com\/miradordeatarfe.es\/wp-content\/uploads\/2024\/03\/IMG20240305181039-scaled.jpg?resize=1536%2C1157&amp;ssl=1 1536w, https:\/\/i0.wp.com\/miradordeatarfe.es\/wp-content\/uploads\/2024\/03\/IMG20240305181039-scaled.jpg?resize=2048%2C1542&amp;ssl=1 2048w, https:\/\/i0.wp.com\/miradordeatarfe.es\/wp-content\/uploads\/2024\/03\/IMG20240305181039-scaled.jpg?resize=1320%2C994&amp;ssl=1 1320w, https:\/\/i0.wp.com\/miradordeatarfe.es\/wp-content\/uploads\/2024\/03\/IMG20240305181039-scaled.jpg?w=1920&amp;ssl=1 1920w\" sizes=\"auto, (max-width: 522px) 100vw, 522px\" \/><\/a><\/p>\n<p style=\"text-align: justify;\"><em>Es para m\u00ed un motivo de alegr\u00eda dirigirme a vosotros\/as para presentaros \u201cParticipa Atarfe\u201d, la nueva programaci\u00f3n del \u00c1rea de Participaci\u00f3n Ciudadana, como una muestra m\u00e1s del compromiso con los\/as atarfe\u00f1os\/as y nuestro tejido asociativo.<\/em><\/p>\n<p style=\"text-align: justify;\"><em>En nuestro objetivo por conseguir una <strong>ciudad m\u00e1s participativa<\/strong>, os presentamos un amplio n\u00famero de actividades que posibilitar\u00e1n el desarrollo de una ciudadan\u00eda m\u00e1s activa e inclusiva, en el que todas las personas, sean de donde sean, y en colaboraci\u00f3n con nuestras asociaciones, AMPAS y entidades locales, no s\u00f3lo formen parte o pertenezcan formalmente a esta ciudad, sino que intervengan activamente en ella a trav\u00e9s de los diferentes mecanismos que pondremos a vuestra disposici\u00f3n.<\/em><\/p>\n<p style=\"text-align: justify;\"><em>Queremos crear en Atarfe un lugar donde se puedan compartir y o\u00edr propuestas, inquietudes, iniciativas o proyectos y que, entre todos y todas, hagamos una ciudad m\u00e1s plural, igualitaria y responsable. Atarfe no puede perder su identidad de pueblo y es mi compromiso mantener su car\u00e1cter acogedor y solidario haci\u00e9ndoos participes del proyecto.<\/em><br \/>\n<em>Desde este espacio, como vuestra Alcaldesa, os animo a que se\u00e1is parte activa de este nuevo reto.<\/em><\/p>\n<p>&nbsp;<\/p>\n<p style=\"text-align: justify;\"><span class=\"x193iq5w xeuugli x13faqbe x1vvkbs x1xmvt09 x1lliihq x1s928wv xhkezso x1gmr53x x1cpjm7i x1fgarty x1943h6x xudqn12 x3x7a5m x6prxxf xvq8zen xo1l8bm xzsf02u x1yc453h\" dir=\"auto\"><span style=\"color: #800000;\">PARTICIPA ATARFE<\/span> es un proyecto que busca construir puentes entre generaciones a trav\u00e9s de charlas, debates, conciertos, exposiciones, proyecciones, etc., y en colaboraci\u00f3n con nuestro tejido asociativo, con el objetivo de fomentar la participaci\u00f3n ciudadana y el pensamiento cr\u00edtico de los\/as atarfe\u00f1os\/as.<\/span><\/p>\n<p style=\"text-align: justify;\">Presentaron el programa de actividades previstas para las asociaciones . Adem\u00e1s avisaron que se van a ofrecer sesiones formativas para la gesti\u00f3n de asociaciones, subvenciones, certificado digital&#8230; Se pretende que las asociaciones se sientan apoyadas en la gran labor que realizan en nuestro pueblo tal como explic\u00f3 Javier Arenas Concejal de Participaci\u00f3n:<\/p>\n<p><a href=\"https:\/\/i0.wp.com\/miradordeatarfe.es\/wp-content\/uploads\/2024\/03\/IMG20240305181151-scaled.jpg?ssl=1\"><img data-recalc-dims=\"1\" loading=\"lazy\" decoding=\"async\" class=\"wp-image-67639 size-large alignright\" src=\"https:\/\/i0.wp.com\/miradordeatarfe.es\/wp-content\/uploads\/2024\/03\/IMG20240305181151.jpg?resize=640%2C482&#038;ssl=1\" alt=\"\" width=\"640\" height=\"482\" srcset=\"https:\/\/i0.wp.com\/miradordeatarfe.es\/wp-content\/uploads\/2024\/03\/IMG20240305181151-scaled.jpg?resize=1024%2C771&amp;ssl=1 1024w, https:\/\/i0.wp.com\/miradordeatarfe.es\/wp-content\/uploads\/2024\/03\/IMG20240305181151-scaled.jpg?resize=300%2C226&amp;ssl=1 300w, https:\/\/i0.wp.com\/miradordeatarfe.es\/wp-content\/uploads\/2024\/03\/IMG20240305181151-scaled.jpg?resize=768%2C578&amp;ssl=1 768w, https:\/\/i0.wp.com\/miradordeatarfe.es\/wp-content\/uploads\/2024\/03\/IMG20240305181151-scaled.jpg?resize=1536%2C1157&amp;ssl=1 1536w, https:\/\/i0.wp.com\/miradordeatarfe.es\/wp-content\/uploads\/2024\/03\/IMG20240305181151-scaled.jpg?resize=2048%2C1542&amp;ssl=1 2048w, https:\/\/i0.wp.com\/miradordeatarfe.es\/wp-content\/uploads\/2024\/03\/IMG20240305181151-scaled.jpg?resize=1320%2C994&amp;ssl=1 1320w, https:\/\/i0.wp.com\/miradordeatarfe.es\/wp-content\/uploads\/2024\/03\/IMG20240305181151-scaled.jpg?w=1920&amp;ssl=1 1920w\" sizes=\"auto, (max-width: 640px) 100vw, 640px\" \/><\/a><em>Hace unos meses tom\u00e9 las riendas de la Concejal\u00eda de Participaci\u00f3n Ciudadana y comenc\u00e9 a imaginar un Atarfe vibrante, fuerte, cohesionado, en el que la participaci\u00f3n no fuese solo un acto puntual, donde distintas voces sirvieran de inspiraci\u00f3n para crear la identidad de nuestra ciudad y en el que, desde la diversidad, existiera un espacio abierto de di\u00e1logo en el que los intereses y aficiones de los\/as atarfe\u00f1os\/as se encontraran y fusionaran en una amplia gama de actividades.<\/em><\/p>\n<p style=\"text-align: justify;\"><em>Hoy te presento \u201cParticipa Atarfe\u201d un proyecto en el que, a trav\u00e9s de charlas, debates, conciertos, exposiciones, proyecciones, etc., y en colaboraci\u00f3n con nuestras asociaciones, AMPAS y entidades locales, estaremos construyendo puentes entre generaciones, conectando historias y creando memorias compartidas a trav\u00e9s de una herramienta que proporcionar\u00e1 a los\/as atarfe\u00f1os\/as un desarrollo m\u00e1s din\u00e1mico de su derecho de participaci\u00f3n ciudadana a la vez que trabajar\u00e1n su pensamiento cr\u00edtico.<\/em><\/p>\n<p style=\"text-align: justify;\"><em>En este escenario, los\/as j\u00f3venes, los\/as mayores, las mujeres y los hombres de cada rinc\u00f3n de nuestra ciudad, tendr\u00e1n un espacio donde trabajar materias tan diversas como el feminismo, la igualdad de oportunidades, la intergeneracionalidad, el medio ambiente, el arte o la cultura.<\/em><\/p>\n<p style=\"text-align: justify;\"><em>El objetivo de \u201cParticipa Atarfe\u201d es ser algo m\u00e1s que un programa de actividades trasversales e intergeneracionales, es una apuesta por intentar construir un Atarfe de \u201clibres-pensadores\u201d activos, donde cada idea y cada visi\u00f3n, nos haga crecer y ser mejores ciudadanos\/as a la vez que fortalecemos nuestro tejido asociativo, favoreciendo una ciudadan\u00eda m\u00e1s informada, responsable y participativa en la construcci\u00f3n de nuestra ciudad.<\/em><\/p>\n<p style=\"text-align: justify;\"><em>\u00a1Bienvenido\/a a \u201cParticipa Atarfe\u201d un lugar donde la diversidad es la clave, la participaci\u00f3n ciudadana es el motor y donde el Atarfe del futuro es nuestro objetivo!<\/em><\/p>\n<p style=\"text-align: justify;\">Para las personas y asociaciones que no pudieron asistir al acto, que acab\u00f3 con una convivencia entre los asistentes, os exponemos en este enlace el proyecto presentado:<\/p>\n<h3><a href=\"https:\/\/drive.google.com\/file\/d\/1jGYzKjrgxWtjH-_ciqT0adM9rwCZMcnf\/view?usp=sharing\">https:\/\/drive.google.com\/file\/d\/1jGYzKjrgxWtjH-_ciqT0adM9rwCZMcnf\/view?usp=sharing<\/a><\/h3>\n<p><a href=\"https:\/\/i0.wp.com\/miradordeatarfe.es\/wp-content\/uploads\/2024\/03\/IMG20240305181139-scaled.jpg?ssl=1\"><img data-recalc-dims=\"1\" loading=\"lazy\" decoding=\"async\" class=\"alignnone wp-image-67640 size-full\" src=\"https:\/\/i0.wp.com\/miradordeatarfe.es\/wp-content\/uploads\/2024\/03\/IMG20240305181139-scaled.jpg?resize=640%2C482&#038;ssl=1\" alt=\"\" width=\"640\" height=\"482\" srcset=\"https:\/\/i0.wp.com\/miradordeatarfe.es\/wp-content\/uploads\/2024\/03\/IMG20240305181139-scaled.jpg?w=2560&amp;ssl=1 2560w, https:\/\/i0.wp.com\/miradordeatarfe.es\/wp-content\/uploads\/2024\/03\/IMG20240305181139-scaled.jpg?resize=300%2C226&amp;ssl=1 300w, https:\/\/i0.wp.com\/miradordeatarfe.es\/wp-content\/uploads\/2024\/03\/IMG20240305181139-scaled.jpg?resize=1024%2C771&amp;ssl=1 1024w, https:\/\/i0.wp.com\/miradordeatarfe.es\/wp-content\/uploads\/2024\/03\/IMG20240305181139-scaled.jpg?resize=768%2C578&amp;ssl=1 768w, https:\/\/i0.wp.com\/miradordeatarfe.es\/wp-content\/uploads\/2024\/03\/IMG20240305181139-scaled.jpg?resize=1536%2C1157&amp;ssl=1 1536w, https:\/\/i0.wp.com\/miradordeatarfe.es\/wp-content\/uploads\/2024\/03\/IMG20240305181139-scaled.jpg?resize=2048%2C1542&amp;ssl=1 2048w, https:\/\/i0.wp.com\/miradordeatarfe.es\/wp-content\/uploads\/2024\/03\/IMG20240305181139-scaled.jpg?resize=1320%2C994&amp;ssl=1 1320w, https:\/\/i0.wp.com\/miradordeatarfe.es\/wp-content\/uploads\/2024\/03\/IMG20240305181139-scaled.jpg?w=1920&amp;ssl=1 1920w\" sizes=\"auto, (max-width: 640px) 100vw, 640px\" \/><\/a><\/p>\n","protected":false},"excerpt":{"rendered":"<p>Ayer hubo en Atarfe la reuni\u00f3n de Participaci\u00f3n ciudadana en la que estuvieron\u00a0 muchas personas&#8230;<\/p>\n","protected":false},"author":1,"featured_media":67637,"comment_status":"closed","ping_status":"closed","sticky":false,"template":"","format":"standard","meta":{"_coblocks_attr":"","_coblocks_dimensions":"","_coblocks_responsive_height":"","_coblocks_accordion_ie_support":"","jetpack_post_was_ever_published":false,"_jetpack_newsletter_access":"","_jetpack_dont_email_post_to_subs":false,"_jetpack_newsletter_tier_id":0,"_jetpack_memberships_contains_paywalled_content":false,"_jetpack_memberships_contains_paid_content":false,"footnotes":"","jetpack_publicize_message":"","jetpack_publicize_feature_enabled":true,"jetpack_social_post_already_shared":true,"jetpack_social_options":{"image_generator_settings":{"template":"highway","default_image_id":0,"enabled":false},"version":2}},"categories":[6916,1161,44],"tags":[],"class_list":["post-67634","post","type-post","status-publish","format-standard","has-post-thumbnail","hentry","category-ayuntamiento-de-atarfe","category-ciudadania","category-noticias-de-hoy"],"jetpack_publicize_connections":[],"jetpack_featured_media_url":"https:\/\/i0.wp.com\/miradordeatarfe.es\/wp-content\/uploads\/2024\/03\/IMG20240305181009-scaled.jpg?fit=2560%2C1928&ssl=1","jetpack_likes_enabled":true,"jetpack_sharing_enabled":true,"_links":{"self":[{"href":"https:\/\/miradordeatarfe.es\/index.php?rest_route=\/wp\/v2\/posts\/67634","targetHints":{"allow":["GET"]}}],"collection":[{"href":"https:\/\/miradordeatarfe.es\/index.php?rest_route=\/wp\/v2\/posts"}],"about":[{"href":"https:\/\/miradordeatarfe.es\/index.php?rest_route=\/wp\/v2\/types\/post"}],"author":[{"embeddable":true,"href":"https:\/\/miradordeatarfe.es\/index.php?rest_route=\/wp\/v2\/users\/1"}],"replies":[{"embeddable":true,"href":"https:\/\/miradordeatarfe.es\/index.php?rest_route=%2Fwp%2Fv2%2Fcomments&post=67634"}],"version-history":[{"count":3,"href":"https:\/\/miradordeatarfe.es\/index.php?rest_route=\/wp\/v2\/posts\/67634\/revisions"}],"predecessor-version":[{"id":67643,"href":"https:\/\/miradordeatarfe.es\/index.php?rest_route=\/wp\/v2\/posts\/67634\/revisions\/67643"}],"wp:featuredmedia":[{"embeddable":true,"href":"https:\/\/miradordeatarfe.es\/index.php?rest_route=\/wp\/v2\/media\/67637"}],"wp:attachment":[{"href":"https:\/\/miradordeatarfe.es\/index.php?rest_route=%2Fwp%2Fv2%2Fmedia&parent=67634"}],"wp:term":[{"taxonomy":"category","embeddable":true,"href":"https:\/\/miradordeatarfe.es\/index.php?rest_route=%2Fwp%2Fv2%2Fcategories&post=67634"},{"taxonomy":"post_tag","embeddable":true,"href":"https:\/\/miradordeatarfe.es\/index.php?rest_route=%2Fwp%2Fv2%2Ftags&post=67634"}],"curies":[{"name":"wp","href":"https:\/\/api.w.org\/{rel}","templated":true}]}}