{"id":67644,"date":"2024-03-06T10:30:56","date_gmt":"2024-03-06T09:30:56","guid":{"rendered":"https:\/\/miradordeatarfe.es\/?p=67644"},"modified":"2024-03-06T11:19:10","modified_gmt":"2024-03-06T10:19:10","slug":"atarfe-y-el-dia-internacional-de-las-mujeres","status":"publish","type":"post","link":"https:\/\/miradordeatarfe.es\/?p=67644","title":{"rendered":"ATARFE Y EL DIA INTERNACIONAL DE LAS MUJERES"},"content":{"rendered":"<div class=\"xdj266r x11i5rnm xat24cr x1mh8g0r x1vvkbs x126k92a\">\n<h3 dir=\"auto\">8 de Marzo: D\u00eda Internacional de las Mujeres!<\/h3>\n<p>Millones de mujeres de todo el mundo volver\u00e1n a salir a las calles para reivindicar sus derechos, promover su empoderamiento y pedir la igualdad real.<\/p>\n<p class=\"ue-c-article__paragraph\" data-mrf-recirculation=\"Links P\u00e1rrafos\">Hay un d\u00eda reservado en el <strong>calendario<\/strong> para reivindicar los derechos de la mujer as\u00ed como la igualdad social y laboral. Se trata de una jornada en la que millones de mujeres de todos los rincones del planeta salen a las calles para unirse en la lucha por la igualdad y contra la discriminaci\u00f3n. Hablamos del <a href=\"https:\/\/www.elmundo.es\/t\/di\/dia-internacional-de-la-mujer.html\" data-mrf-link=\"https:\/\/www.elmundo.es\/t\/di\/dia-internacional-de-la-mujer.html\"><strong>D\u00eda de la Mujer<\/strong><\/a>.<\/p>\n<p class=\"ue-c-article__paragraph\" data-mrf-recirculation=\"Links P\u00e1rrafos\">En 1975, la Organizaci\u00f3n de Naciones Unidas (<a href=\"https:\/\/www.elmundo.es\/como\/2022\/02\/28\/621d096d21efa054148b4598.html\" data-mrf-link=\"https:\/\/www.elmundo.es\/como\/2022\/02\/28\/621d096d21efa054148b4598.html\"><strong>ONU<\/strong><\/a>) celebr\u00f3 el A\u00f1o Internacional de la Mujer y dos a\u00f1os despu\u00e9s, la Asamblea General de la ONU proclam\u00f3 <strong>el D\u00eda de la Mujer<\/strong>. Hasta llegar este reconocimiento oficial, muchas trabajadoras protagonizaron durante un siglo sonadas huelgas y manifestaciones para reivindicar mejoras en las condiciones laborales.<\/p>\n<\/div>\n<div class=\"x11i5rnm xat24cr x1mh8g0r x1vvkbs xtlvy1s x126k92a\">\n<div dir=\"auto\">Atarfe brilla\u00a0 con mujeres fuertes y empoderadas. Aplaudimos a las mujeres que lideran, inspiran y construyen un futuro igualitario. Juntas, conmemoraremos logros, reivindicaremos derechos y avanzaremos hacia un Atarfe m\u00e1s justo e igualitario.\u00a0<\/div>\n<\/div>\n<div dir=\"auto\">\u00a0<\/div>\n<div dir=\"auto\"><iframe loading=\"lazy\" src=\"\/\/www.youtube.com\/embed\/47cbod_ym_E?feature=shared\" width=\"560\" height=\"314\" allowfullscreen=\"allowfullscreen\"><\/iframe><\/div>\n<div dir=\"auto\">\u00a0<\/div>\n<div class=\"x11i5rnm xat24cr x1mh8g0r x1vvkbs xtlvy1s x126k92a\">\n<div dir=\"auto\">Participa en la concentraci\u00f3n del Viernes 8 de Marzo!<\/div>\n<div dir=\"auto\">\u00a0<\/div>\n<\/div>\n<div class=\"x11i5rnm xat24cr x1mh8g0r x1vvkbs xtlvy1s x126k92a\">\n<div dir=\"auto\">Nos encontraremos e<strong>l viernes 8 de marzo a las 11:30 en el Centro Cultural, acompa\u00f1ados por la Batucada \u00abBloco Suca\u00bb. A las 12:00, en la Plaza del Ayuntamiento,<\/strong> leeremos el Manifiesto.<\/div>\n<div dir=\"auto\">\u00a0<\/div>\n<\/div>\n<div class=\"x11i5rnm xat24cr x1mh8g0r x1vvkbs xtlvy1s x126k92a\">\n<div dir=\"auto\">\u00a1Te esperamos! <span class=\"x3nfvp2 x1j61x8r x1fcty0u xdj266r xhhsvwb xat24cr xgzva0m xxymvpz xlup9mm x1kky2od\"><img loading=\"lazy\" decoding=\"async\" class=\"xz74otr\" src=\"https:\/\/static.xx.fbcdn.net\/images\/emoji.php\/v9\/t3f\/1\/16\/1f30d.png\" alt=\"&#x1f30d;\" width=\"16\" height=\"16\" \/><\/span><\/div>\n<div dir=\"auto\"><a href=\"https:\/\/i0.wp.com\/miradordeatarfe.es\/wp-content\/uploads\/2024\/03\/IMG_20230308_121917-scaled.jpg?ssl=1\"><img data-recalc-dims=\"1\" loading=\"lazy\" decoding=\"async\" class=\"alignnone wp-image-67647 size-full\" src=\"https:\/\/i0.wp.com\/miradordeatarfe.es\/wp-content\/uploads\/2024\/03\/IMG_20230308_121917-scaled.jpg?resize=640%2C480&#038;ssl=1\" alt=\"\" width=\"640\" height=\"480\" srcset=\"https:\/\/i0.wp.com\/miradordeatarfe.es\/wp-content\/uploads\/2024\/03\/IMG_20230308_121917-scaled.jpg?w=2560&amp;ssl=1 2560w, https:\/\/i0.wp.com\/miradordeatarfe.es\/wp-content\/uploads\/2024\/03\/IMG_20230308_121917-scaled.jpg?resize=300%2C225&amp;ssl=1 300w, https:\/\/i0.wp.com\/miradordeatarfe.es\/wp-content\/uploads\/2024\/03\/IMG_20230308_121917-scaled.jpg?resize=1024%2C768&amp;ssl=1 1024w, https:\/\/i0.wp.com\/miradordeatarfe.es\/wp-content\/uploads\/2024\/03\/IMG_20230308_121917-scaled.jpg?resize=768%2C576&amp;ssl=1 768w, https:\/\/i0.wp.com\/miradordeatarfe.es\/wp-content\/uploads\/2024\/03\/IMG_20230308_121917-scaled.jpg?resize=1536%2C1152&amp;ssl=1 1536w, https:\/\/i0.wp.com\/miradordeatarfe.es\/wp-content\/uploads\/2024\/03\/IMG_20230308_121917-scaled.jpg?resize=2048%2C1536&amp;ssl=1 2048w, https:\/\/i0.wp.com\/miradordeatarfe.es\/wp-content\/uploads\/2024\/03\/IMG_20230308_121917-scaled.jpg?resize=1320%2C990&amp;ssl=1 1320w, https:\/\/i0.wp.com\/miradordeatarfe.es\/wp-content\/uploads\/2024\/03\/IMG_20230308_121917-scaled.jpg?w=1920&amp;ssl=1 1920w\" sizes=\"auto, (max-width: 640px) 100vw, 640px\" \/><\/a><\/div>\n<\/div>\n","protected":false},"excerpt":{"rendered":"<p>8 de Marzo: D\u00eda Internacional de las Mujeres! Millones de mujeres de todo el mundo&#8230;<\/p>\n","protected":false},"author":1,"featured_media":67646,"comment_status":"closed","ping_status":"closed","sticky":false,"template":"","format":"standard","meta":{"_coblocks_attr":"","_coblocks_dimensions":"","_coblocks_responsive_height":"","_coblocks_accordion_ie_support":"","jetpack_post_was_ever_published":false,"_jetpack_newsletter_access":"","_jetpack_dont_email_post_to_subs":false,"_jetpack_newsletter_tier_id":0,"_jetpack_memberships_contains_paywalled_content":false,"_jetpack_memberships_contains_paid_content":false,"footnotes":"","jetpack_publicize_message":"","jetpack_publicize_feature_enabled":true,"jetpack_social_post_already_shared":false,"jetpack_social_options":{"image_generator_settings":{"template":"highway","default_image_id":0,"enabled":false},"version":2}},"categories":[6916,14,44],"tags":[],"class_list":["post-67644","post","type-post","status-publish","format-standard","has-post-thumbnail","hentry","category-ayuntamiento-de-atarfe","category-feminismo","category-noticias-de-hoy"],"jetpack_publicize_connections":[],"jetpack_featured_media_url":"https:\/\/i0.wp.com\/miradordeatarfe.es\/wp-content\/uploads\/2024\/03\/IMG_20230308_115756-scaled.jpg?fit=2560%2C1920&ssl=1","jetpack_likes_enabled":true,"jetpack_sharing_enabled":true,"_links":{"self":[{"href":"https:\/\/miradordeatarfe.es\/index.php?rest_route=\/wp\/v2\/posts\/67644","targetHints":{"allow":["GET"]}}],"collection":[{"href":"https:\/\/miradordeatarfe.es\/index.php?rest_route=\/wp\/v2\/posts"}],"about":[{"href":"https:\/\/miradordeatarfe.es\/index.php?rest_route=\/wp\/v2\/types\/post"}],"author":[{"embeddable":true,"href":"https:\/\/miradordeatarfe.es\/index.php?rest_route=\/wp\/v2\/users\/1"}],"replies":[{"embeddable":true,"href":"https:\/\/miradordeatarfe.es\/index.php?rest_route=%2Fwp%2Fv2%2Fcomments&post=67644"}],"version-history":[{"count":2,"href":"https:\/\/miradordeatarfe.es\/index.php?rest_route=\/wp\/v2\/posts\/67644\/revisions"}],"predecessor-version":[{"id":67648,"href":"https:\/\/miradordeatarfe.es\/index.php?rest_route=\/wp\/v2\/posts\/67644\/revisions\/67648"}],"wp:featuredmedia":[{"embeddable":true,"href":"https:\/\/miradordeatarfe.es\/index.php?rest_route=\/wp\/v2\/media\/67646"}],"wp:attachment":[{"href":"https:\/\/miradordeatarfe.es\/index.php?rest_route=%2Fwp%2Fv2%2Fmedia&parent=67644"}],"wp:term":[{"taxonomy":"category","embeddable":true,"href":"https:\/\/miradordeatarfe.es\/index.php?rest_route=%2Fwp%2Fv2%2Fcategories&post=67644"},{"taxonomy":"post_tag","embeddable":true,"href":"https:\/\/miradordeatarfe.es\/index.php?rest_route=%2Fwp%2Fv2%2Ftags&post=67644"}],"curies":[{"name":"wp","href":"https:\/\/api.w.org\/{rel}","templated":true}]}}