{"id":67649,"date":"2024-03-07T11:00:54","date_gmt":"2024-03-07T10:00:54","guid":{"rendered":"https:\/\/miradordeatarfe.es\/?p=67649"},"modified":"2024-03-06T12:08:48","modified_gmt":"2024-03-06T11:08:48","slug":"continuan-las-rutas-culturales-de-atarfe","status":"publish","type":"post","link":"https:\/\/miradordeatarfe.es\/?p=67649","title":{"rendered":"Contin\u00faan\u00a0 las Rutas Culturales de Atarfe"},"content":{"rendered":"<div class=\"xdj266r x11i5rnm xat24cr x1mh8g0r x1vvkbs x126k92a\">\n<h3 dir=\"auto\">El pr\u00f3ximo s\u00e1bado 9 de marzo\u00a0 de 10 a 13 horas tendr\u00e1 lugar la segunda ruta planificada por\u00a0 el Ayuntamiento de Atarfe<\/h3>\n<\/div>\n<div class=\"x11i5rnm xat24cr x1mh8g0r x1vvkbs xtlvy1s x126k92a\">\n<div dir=\"auto\">\n<p>\u00a1Atarfe te espera con una experiencia \u00fanica! Desde la Concejal\u00eda de Cultura y Participaci\u00f3n Ciudadana\u00a0 han programado diferentes rutas para que los atarfe\u00f1os\u00a0 conoczcamos nuestros tesoros culturales, patrimoniales y naturales.<\/p>\n<p>Comenzaremos en octubre, \u00a1no pierdas esta oportunidad! Es GRATIS y para todos los Atarfe\u00f1os y Atarfe\u00f1as. \u00a1Ven al Centro Cultural Medina Elvira para inscribirte!\u00a0<\/p>\n<p>\u00a1\u00danete a la aventura y enam\u00f3rate de nuestro maravilloso pueblo!\u00a0<\/p>\n<p><iframe loading=\"lazy\" title=\"\ud83d\ude80 \u00a1Descubre la &quot;Ruta por los Recursos de Atarfe! \ud83c\udff0\ud83c\udf33\" width=\"540\" height=\"960\" src=\"https:\/\/www.youtube.com\/embed\/tpyE9GxKrHM?feature=oembed\" frameborder=\"0\" allow=\"accelerometer; autoplay; clipboard-write; encrypted-media; gyroscope; picture-in-picture; web-share\" referrerpolicy=\"strict-origin-when-cross-origin\" allowfullscreen><\/iframe><\/p>\n<\/div>\n<div dir=\"auto\">\n<p>La localidad de <strong>Atarfe <\/strong>se ha adentrado desde febrero en su patrimonio e historia con hasta seis rutas culturales que se desarrollar\u00e1n una vez al mes y que permitir\u00e1n conocer enclaves naturales, religiosos, art\u00edsticos, arqueol\u00f3gicos o vinculados al origen de la ciudad metropolitana.<\/p>\n<p>Se trata de un proyecto con el que se quiere poner \u00aben valor\u00bb el patriomonio \u00abart\u00edstico, cultural y natural\u00bb de <strong>Atarfe<\/strong>, ha se\u00f1alado a <strong><a href=\"http:\/\/www.ahoragranada.com\">ahoraGranada <\/a><\/strong>su alcaldesa, Yolanda Fern\u00e1ndez, quien ha destacado que la iniciativa ha sido recibida con \u00abgran acogida\u00bb entre los vecinos<\/p>\n<p><strong>1\u00aa RUTA<\/strong><\/p>\n<p><span class=\"yt-core-attributed-string yt-core-attributed-string--white-space-pre-wrap\" role=\"text\"><span class=\"yt-core-attributed-string--link-inherit-color\">En la primera ruta celebrada en febrero nos hemos sumergido en la esencia cultural de Atarfe, visitando lugares emblem\u00e1ticos como el Parque de la Higueruela, la Ermita de los Tres Juanes, el Casino de Labradores.\u00a0 Esto solo fue el comienzo . Quedan muchas m\u00e1s rutas por realizar. Se est\u00e1 avisando para que no te pierdas estas experiencias inolvidables que te van a permitir conocer mejor las ra\u00edces y la riqueza de los recursos de Atarfe.<\/span><\/span><\/p>\n<p>VIDEO DE LA PRIMERA RUTA:<\/p>\n<p><iframe loading=\"lazy\" src=\"\/\/www.youtube.com\/embed\/4GMs4LGo2Wk?feature=shared\" width=\"560\" height=\"314\" allowfullscreen=\"allowfullscreen\"><\/iframe><\/p>\n<\/div>\n<h3 dir=\"auto\"><strong>2\u00aa RUTA :<\/strong><\/h3>\n<p>47 PERSONAS\u00a0 se han inscrito en la segunda ruta que ser\u00e1 la <strong>religiosa y art\u00edstica,<\/strong> que en esta ocasi\u00f3n visitar\u00e1 la<strong> Iglesia de la Encarnaci\u00f3n, que ahora cumple 400 a\u00f1os; y la Ermita de Santa Ana,<\/strong> dos lugares representativos de <strong>Atarfe<\/strong>.<\/p>\n<div dir=\"auto\">Fecha: S\u00e1bado 9 de Marzo<\/div>\n<div dir=\"auto\">\u00a0Hora: 10:00 a 13:00<\/div>\n<div dir=\"auto\">\u00a0<\/div>\n<div dir=\"auto\"><a href=\"https:\/\/i0.wp.com\/miradordeatarfe.es\/wp-content\/uploads\/2024\/03\/428626891_773717328139118_3338006435897974811_n.jpg?ssl=1\"><img data-recalc-dims=\"1\" loading=\"lazy\" decoding=\"async\" class=\"alignnone wp-image-67650 size-full\" src=\"https:\/\/i0.wp.com\/miradordeatarfe.es\/wp-content\/uploads\/2024\/03\/428626891_773717328139118_3338006435897974811_n.jpg?resize=526%2C526&#038;ssl=1\" alt=\"\" width=\"526\" height=\"526\" srcset=\"https:\/\/i0.wp.com\/miradordeatarfe.es\/wp-content\/uploads\/2024\/03\/428626891_773717328139118_3338006435897974811_n.jpg?w=526&amp;ssl=1 526w, https:\/\/i0.wp.com\/miradordeatarfe.es\/wp-content\/uploads\/2024\/03\/428626891_773717328139118_3338006435897974811_n.jpg?resize=300%2C300&amp;ssl=1 300w, https:\/\/i0.wp.com\/miradordeatarfe.es\/wp-content\/uploads\/2024\/03\/428626891_773717328139118_3338006435897974811_n.jpg?resize=150%2C150&amp;ssl=1 150w\" sizes=\"auto, (max-width: 526px) 100vw, 526px\" \/><\/a><\/div>\n<\/div>\n","protected":false},"excerpt":{"rendered":"<p>El pr\u00f3ximo s\u00e1bado 9 de marzo\u00a0 de 10 a 13 horas tendr\u00e1 lugar la segunda&#8230;<\/p>\n","protected":false},"author":1,"featured_media":67651,"comment_status":"closed","ping_status":"closed","sticky":false,"template":"","format":"standard","meta":{"_coblocks_attr":"","_coblocks_dimensions":"","_coblocks_responsive_height":"","_coblocks_accordion_ie_support":"","jetpack_post_was_ever_published":false,"_jetpack_newsletter_access":"","_jetpack_dont_email_post_to_subs":false,"_jetpack_newsletter_tier_id":0,"_jetpack_memberships_contains_paywalled_content":false,"_jetpack_memberships_contains_paid_content":false,"footnotes":"","jetpack_publicize_message":"","jetpack_publicize_feature_enabled":true,"jetpack_social_post_already_shared":true,"jetpack_social_options":{"image_generator_settings":{"template":"highway","default_image_id":0,"enabled":false},"version":2}},"categories":[6916,1225,186,44],"tags":[],"class_list":["post-67649","post","type-post","status-publish","format-standard","has-post-thumbnail","hentry","category-ayuntamiento-de-atarfe","category-ha-de-atarfe","category-instituciones","category-noticias-de-hoy"],"jetpack_publicize_connections":[],"jetpack_featured_media_url":"https:\/\/i0.wp.com\/miradordeatarfe.es\/wp-content\/uploads\/2024\/03\/web-1496.jpg?fit=600%2C404&ssl=1","jetpack_likes_enabled":true,"jetpack_sharing_enabled":true,"_links":{"self":[{"href":"https:\/\/miradordeatarfe.es\/index.php?rest_route=\/wp\/v2\/posts\/67649","targetHints":{"allow":["GET"]}}],"collection":[{"href":"https:\/\/miradordeatarfe.es\/index.php?rest_route=\/wp\/v2\/posts"}],"about":[{"href":"https:\/\/miradordeatarfe.es\/index.php?rest_route=\/wp\/v2\/types\/post"}],"author":[{"embeddable":true,"href":"https:\/\/miradordeatarfe.es\/index.php?rest_route=\/wp\/v2\/users\/1"}],"replies":[{"embeddable":true,"href":"https:\/\/miradordeatarfe.es\/index.php?rest_route=%2Fwp%2Fv2%2Fcomments&post=67649"}],"version-history":[{"count":3,"href":"https:\/\/miradordeatarfe.es\/index.php?rest_route=\/wp\/v2\/posts\/67649\/revisions"}],"predecessor-version":[{"id":67664,"href":"https:\/\/miradordeatarfe.es\/index.php?rest_route=\/wp\/v2\/posts\/67649\/revisions\/67664"}],"wp:featuredmedia":[{"embeddable":true,"href":"https:\/\/miradordeatarfe.es\/index.php?rest_route=\/wp\/v2\/media\/67651"}],"wp:attachment":[{"href":"https:\/\/miradordeatarfe.es\/index.php?rest_route=%2Fwp%2Fv2%2Fmedia&parent=67649"}],"wp:term":[{"taxonomy":"category","embeddable":true,"href":"https:\/\/miradordeatarfe.es\/index.php?rest_route=%2Fwp%2Fv2%2Fcategories&post=67649"},{"taxonomy":"post_tag","embeddable":true,"href":"https:\/\/miradordeatarfe.es\/index.php?rest_route=%2Fwp%2Fv2%2Ftags&post=67649"}],"curies":[{"name":"wp","href":"https:\/\/api.w.org\/{rel}","templated":true}]}}