{"id":67653,"date":"2024-03-08T11:00:12","date_gmt":"2024-03-08T10:00:12","guid":{"rendered":"https:\/\/miradordeatarfe.es\/?p=67653"},"modified":"2024-06-02T12:16:33","modified_gmt":"2024-06-02T10:16:33","slug":"la-feminizacion-de-la-pobreza-por-juan-de-dios-villanueva-roa","status":"publish","type":"post","link":"https:\/\/miradordeatarfe.es\/?p=67653","title":{"rendered":"\u00abLa feminizaci\u00f3n de la pobreza\u00bb por Juan de Dios Villanueva Roa"},"content":{"rendered":"<h3 style=\"text-align: justify;\">Las diferencias sociales est\u00e1n cada vez m\u00e1s latentes en estos barrios en los que nos movemos.<\/h3>\n<p style=\"text-align: justify;\">Siempre fueron, pero ahora existe una profunda sima que se\u00f1ala dos m\u00e1rgenes en los que habitan gentes de condiciones cada vez m\u00e1s alejadas. Parece que los m\u00f3viles nos igualan, pero eso forma parte de una estrategia manipulativa general y aceptada.<\/p>\n<p style=\"text-align: justify;\">En realidad, en esta sociedad hay costumbres muy marcadas y asentadas. La pobreza es una de ellas. Por poner un ejemplo, los trabajos peor pagados est\u00e1n siendo realizados por mujeres, principalmente, y en esos \u00e1mbitos generalmente quienes mandan son varones. Y no es que sean labores prescindibles y de ah\u00ed el escaso salario. Por ejemplo, la ayuda domiciliaria a personas mayores o discapacitadas, fundamental para el equilibrio social de las familias digamos de clase media, atendida fundamentalmente por mujeres, con salarios irrisorios. \u00bfLos puede hacer cualquiera? M\u00e1s bien se precisan una serie de capacidades profesionales nada desde\u00f1ables, desde sanitarias, gastron\u00f3micas, fisioterap\u00e9uticas, dom\u00e9sticas, psicol\u00f3gicas, etc., y se pagan no mal, peor.<\/p>\n<p style=\"text-align: justify;\">Pero en la estructura de estas empresas arriba aparecen los hombres otra vez. En el mundo de la limpieza ocurre igual, muy mal pagadas. Y es que la pobreza toma los colores femeninos y aparentemente a nadie importa. Otra cosa a restar es la dedicaci\u00f3n de la mujer a responsabilidades que socialmente parecen exigir otros tiempos fuera del estrictamente laboral en espacios de tertulia y supuestamente de ocio, en los que acaba de repartirse el bacalao: ellas parecen tener asumidas y en sus manos est\u00e1n depositadas las obligaciones que nosotros nos sacudimos: las dom\u00e9sticas, todav\u00eda. No diga en mi casa no, ya no queda bien.<\/p>\n<p>FOTO: https:\/\/www.cronicanorte.es\/algete-adapta-la-ayuda-a-domicilio-de-las-personas-dependientes-con-un-servicio-mas-moderno\/153458<\/p>\n","protected":false},"excerpt":{"rendered":"<p>Las diferencias sociales est\u00e1n cada vez m\u00e1s latentes en estos barrios en los que nos&#8230;<\/p>\n","protected":false},"author":1,"featured_media":67654,"comment_status":"closed","ping_status":"closed","sticky":false,"template":"","format":"standard","meta":{"_coblocks_attr":"","_coblocks_dimensions":"","_coblocks_responsive_height":"","_coblocks_accordion_ie_support":"","jetpack_post_was_ever_published":false,"_jetpack_newsletter_access":"","_jetpack_dont_email_post_to_subs":false,"_jetpack_newsletter_tier_id":0,"_jetpack_memberships_contains_paywalled_content":false,"_jetpack_memberships_contains_paid_content":false,"footnotes":"","jetpack_publicize_message":"","jetpack_publicize_feature_enabled":true,"jetpack_social_post_already_shared":true,"jetpack_social_options":{"image_generator_settings":{"template":"highway","default_image_id":0,"enabled":false},"version":2}},"categories":[1161,14,186,9772],"tags":[],"class_list":["post-67653","post","type-post","status-publish","format-standard","has-post-thumbnail","hentry","category-ciudadania","category-feminismo","category-instituciones","category-opinion-de-juan-de-dios-villanueva"],"jetpack_publicize_connections":[],"jetpack_featured_media_url":"https:\/\/i0.wp.com\/miradordeatarfe.es\/wp-content\/uploads\/2024\/03\/manos-ayuda-abulos-1024x575-1.jpg?fit=1024%2C575&ssl=1","jetpack_likes_enabled":true,"jetpack_sharing_enabled":true,"_links":{"self":[{"href":"https:\/\/miradordeatarfe.es\/index.php?rest_route=\/wp\/v2\/posts\/67653","targetHints":{"allow":["GET"]}}],"collection":[{"href":"https:\/\/miradordeatarfe.es\/index.php?rest_route=\/wp\/v2\/posts"}],"about":[{"href":"https:\/\/miradordeatarfe.es\/index.php?rest_route=\/wp\/v2\/types\/post"}],"author":[{"embeddable":true,"href":"https:\/\/miradordeatarfe.es\/index.php?rest_route=\/wp\/v2\/users\/1"}],"replies":[{"embeddable":true,"href":"https:\/\/miradordeatarfe.es\/index.php?rest_route=%2Fwp%2Fv2%2Fcomments&post=67653"}],"version-history":[{"count":1,"href":"https:\/\/miradordeatarfe.es\/index.php?rest_route=\/wp\/v2\/posts\/67653\/revisions"}],"predecessor-version":[{"id":67655,"href":"https:\/\/miradordeatarfe.es\/index.php?rest_route=\/wp\/v2\/posts\/67653\/revisions\/67655"}],"wp:featuredmedia":[{"embeddable":true,"href":"https:\/\/miradordeatarfe.es\/index.php?rest_route=\/wp\/v2\/media\/67654"}],"wp:attachment":[{"href":"https:\/\/miradordeatarfe.es\/index.php?rest_route=%2Fwp%2Fv2%2Fmedia&parent=67653"}],"wp:term":[{"taxonomy":"category","embeddable":true,"href":"https:\/\/miradordeatarfe.es\/index.php?rest_route=%2Fwp%2Fv2%2Fcategories&post=67653"},{"taxonomy":"post_tag","embeddable":true,"href":"https:\/\/miradordeatarfe.es\/index.php?rest_route=%2Fwp%2Fv2%2Ftags&post=67653"}],"curies":[{"name":"wp","href":"https:\/\/api.w.org\/{rel}","templated":true}]}}