{"id":67657,"date":"2024-03-08T09:30:15","date_gmt":"2024-03-08T08:30:15","guid":{"rendered":"https:\/\/miradordeatarfe.es\/?p=67657"},"modified":"2024-03-06T11:57:54","modified_gmt":"2024-03-06T10:57:54","slug":"las-mujeres-la-ciencia-y-el-tiempo","status":"publish","type":"post","link":"https:\/\/miradordeatarfe.es\/?p=67657","title":{"rendered":"Las mujeres, la ciencia y el tiempo"},"content":{"rendered":"<h3 class=\"a_st\" style=\"text-align: justify;\">Los tiempos son privilegios, explica la autora, \u201cy ya sabemos que si hablamos de privilegios, las mujeres salimos perdiendo\u201d<\/h3>\n<p class=\"\" style=\"text-align: justify;\">En todo el mundo <a href=\"https:\/\/elpais.com\/ciencia\/vacio-cosmico\/2024-02-08\/el-agujero-negro-que-arrastra-sobre-todo-a-las-cientificas.html\" target=\"_blank\" rel=\"noopener\" data-link-track-dtm=\"\" data-mrf-link=\"https:\/\/elpais.com\/ciencia\/vacio-cosmico\/2024-02-08\/el-agujero-negro-que-arrastra-sobre-todo-a-las-cientificas.html\">las mujeres somos minor\u00eda en los institutos de ciencia<\/a>. La raz\u00f3n de esto tiene profundas ra\u00edces en la estructura de la sociedad en la que vivimos y, aunque se proponen distintas iniciativas para cambiarlo, ninguna parece lograr el efecto esperado. Una de las causas de este fen\u00f3meno, el cual ha sido minimizado, es el tiempo, o mejor dicho, los tiempos. Porque s\u00ed, <a href=\"https:\/\/elpais.com\/diario\/2011\/04\/17\/eps\/1303021607_850215.html\" target=\"_blank\" rel=\"noopener\" data-link-track-dtm=\"\" data-mrf-link=\"https:\/\/elpais.com\/diario\/2011\/04\/17\/eps\/1303021607_850215.html\">los tiempos son privilegios<\/a>, y ya sabemos que si hablamos de privilegios, <a href=\"https:\/\/elpais.com\/ciencia\/vacio-cosmico\/2024-02-08\/el-agujero-negro-que-arrastra-sobre-todo-a-las-cientificas.html\" target=\"_blank\" rel=\"noopener\" data-link-track-dtm=\"\" data-mrf-link=\"https:\/\/elpais.com\/ciencia\/vacio-cosmico\/2024-02-08\/el-agujero-negro-que-arrastra-sobre-todo-a-las-cientificas.html\">las mujeres salimos perdiendo<\/a>.<\/p>\n<p class=\"\" style=\"text-align: justify;\">\u00bfDe qu\u00e9 tiempos hablamos? Empecemos por un tiempo del que poco se habla. El tiempo mental o tiempo para pensar. Al igual que en otras profesiones, quienes hacemos investigaci\u00f3n cient\u00edfica no pensamos en nuestro trabajo \u00fanicamente en las horas laborales. Las ideas dan vueltas en nuestra cabeza cada vez que tenemos tiempo para pensar. Puede suceder al hacer actividades que hacemos de manera autom\u00e1tica, como transportarnos, ba\u00f1arnos o cocinar, y hay muchas historias de personas que encontraron soluciones o ideas en momentos inesperados, como <a href=\"https:\/\/elpais.com\/diario\/2000\/07\/18\/sociedad\/963871213_850215.html\" target=\"_blank\" rel=\"noopener\" data-link-track-dtm=\"\" data-mrf-link=\"https:\/\/elpais.com\/diario\/2000\/07\/18\/sociedad\/963871213_850215.html\">la famosa historia de cuando Arqu\u00edmedes sali\u00f3 de la tina gritando \u201c\u00a1Eureka!<\/a>\u201d Tener tiempo para pensar es muy importante para dedicarse a la investigaci\u00f3n cient\u00edfica y ah\u00ed empiezan las diferencias. Somos en general las mujeres quienes usamos nuestro tiempo mental en <a href=\"https:\/\/elpais.com\/eps\/2022-02-18\/por-que-ayudar-en-las-tareas-de-la-casa-no-es-suficiente.html\" target=\"_blank\" rel=\"noopener\" data-link-track-dtm=\"\" data-mrf-link=\"https:\/\/elpais.com\/eps\/2022-02-18\/por-que-ayudar-en-las-tareas-de-la-casa-no-es-suficiente.html\">resolver la log\u00edstica de nuestros hogares<\/a>, como hacer listas de cosas por hacer o comprar, recordar las fechas de los compromisos, las tareas, las citas m\u00e9dicas, las dosis de los medicamentos y hasta los cumplea\u00f1os. En muchas ocasiones, si un hombre hace alguna tarea de la casa o de la familia, quien tuvo que pedirlo fue una mujer y, saber que eso se necesitaba, ocupa tiempo mental. Frases tan comunes como \u201c\u00bfd\u00f3nde est\u00e1 mi cartera?\u201d, \u201c\u00bftodav\u00eda hay leche?\u201d o \u201cno lo hice porque no me lo pediste\u201d, son un reflejo de que se asume que quienes estamos obligadas a usar nuestro tiempo mental para saber lo que se necesita en casa somos las mujeres. As\u00ed, estad\u00edsticamente, el tiempo que una mujer puede pasar pensando en temas laborales es mucho menor al de un hombre e, incluso, en vez de usar tiempo mental para asuntos laborales fuera de horario de trabajo, usamos tiempo mental durante las horas laborales para <a href=\"https:\/\/elpais.com\/sociedad\/2023-09-07\/me-toca-la-aplicacion-de-igualdad-para-repartir-las-tareas-del-hogar-de-manera-equitativa.html\" target=\"_blank\" rel=\"noopener\" data-link-track-dtm=\"\" data-mrf-link=\"https:\/\/elpais.com\/sociedad\/2023-09-07\/me-toca-la-aplicacion-de-igualdad-para-repartir-las-tareas-del-hogar-de-manera-equitativa.html\">resolver asuntos dom\u00e9sticos<\/a>, como cuando a mitad de una jornada laboral nos llaman de casa para preguntarnos cosas que podr\u00edan resolverse sin nuestra participaci\u00f3n. Esto empieza desde el principio de la carrera, en la universidad.<\/p>\n<p class=\"\" style=\"text-align: justify;\">Las personas que estudian este fen\u00f3meno lo han llamado carga mental y cuando le ponemos nombre es m\u00e1s f\u00e1cil entenderlo. Aun en hogares donde hombres y mujeres se distribuyen de manera equitativa las tareas dom\u00e9sticas y familiares o se cuente con servicio dom\u00e9stico, es muy com\u00fan que no se distribuya de manera equitativa la carga mental y esta desigualdad aumenta much\u00edsimo si en casa hay ni\u00f1as, ni\u00f1os o personas que necesitan cuidados. Nuestra sociedad, en general, respeta m\u00e1s el tiempo mental de un hombre que el de una mujer y esto es un problema grave al que no se le da la importancia que requiere y que aplica para todas y todos, sin importar a qu\u00e9 nos dedicamos. Y volviendo al caso de Arqu\u00edmedes, estoy segura de que antes de gritar \u201c\u00a1Eureka!\u201d no estaba pensando en que hac\u00eda falta para cenar ni le estaban gritando \u201cpap\u00e1\u201d desde la puerta del ba\u00f1o.<\/p>\n<p><span class=\"a_md_a_n\"><strong>Luc\u00eda L\u00f3pez de Medrano Alvarez<\/strong><\/span><\/p>\n<p>FOTO: Dos cient\u00edficas trabajan en un laboratorio.<span class=\"a_m_m\">Tom Werner (Getty Images)<\/span><\/p>\n<div class=\"a_md _g _g-xs ni\">\n<div class=\"a_md_txt\">\n<div class=\"a_md_a\" data-dtm-region=\"articulo_firma\"><span class=\"a_md_a_n\"><strong>https:\/\/elpais.com\/ciencia\/2024-03-05\/las-mujeres-la-ciencia-y-el-tiempo.html<\/strong><br \/>\n<\/span><\/div>\n<\/div>\n<\/div>\n","protected":false},"excerpt":{"rendered":"<p>Los tiempos son privilegios, explica la autora, \u201cy ya sabemos que si hablamos de privilegios,&#8230;<\/p>\n","protected":false},"author":1,"featured_media":67658,"comment_status":"closed","ping_status":"closed","sticky":false,"template":"","format":"standard","meta":{"_coblocks_attr":"","_coblocks_dimensions":"","_coblocks_responsive_height":"","_coblocks_accordion_ie_support":"","jetpack_post_was_ever_published":false,"_jetpack_newsletter_access":"","_jetpack_dont_email_post_to_subs":false,"_jetpack_newsletter_tier_id":0,"_jetpack_memberships_contains_paywalled_content":false,"_jetpack_memberships_contains_paid_content":false,"footnotes":"","jetpack_publicize_message":"","jetpack_publicize_feature_enabled":true,"jetpack_social_post_already_shared":true,"jetpack_social_options":{"image_generator_settings":{"template":"highway","default_image_id":0,"enabled":false},"version":2}},"categories":[9597,14,44],"tags":[],"class_list":["post-67657","post","type-post","status-publish","format-standard","has-post-thumbnail","hentry","category-cientificos-atarfenos","category-feminismo","category-noticias-de-hoy"],"jetpack_publicize_connections":[],"jetpack_featured_media_url":"https:\/\/i0.wp.com\/miradordeatarfe.es\/wp-content\/uploads\/2024\/03\/Screenshot-2024-03-06-at-11-27-46-Las-mujeres-la-ciencia-y-el-tiempo.png?fit=411%2C321&ssl=1","jetpack_likes_enabled":true,"jetpack_sharing_enabled":true,"_links":{"self":[{"href":"https:\/\/miradordeatarfe.es\/index.php?rest_route=\/wp\/v2\/posts\/67657","targetHints":{"allow":["GET"]}}],"collection":[{"href":"https:\/\/miradordeatarfe.es\/index.php?rest_route=\/wp\/v2\/posts"}],"about":[{"href":"https:\/\/miradordeatarfe.es\/index.php?rest_route=\/wp\/v2\/types\/post"}],"author":[{"embeddable":true,"href":"https:\/\/miradordeatarfe.es\/index.php?rest_route=\/wp\/v2\/users\/1"}],"replies":[{"embeddable":true,"href":"https:\/\/miradordeatarfe.es\/index.php?rest_route=%2Fwp%2Fv2%2Fcomments&post=67657"}],"version-history":[{"count":1,"href":"https:\/\/miradordeatarfe.es\/index.php?rest_route=\/wp\/v2\/posts\/67657\/revisions"}],"predecessor-version":[{"id":67659,"href":"https:\/\/miradordeatarfe.es\/index.php?rest_route=\/wp\/v2\/posts\/67657\/revisions\/67659"}],"wp:featuredmedia":[{"embeddable":true,"href":"https:\/\/miradordeatarfe.es\/index.php?rest_route=\/wp\/v2\/media\/67658"}],"wp:attachment":[{"href":"https:\/\/miradordeatarfe.es\/index.php?rest_route=%2Fwp%2Fv2%2Fmedia&parent=67657"}],"wp:term":[{"taxonomy":"category","embeddable":true,"href":"https:\/\/miradordeatarfe.es\/index.php?rest_route=%2Fwp%2Fv2%2Fcategories&post=67657"},{"taxonomy":"post_tag","embeddable":true,"href":"https:\/\/miradordeatarfe.es\/index.php?rest_route=%2Fwp%2Fv2%2Ftags&post=67657"}],"curies":[{"name":"wp","href":"https:\/\/api.w.org\/{rel}","templated":true}]}}