{"id":67660,"date":"2024-03-08T10:00:36","date_gmt":"2024-03-08T09:00:36","guid":{"rendered":"https:\/\/miradordeatarfe.es\/?p=67660"},"modified":"2024-03-06T11:57:18","modified_gmt":"2024-03-06T10:57:18","slug":"en-2014-el-tren-de-la-libertad-fue-el-punto-de-inicio-de-una-onda-expansiva-que-ha-ido-transformando-a-la-sociedad-espanola","status":"publish","type":"post","link":"https:\/\/miradordeatarfe.es\/?p=67660","title":{"rendered":"En 2014, el Tren de la Libertad fue el punto de inicio de una onda expansiva que ha ido transformando a la sociedad espa\u00f1ola"},"content":{"rendered":"<h3 style=\"text-align: justify;\">De la lucha que naci\u00f3 entre flores a la resistencia en redes: una d\u00e9cada del despertar social al feminismo<\/h3>\n<p class=\"\" style=\"text-align: justify;\">Ocurrieron infinidad de cosas en 2014 como ocurren infinidad de cosas cada d\u00eda de cada a\u00f1o. En Espa\u00f1a, entre todas, sucedi\u00f3 sobre todo una: <a href=\"https:\/\/elpais.com\/sociedad\/2014\/02\/01\/actualidad\/1391248581_002084.html\" target=\"_blank\" rel=\"noopener\" data-link-track-dtm=\"\" data-mrf-link=\"https:\/\/elpais.com\/sociedad\/2014\/02\/01\/actualidad\/1391248581_002084.html\"><i>El Tren de la Libertad<\/i>, <\/a>una manifestaci\u00f3n masiva para frenar el recorte en el derecho al aborto que el Gobierno de Mariano Rajoy pretend\u00eda hacer. Ahora, con perspectiva, aquel momento puede verse con claridad como el punto de partida de una d\u00e9cada que ha supuesto el despertar social al feminismo. Diez a\u00f1os en los que el movimiento se ha extendido de forma m\u00e1s r\u00e1pida y transversal, ha escalado de la teor\u00eda y las organizaciones a la calle, ha llegado a la conversaci\u00f3n en las cocinas y en los bares.<\/p>\n<p class=\"\" style=\"text-align: justify;\">Con turbulencias y con amenazas, pero sin replegarse.<\/p>\n<p class=\"\" style=\"text-align: justify;\">Dice la te\u00f3rica y soci\u00f3loga Rosa Cobo que \u201csin ning\u00fan lugar a dudas, es la cuarta ola\u201d, que <a href=\"https:\/\/elpais.com\/sociedad\/2023-03-05\/ahora-se-que-aquello-no-fue-un-si.html\" target=\"_blank\" rel=\"noopener\" data-link-track-dtm=\"\" data-mrf-link=\"https:\/\/elpais.com\/sociedad\/2023-03-05\/ahora-se-que-aquello-no-fue-un-si.html\">\u201del coraz\u00f3n\u201d de esa ola es la denuncia de la violencia sexual<\/a> \u2014como la interseccionalidad de clase, raza o religi\u00f3n, entre otras cuestiones, es el eje principal de la tercera\u2014, y que es \u201cuna vindicaci\u00f3n feminista que han puesto en la agenda las mujeres: no hay ninguna que no pueda verbalizar de una manera u otra que alguna vez ha sentido la violencia sexual como algo propio en su cuerpo\u201d.<\/p>\n<p class=\"\" style=\"text-align: justify;\">Aqu\u00ed, un recorrido por estos 10 a\u00f1os que han ido transformando a la sociedad espa\u00f1ola.<\/p>\n<h1 style=\"text-align: justify;\">2014<\/h1>\n<h5 class=\"\" style=\"text-align: justify;\"><b>El Tren de la Libertad<\/b><\/h5>\n<p class=\"\" style=\"text-align: justify;\">Empez\u00f3 en una florister\u00eda en Gij\u00f3n. En una que ya no existe \u201cpor la crisis\u201d y tambi\u00e9n \u201cporque dar la cara pasa factura\u201d, dice <a href=\"https:\/\/elpais.com\/sociedad\/2014\/02\/01\/actualidad\/1391276340_221803.html\" target=\"_blank\" rel=\"noopener\" data-link-track-dtm=\"\" data-mrf-link=\"https:\/\/elpais.com\/sociedad\/2014\/02\/01\/actualidad\/1391276340_221803.html\">Bego\u00f1a Pi\u00f1ero, la due\u00f1a de aquel local<\/a> en el que, desde detr\u00e1s y delante del mostrador, se gest\u00f3 <i>El Tren de la Libertad. <\/i>Ella es, desde entonces, portavoz de ese movimiento.<\/p>\n<p class=\"\" style=\"text-align: justify;\">Llegaron a Madrid el s\u00e1bado 1 de febrero, decenas de miles de personas<a href=\"https:\/\/elpais.com\/sociedad\/2014\/02\/01\/actualidad\/1391248581_002084.html\" target=\"_blank\" rel=\"noopener\" data-link-track-dtm=\"\" data-mrf-link=\"https:\/\/elpais.com\/sociedad\/2014\/02\/01\/actualidad\/1391248581_002084.html\"> de toda Espa\u00f1a<\/a> \u2014y Francia\u2014 para intentar impedir que Alberto Ruiz-Gallard\u00f3n, ministro de Justicia, llevara al Congreso una reforma de la ley para permitirlo solo en casos de violaci\u00f3n o riesgo grave para la salud f\u00edsica o psicol\u00f3gica de la mujer.<\/p>\n<figure class=\"a_m a_m-h \" style=\"text-align: justify;\"><span class=\"_db a_m_w\"><img data-recalc-dims=\"1\" loading=\"lazy\" decoding=\"async\" class=\"_re lazyload a_m-h alignleft\" src=\"https:\/\/i0.wp.com\/imagenes.elpais.com\/resizer\/Q530zXzNdbN0YXIA0uGSfr7dFVU%3D\/414x0\/cloudfront-eu-central-1.images.arcpublishing.com\/prisa\/T2P7SFFNXGLAGP3URTSS3ZJNBY.jpg?resize=414%2C276&#038;ssl=1\" sizes=\"auto, (min-width:1199px) 1155px,(min-width:1001px) calc(100vw - 44px),(min-width:768px) 767px, 100vw\" srcset=\"https:\/\/imagenes.elpais.com\/resizer\/Q530zXzNdbN0YXIA0uGSfr7dFVU=\/414x0\/cloudfront-eu-central-1.images.arcpublishing.com\/prisa\/T2P7SFFNXGLAGP3URTSS3ZJNBY.jpg 414w,https:\/\/imagenes.elpais.com\/resizer\/LdMaxcXf0WZ1-teOt0Ihvb5ygro=\/828x0\/cloudfront-eu-central-1.images.arcpublishing.com\/prisa\/T2P7SFFNXGLAGP3URTSS3ZJNBY.jpg 640w,https:\/\/imagenes.elpais.com\/resizer\/NPE4KT8daKtFB8TPmDHpTaf27jw=\/980x0\/cloudfront-eu-central-1.images.arcpublishing.com\/prisa\/T2P7SFFNXGLAGP3URTSS3ZJNBY.jpg 1000w,https:\/\/imagenes.elpais.com\/resizer\/Znkbm0YB7FBf7nlmONv713c-D6g=\/1960x0\/cloudfront-eu-central-1.images.arcpublishing.com\/prisa\/T2P7SFFNXGLAGP3URTSS3ZJNBY.jpg 1960w\" alt=\"La comisi\u00f3n de la marcha del 'Tren de la Libertad' que encabez\u00f3 la marcha para presentar el manifiesto 'Yo decido' en el Congreso de los Diputados el s\u00e1bado 1 de febrero de 2014.\" width=\"414\" height=\"276\" \/><\/span><figcaption class=\"a_m_p\">La comisi\u00f3n de la marcha del &#8216;Tren de la Libertad&#8217; que encabez\u00f3 la marcha para presentar el manifiesto &#8216;Yo decido&#8217; en el Congreso de los Diputados el s\u00e1bado 1 de febrero de 2014.<span class=\"a_m_m\">Luis Sevillano<\/span><\/figcaption><\/figure>\n<p class=\"\" style=\"text-align: justify;\">\u2014\u00bfEl mejor momento? Entregar en el Congreso el manifiesto [<i>Yo decido<\/i>]. Le dije a una de las compa\u00f1eras \u201cesto hace no que nos montemos en un tren, sino que seamos capaces de pararlo si se nos pusiera delante\u201d \u2014recuerda Pi\u00f1ero.<\/p>\n<div id=\"elpais_gpt-MPU3\" class=\"pbs-a-c\" style=\"text-align: justify;\">\u00a0<\/div>\n<p class=\"\" style=\"text-align: justify;\">En cierta forma lo pararon.<\/p>\n<p class=\"\" style=\"text-align: justify;\">\u2014Ten\u00e9is mi compromiso personal que no habr\u00e1 ni un grito ni ning\u00fan insulto que a este ministro le vaya a hacer abdicar del compromiso de cumplir el programa de regular los derechos de las mujeres y del concebido \u2014dijo ese fin de semana Gallard\u00f3n en una convenci\u00f3n del PP en Valladolid.<\/p>\n<p class=\"\" style=\"text-align: justify;\">La reforma <a href=\"https:\/\/elpais.com\/politica\/2014\/09\/24\/actualidad\/1411510577_143104.html\" target=\"_blank\" rel=\"noopener\" data-link-track-dtm=\"\" data-mrf-link=\"https:\/\/elpais.com\/politica\/2014\/09\/24\/actualidad\/1411510577_143104.html\">jam\u00e1s sali\u00f3 adelante, Gallard\u00f3n dimiti\u00f3<\/a> siete meses despu\u00e9s.<\/p>\n<h5 class=\"\" style=\"text-align: justify;\"><b>El acuerdo europeo y un hito judicial<\/b><\/h5>\n<p class=\"\" style=\"text-align: justify;\">Entre <i>El Tren<\/i> y la ca\u00edda del ministro, <a href=\"https:\/\/violenciagenero.igualdad.gob.es\/laDelegacionInforma\/pdfs\/Convenio_Estambul__3_.pdf\" target=\"_blank\" rel=\"noopener\" data-link-track-dtm=\"\" data-mrf-link=\"https:\/\/violenciagenero.igualdad.gob.es\/laDelegacionInforma\/pdfs\/Convenio_Estambul__3_.pdf\">Espa\u00f1a ratific\u00f3 el Convenio de Estambul<\/a> \u2014el acuerdo del Consejo de Europa contra la violencia machista\u2014, y Leonor \u2014la ni\u00f1a de siete a\u00f1os a la que su padre asesin\u00f3 en una de las visitas que el juez fij\u00f3\u2014 <a href=\"https:\/\/elpais.com\/sociedad\/2019\/01\/21\/actualidad\/1548064879_632793.html?event_log=oklogin\" target=\"_blank\" rel=\"noopener\" data-link-track-dtm=\"\" data-mrf-link=\"https:\/\/elpais.com\/sociedad\/2019\/01\/21\/actualidad\/1548064879_632793.html\">fue la primera menor v\u00edctima de violencia machista<\/a> reconocida por la Justicia.<\/p>\n<h1 style=\"text-align: justify;\">2015<\/h1>\n<h5 class=\"\" style=\"text-align: justify;\"><b>Los menores como v\u00edctimas de la violencia machista<\/b><\/h5>\n<p class=\"\" style=\"text-align: justify;\"><a href=\"https:\/\/elpais.com\/sociedad\/2019\/01\/21\/actualidad\/1548064879_632793.html?event_log=oklogin\" target=\"_blank\" rel=\"noopener\" data-link-track-dtm=\"\" data-mrf-link=\"https:\/\/elpais.com\/sociedad\/2019\/01\/21\/actualidad\/1548064879_632793.html\">El caso de Leonor<\/a> cambi\u00f3 la perspectiva judicial. Y la legislaci\u00f3n: el 18 de agosto de 2015 entr\u00f3 en vigor la Ley de modificaci\u00f3n del sistema de protecci\u00f3n a la infancia y a la adolescencia que <a href=\"https:\/\/www.boe.es\/buscar\/act.php?id=BOE-A-2015-8470\" target=\"_blank\" rel=\"noopener\" data-link-track-dtm=\"\" data-mrf-link=\"https:\/\/www.boe.es\/buscar\/act.php?id=BOE-A-2015-8470\">avalaba a los menores como v\u00edctimas<\/a> de violencia machista.<\/p>\n<h5 class=\"\" style=\"text-align: justify;\"><b>7-N<\/b><\/h5>\n<figure class=\"a_m a_m-h \" style=\"text-align: justify;\"><span class=\"_db a_m_w\"><img data-recalc-dims=\"1\" loading=\"lazy\" decoding=\"async\" class=\"_re lazyload a_m-h\" src=\"https:\/\/i0.wp.com\/imagenes.elpais.com\/resizer\/dfj0vKdRT3LOOgIIgzaHd0CsrVI%3D\/414x0\/cloudfront-eu-central-1.images.arcpublishing.com\/prisa\/AU7BFB6TX5JOPDE4EDJEJNRRJQ.jpg?resize=414%2C276&#038;ssl=1\" sizes=\"auto, (min-width:1199px) 1155px,(min-width:1001px) calc(100vw - 44px),(min-width:768px) 767px, 100vw\" srcset=\"https:\/\/imagenes.elpais.com\/resizer\/dfj0vKdRT3LOOgIIgzaHd0CsrVI=\/414x0\/cloudfront-eu-central-1.images.arcpublishing.com\/prisa\/AU7BFB6TX5JOPDE4EDJEJNRRJQ.jpg 414w,https:\/\/imagenes.elpais.com\/resizer\/NI6fOO9ffgQvEPXznPojVYuahAg=\/828x0\/cloudfront-eu-central-1.images.arcpublishing.com\/prisa\/AU7BFB6TX5JOPDE4EDJEJNRRJQ.jpg 640w,https:\/\/imagenes.elpais.com\/resizer\/nySKQcu5WgdrdNQ-BC9vS6ylrPc=\/980x0\/cloudfront-eu-central-1.images.arcpublishing.com\/prisa\/AU7BFB6TX5JOPDE4EDJEJNRRJQ.jpg 1000w,https:\/\/imagenes.elpais.com\/resizer\/i8eMC5lWBdjReyC7zaUpi8SSQj0=\/1960x0\/cloudfront-eu-central-1.images.arcpublishing.com\/prisa\/AU7BFB6TX5JOPDE4EDJEJNRRJQ.jpg 1960w\" alt=\"La manifestaci\u00f3n de aquel s\u00e1bado por la Gran V\u00eda a su paso por la Plaza de Callao; solo de otras ciudades llegaron 20.000 y la organizaci\u00f3n dio la cifra final de medio mill\u00f3n de asistentes. En aquel momento, se hab\u00edan producido durante ese a\u00f1o 41 asesinatos confirmados oficialmente.\" width=\"414\" height=\"276\" \/><\/span><figcaption class=\"a_m_p\">La manifestaci\u00f3n de aquel s\u00e1bado por la Gran V\u00eda a su paso por la Plaza de Callao; solo de otras ciudades llegaron 20.000 y la organizaci\u00f3n dio la cifra final de medio mill\u00f3n de asistentes. En aquel momento, se hab\u00edan producido durante ese a\u00f1o 41 asesinatos confirmados oficialmente.<span class=\"a_m_m\">Samuel S\u00e1nchez<\/span><\/figcaption><\/figure>\n<p class=\"\" style=\"text-align: justify;\">El s\u00e1bado 7 de noviembre de 2015, <a href=\"https:\/\/elpais.com\/politica\/2015\/11\/07\/actualidad\/1446888439_982462.html\" target=\"_blank\" rel=\"noopener\" data-link-track-dtm=\"\" data-mrf-link=\"https:\/\/elpais.com\/politica\/2015\/11\/07\/actualidad\/1446888439_982462.html\">decenas de miles de personas <\/a>se manifestaron en Madrid en la Marcha Estatal contra las Violencias Machistas, ped\u00edan que fuese \u201cuna cuesti\u00f3n de Estado\u201d. Se sumaron todos los partidos. Recuerda Rosa Cobo que \u201cla idea de que la violencia sufrida a diario era insoportable ya estaba ah\u00ed\u201d.<\/p>\n<h1 style=\"text-align: justify;\">2016<\/h1>\n<h5 class=\"\" style=\"text-align: justify;\"><b>La Manada<\/b><\/h5>\n<figure class=\"a_m a_m-h \" style=\"text-align: justify;\"><span class=\"_db a_m_w\"><img data-recalc-dims=\"1\" loading=\"lazy\" decoding=\"async\" class=\"_re lazyload a_m-h\" src=\"https:\/\/i0.wp.com\/imagenes.elpais.com\/resizer\/Ef7O9Poi56JXFSPo_GhpDUYh1Qk%3D\/414x0\/cloudfront-eu-central-1.images.arcpublishing.com\/prisa\/MYMAGJMXZSALVRPUVOVCHCDLIA.jpg?resize=414%2C234&#038;ssl=1\" sizes=\"auto, (min-width:1199px) 1155px,(min-width:1001px) calc(100vw - 44px),(min-width:768px) 767px, 100vw\" srcset=\"https:\/\/imagenes.elpais.com\/resizer\/Ef7O9Poi56JXFSPo_GhpDUYh1Qk=\/414x0\/cloudfront-eu-central-1.images.arcpublishing.com\/prisa\/MYMAGJMXZSALVRPUVOVCHCDLIA.jpg 414w,https:\/\/imagenes.elpais.com\/resizer\/31ofML1ErgngdzU1Dl-kTcm-6fI=\/828x0\/cloudfront-eu-central-1.images.arcpublishing.com\/prisa\/MYMAGJMXZSALVRPUVOVCHCDLIA.jpg 640w,https:\/\/imagenes.elpais.com\/resizer\/sL8Ge-oKiZVoUfB0rpWfyOLlRvg=\/980x0\/cloudfront-eu-central-1.images.arcpublishing.com\/prisa\/MYMAGJMXZSALVRPUVOVCHCDLIA.jpg 1000w,https:\/\/imagenes.elpais.com\/resizer\/apZMGURu_2hOqDEpWtljhtL5Trw=\/1960x0\/cloudfront-eu-central-1.images.arcpublishing.com\/prisa\/MYMAGJMXZSALVRPUVOVCHCDLIA.jpg 1960w\" alt=\"Los miembros de La Manada, de izquierda a derecha: Antonio Manuel Guerrero, Alfonso Jes\u00fas Cabezuelo, Jos\u00e9 \u00c1ngel Prenda, \u00c1ngel Boza y Jes\u00fas Escudero.\" width=\"414\" height=\"234\" \/><\/span><figcaption class=\"a_m_p\">Los miembros de La Manada, de izquierda a derecha: Antonio Manuel Guerrero, Alfonso Jes\u00fas Cabezuelo, Jos\u00e9 \u00c1ngel Prenda, \u00c1ngel Boza y Jes\u00fas Escudero.<span class=\"a_m_m\">PACO PUENTES<\/span><\/figcaption><\/figure>\n<p class=\"\" style=\"text-align: justify;\"><a href=\"https:\/\/elpais.com\/politica\/2016\/07\/07\/actualidad\/1467903987_515797.html\" target=\"_blank\" rel=\"noopener\" data-link-track-dtm=\"\" data-mrf-link=\"https:\/\/elpais.com\/politica\/2016\/07\/07\/actualidad\/1467903987_515797.html\">El 7 de julio de 2016<\/a>: esa madrugada La Manada perpetr\u00f3 una violaci\u00f3n m\u00faltiple que provoc\u00f3 el estallido social. El punto de inflexi\u00f3n. La fil\u00f3sofa Ana de Miguel afirma que <a href=\"https:\/\/elpais.com\/elpais\/2017\/11\/18\/mujeres\/1510999226_829879.html\" target=\"_blank\" rel=\"noopener\" data-link-track-dtm=\"\" data-mrf-link=\"https:\/\/elpais.com\/elpais\/2017\/11\/18\/mujeres\/1510999226_829879.html\">\u201dcon la violencia sexual, el caso de La Manada<\/a> vino a explicar que lo que afecta a las mujeres es un problema social, como hab\u00eda sucedido antes con <i>El Tren de la Libertad<\/i> con el aborto\u201d.<\/p>\n<h1 style=\"text-align: justify;\"><b>2017<\/b><\/h1>\n<h5 class=\"\" style=\"text-align: justify;\"><b>\u201cUn movimiento global\u201d<\/b><\/h5>\n<p class=\"\" style=\"text-align: justify;\">\u201cLo que ha ocurrido en los \u00faltimos diez a\u00f1os no ha sido solo en Espa\u00f1a, ha sido un movimiento clar\u00edsimamente global\u201d, apunta Rosa Cobo. De India a Polonia, Latinoam\u00e9rica o Estados Unidos, \u201cen la \u00faltima d\u00e9cada algo se ha movido\u201d. Enero de aquel a\u00f1o empez\u00f3 con <a href=\"https:\/\/elpais.com\/internacional\/2017\/01\/21\/estados_unidos\/1485009994_849896.html\" target=\"_blank\" rel=\"noopener\" data-link-track-dtm=\"\" data-mrf-link=\"https:\/\/elpais.com\/internacional\/2017\/01\/21\/estados_unidos\/1485009994_849896.html\">La Marcha de las Mujeres contra la misoginia de Donald Trump<\/a>.<\/p>\n<figure class=\"a_m a_m-h \" style=\"text-align: justify;\"><span class=\"_db a_m_w\"><img data-recalc-dims=\"1\" loading=\"lazy\" decoding=\"async\" class=\"_re lazyload a_m-h\" src=\"https:\/\/i0.wp.com\/imagenes.elpais.com\/resizer\/EfTLtXBO67EvS-kgh0y2aSBITA0%3D\/414x0\/cloudfront-eu-central-1.images.arcpublishing.com\/prisa\/L7APASRTS5KWJI6W3B5TJCAHFQ.jpg?resize=414%2C275&#038;ssl=1\" sizes=\"auto, (min-width:1199px) 1155px,(min-width:1001px) calc(100vw - 44px),(min-width:768px) 767px, 100vw\" srcset=\"https:\/\/imagenes.elpais.com\/resizer\/EfTLtXBO67EvS-kgh0y2aSBITA0=\/414x0\/cloudfront-eu-central-1.images.arcpublishing.com\/prisa\/L7APASRTS5KWJI6W3B5TJCAHFQ.jpg 414w,https:\/\/imagenes.elpais.com\/resizer\/S8OFY5qOnsr5DwNpjayPmJmTqOM=\/828x0\/cloudfront-eu-central-1.images.arcpublishing.com\/prisa\/L7APASRTS5KWJI6W3B5TJCAHFQ.jpg 640w,https:\/\/imagenes.elpais.com\/resizer\/BGMeqnArsXxHRglbxLf4NaVKeb8=\/980x0\/cloudfront-eu-central-1.images.arcpublishing.com\/prisa\/L7APASRTS5KWJI6W3B5TJCAHFQ.jpg 1000w,https:\/\/imagenes.elpais.com\/resizer\/HT1Btw6UG-zzzc1UOryLYiPUBqc=\/1960x0\/cloudfront-eu-central-1.images.arcpublishing.com\/prisa\/L7APASRTS5KWJI6W3B5TJCAHFQ.jpg 1960w\" alt=\"La Marcha de las Mujeres en Washington en enero de 2017.\" width=\"414\" height=\"275\" \/><\/span><figcaption class=\"a_m_p\">La Marcha de las Mujeres en Washington en enero de 2017.<span class=\"a_m_m\">Getty (NurPhoto via Getty Images)<\/span><\/figcaption><\/figure>\n<h5 class=\"\" style=\"text-align: justify;\"><b>Weinstein y el Me Too<\/b><\/h5>\n<p class=\"\" style=\"text-align: justify;\"><i>The New York Times<\/i> hizo estallar la industria del cine y la sociedad estadounidense cuando destap\u00f3 la violencia sexual cometida durante d\u00e9cadas por el intocable, hasta entonces, Harvey Weinstein. El tuit de la actriz Alyssa Milano inici\u00f3 <a href=\"https:\/\/elpais.com\/sociedad\/2022-10-16\/cinco-anos-del-me-too-la-evolucion-mas-rapida-y-global-del-feminismo.html\" target=\"_blank\" rel=\"noopener\" data-link-track-dtm=\"\" data-mrf-link=\"https:\/\/elpais.com\/sociedad\/2022-10-16\/cinco-anos-del-me-too-la-evolucion-mas-rapida-y-global-del-feminismo.html\">la evoluci\u00f3n m\u00e1s r\u00e1pida y extensiva<\/a> del feminismo.<\/p>\n<div id=\"elpais_gpt-MPU6\" class=\"pbs-a-c\" style=\"text-align: justify;\">\u00a0<\/div>\n<div id=\"sum_twitter\" class=\"a_em _df\" style=\"text-align: justify;\" data-oembed-type=\"twitter\">\n<div class=\"twitter-tweet twitter-tweet-rendered\"><iframe id=\"twitter-widget-0\" class=\"\" title=\"X Post\" src=\"https:\/\/platform.twitter.com\/embed\/Tweet.html?dnt=false&amp;embedId=twitter-widget-0&amp;features=eyJ0ZndfdGltZWxpbmVfbGlzdCI6eyJidWNrZXQiOltdLCJ2ZXJzaW9uIjpudWxsfSwidGZ3X2ZvbGxvd2VyX2NvdW50X3N1bnNldCI6eyJidWNrZXQiOnRydWUsInZlcnNpb24iOm51bGx9LCJ0ZndfdHdlZXRfZWRpdF9iYWNrZW5kIjp7ImJ1Y2tldCI6Im9uIiwidmVyc2lvbiI6bnVsbH0sInRmd19yZWZzcmNfc2Vzc2lvbiI6eyJidWNrZXQiOiJvbiIsInZlcnNpb24iOm51bGx9LCJ0ZndfZm9zbnJfc29mdF9pbnRlcnZlbnRpb25zX2VuYWJsZWQiOnsiYnVja2V0Ijoib24iLCJ2ZXJzaW9uIjpudWxsfSwidGZ3X21peGVkX21lZGlhXzE1ODk3Ijp7ImJ1Y2tldCI6InRyZWF0bWVudCIsInZlcnNpb24iOm51bGx9LCJ0ZndfZXhwZXJpbWVudHNfY29va2llX2V4cGlyYXRpb24iOnsiYnVja2V0IjoxMjA5NjAwLCJ2ZXJzaW9uIjpudWxsfSwidGZ3X3Nob3dfYmlyZHdhdGNoX3Bpdm90c19lbmFibGVkIjp7ImJ1Y2tldCI6Im9uIiwidmVyc2lvbiI6bnVsbH0sInRmd19kdXBsaWNhdGVfc2NyaWJlc190b19zZXR0aW5ncyI6eyJidWNrZXQiOiJvbiIsInZlcnNpb24iOm51bGx9LCJ0ZndfdXNlX3Byb2ZpbGVfaW1hZ2Vfc2hhcGVfZW5hYmxlZCI6eyJidWNrZXQiOiJvbiIsInZlcnNpb24iOm51bGx9LCJ0ZndfdmlkZW9faGxzX2R5bmFtaWNfbWFuaWZlc3RzXzE1MDgyIjp7ImJ1Y2tldCI6InRydWVfYml0cmF0ZSIsInZlcnNpb24iOm51bGx9LCJ0ZndfbGVnYWN5X3RpbWVsaW5lX3N1bnNldCI6eyJidWNrZXQiOnRydWUsInZlcnNpb24iOm51bGx9LCJ0ZndfdHdlZXRfZWRpdF9mcm9udGVuZCI6eyJidWNrZXQiOiJvbiIsInZlcnNpb24iOm51bGx9fQ%3D%3D&amp;frame=false&amp;hideCard=false&amp;hideThread=false&amp;id=919659438700670976&amp;lang=es&amp;origin=https%3A%2F%2Felpais.com%2Fsociedad%2F2024-03-03%2Fde-la-lucha-que-nacio-entre-flores-a-la-resistencia-en-redes-una-decada-del-despertar-social-al-feminismo.html&amp;sessionId=ae91223e41a3411a7c4b331aa8202e60d618014f&amp;siteScreenName=el_pais&amp;theme=light&amp;widgetsVersion=2615f7e52b7e0%3A1702314776716&amp;width=550px\" frameborder=\"0\" scrolling=\"no\" allowfullscreen=\"allowfullscreen\" data-tweet-id=\"919659438700670976\" data-mce-fragment=\"1\"><\/iframe><\/div>\n<\/div>\n<p class=\"\" style=\"text-align: justify;\">Una bola de nieve que provoc\u00f3 desde el #YoTambi\u00e9n en Espa\u00f1a y Latinoam\u00e9rica al <a href=\"https:\/\/elpais.com\/sociedad\/2018\/10\/04\/actualidad\/1538660092_759539.html\" target=\"_blank\" rel=\"noopener\" data-link-track-dtm=\"\" data-mrf-link=\"https:\/\/elpais.com\/sociedad\/2018\/10\/04\/actualidad\/1538660092_759539.html\">#BalanceTonPorc<\/a> en Francia, #MujeresBoicoteanTwitter o #WeAreNotSurprised (<a href=\"https:\/\/elpais.com\/ideas\/2022-03-08\/el-metoo-fue-mucho-mas-alla-de-hollywood-en-nigeria-y-pakistan-ha-cambiado-vidas.html\" target=\"_blank\" rel=\"noopener\" data-link-track-dtm=\"\" data-mrf-link=\"https:\/\/elpais.com\/ideas\/2022-03-08\/el-metoo-fue-mucho-mas-alla-de-hollywood-en-nigeria-y-pakistan-ha-cambiado-vidas.html\">y que no ha parado<\/a>, al menos hasta ahora).<\/p>\n<p class=\"\" style=\"text-align: justify;\">En ese contexto, que ya no respond\u00eda a una latitud concreta, en Espa\u00f1a empez\u00f3 en noviembre <a href=\"https:\/\/elpais.com\/politica\/2017\/04\/26\/actualidad\/1493206921_151064.html\" target=\"_blank\" rel=\"noopener\" data-link-track-dtm=\"\" data-mrf-link=\"https:\/\/elpais.com\/politica\/2017\/04\/26\/actualidad\/1493206921_151064.html\">el juicio a La Manada<\/a>. Fue tambi\u00e9n el a\u00f1o en el que <a href=\"https:\/\/elpais.com\/politica\/2017\/07\/28\/actualidad\/1501230577_729033.html\" target=\"_blank\" rel=\"noopener\" data-link-track-dtm=\"\" data-mrf-link=\"https:\/\/elpais.com\/politica\/2017\/07\/28\/actualidad\/1501230577_729033.html\">todos los partidos excepto Unidas Podemos<\/a> \u2014se abstuvo porque consider\u00f3 que no era \u201csuficiente\u201d\u2014 firmaron el Pacto de Estado contra la violencia de G\u00e9nero.<\/p>\n<p class=\"\" style=\"text-align: justify;\">Aquel a\u00f1o, el diccionario estadounidense Merriam-Webster declar\u00f3 \u201cfeminismo\u201d <a href=\"https:\/\/elpais.com\/internacional\/2017\/12\/23\/actualidad\/1514057371_076739.html\" target=\"_blank\" rel=\"noopener\" data-link-track-dtm=\"\" data-mrf-link=\"https:\/\/elpais.com\/internacional\/2017\/12\/23\/actualidad\/1514057371_076739.html\">la palabra del a\u00f1o<\/a>.<\/p>\n<h1 style=\"text-align: justify;\"><b>2018<\/b><\/h1>\n<h5 class=\"\" style=\"text-align: justify;\"><b>Una movilizaci\u00f3n hist\u00f3rica<\/b><\/h5>\n<figure class=\"a_m a_m-h \" style=\"text-align: justify;\"><span class=\"_db a_m_w _pr lb_btn\"><img data-recalc-dims=\"1\" loading=\"lazy\" decoding=\"async\" class=\"_re lazyload a_m-h alignleft\" src=\"https:\/\/i0.wp.com\/imagenes.elpais.com\/resizer\/T24cg-HqCuWoGziRcfLY6wq9Fic%3D\/414x0\/cloudfront-eu-central-1.images.arcpublishing.com\/prisa\/CXK6L5HHH5D5BOCVPWUSTPSR3Y.jpg?resize=414%2C276&#038;ssl=1\" sizes=\"auto, (min-width:1199px) 1155px,(min-width:1001px) calc(100vw - 44px),(min-width:768px) 767px, 100vw\" srcset=\"https:\/\/imagenes.elpais.com\/resizer\/T24cg-HqCuWoGziRcfLY6wq9Fic=\/414x0\/cloudfront-eu-central-1.images.arcpublishing.com\/prisa\/CXK6L5HHH5D5BOCVPWUSTPSR3Y.jpg 414w,https:\/\/imagenes.elpais.com\/resizer\/RItZTsr106zE1HoivrkfnaViUCI=\/828x0\/cloudfront-eu-central-1.images.arcpublishing.com\/prisa\/CXK6L5HHH5D5BOCVPWUSTPSR3Y.jpg 640w,https:\/\/imagenes.elpais.com\/resizer\/y66exhOZDojZ43vgf-4kq4i7w6c=\/980x0\/cloudfront-eu-central-1.images.arcpublishing.com\/prisa\/CXK6L5HHH5D5BOCVPWUSTPSR3Y.jpg 1000w,https:\/\/imagenes.elpais.com\/resizer\/zk7RXT3-zMqQZBgBoVSKqsX0k4s=\/1960x0\/cloudfront-eu-central-1.images.arcpublishing.com\/prisa\/CXK6L5HHH5D5BOCVPWUSTPSR3Y.jpg 1960w\" alt=\"La vista de Cibeles desde la azotea de Casa Am\u00e9rica durante la manifestaci\u00f3n del 8 de marzo de aquel a\u00f1o es una de las m\u00e1s ic\u00f3nicas de los \u00faltimos diez a\u00f1os.\" width=\"414\" height=\"276\" \/><\/span><figcaption class=\"a_m_p\">La vista de Cibeles desde la azotea de Casa Am\u00e9rica durante la manifestaci\u00f3n del 8 de marzo de aquel a\u00f1o es una de las m\u00e1s ic\u00f3nicas de los \u00faltimos diez a\u00f1os.<span class=\"a_m_m\">carlos rosillo<\/span><\/figcaption><\/figure>\n<p class=\"\" style=\"text-align: justify;\">Fue el a\u00f1o de la huelga. Fue el a\u00f1o en el que cientos de miles de mujeres, y tambi\u00e9n de hombres, llenaron las calles desde el mediod\u00eda y hasta la noche en m\u00e1s de 120 ciudades de Espa\u00f1a. Fue el 8-M que coloc\u00f3 a Espa\u00f1a como <a href=\"https:\/\/www.nytimes.com\/2018\/03\/08\/world\/international-womens-day-2018.html\" target=\"_blank\" rel=\"noopener\" data-link-track-dtm=\"\" data-mrf-link=\"https:\/\/www.nytimes.com\/2018\/03\/08\/world\/international-womens-day-2018.html\">epicentro del feminismo<\/a>.<\/p>\n<h5 class=\"\" style=\"text-align: justify;\"><b>Abuso, no violaci\u00f3n<\/b><\/h5>\n<p class=\"\" style=\"text-align: justify;\"><a href=\"https:\/\/elpais.com\/politica\/2018\/04\/26\/actualidad\/1524739869_160997.html\" target=\"_blank\" rel=\"noopener\" data-link-track-dtm=\"\" data-mrf-link=\"https:\/\/elpais.com\/politica\/2018\/04\/26\/actualidad\/1524739869_160997.html\">Abuso<\/a>, no violaci\u00f3n. Eso decidi\u00f3 la Audiencia Provincial de Navarra. Lo ratific\u00f3 despu\u00e9s el Tribunal Superior de Justicia de la Comunidad Foral. <a href=\"https:\/\/elpais.com\/politica\/2018\/06\/21\/actualidad\/1529592264_148383.html\" target=\"_blank\" rel=\"noopener\" data-link-track-dtm=\"\" data-mrf-link=\"https:\/\/elpais.com\/politica\/2018\/06\/21\/actualidad\/1529592264_148383.html\">La Manada qued\u00f3 en libertad provisional<\/a>. Esas decisiones judiciales entre el 26 de abril y el 5 de diciembre desataron una oleada de concentraciones, manifestaciones y protestas.<\/p>\n<div id=\"elpais_gpt-MPU8\" class=\"pbs-a-c\" style=\"text-align: justify;\">\u00a0<\/div>\n<p class=\"\" style=\"text-align: justify;\">No solo <a href=\"https:\/\/elpais.com\/politica\/2018\/04\/26\/actualidad\/1524762106_702951.html\" target=\"_blank\" rel=\"noopener\" data-link-track-dtm=\"\" data-mrf-link=\"https:\/\/elpais.com\/politica\/2018\/04\/26\/actualidad\/1524762106_702951.html\">fue la calle<\/a>: <a href=\"https:\/\/elpais.com\/politica\/2018\/04\/26\/actualidad\/1524752186_381366.html\" target=\"_blank\" rel=\"noopener\" data-link-track-dtm=\"\" data-mrf-link=\"https:\/\/elpais.com\/politica\/2018\/04\/26\/actualidad\/1524752186_381366.html\">pol\u00edticos<\/a>, <a href=\"https:\/\/elpais.com\/politica\/2018\/04\/26\/actualidad\/1524732623_919919.html\" target=\"_blank\" rel=\"noopener\" data-link-track-dtm=\"\" data-mrf-link=\"https:\/\/elpais.com\/politica\/2018\/04\/26\/actualidad\/1524732623_919919.html\">juristas<\/a>, te\u00f3logos, psic\u00f3logos, de Jessica Chastain a Patricia Bot\u00edn se posicionaron. Aquello, explica Ana de Miguel, fue mostrando \u201cc\u00f3mo el feminismo estaba creando en Espa\u00f1a una nueva autoconciencia: qui\u00e9nes somos, qu\u00e9 debemos hacer y c\u00f3mo debemos relacionarnos\u201d.<\/p>\n<figure class=\"a_m a_m-h \" style=\"text-align: justify;\"><span class=\"_db a_m_w\"><img data-recalc-dims=\"1\" loading=\"lazy\" decoding=\"async\" class=\"_re lazyload a_m-h alignright\" src=\"https:\/\/i0.wp.com\/imagenes.elpais.com\/resizer\/gE_9qjJY5_HUEhozxY5ar2w_tP8%3D\/414x0\/cloudfront-eu-central-1.images.arcpublishing.com\/prisa\/POZJZFS7TTXNYBWE6DPUOA6JIU.jpg?resize=414%2C240&#038;ssl=1\" sizes=\"auto, (min-width:1199px) 1155px,(min-width:1001px) calc(100vw - 44px),(min-width:768px) 767px, 100vw\" srcset=\"https:\/\/imagenes.elpais.com\/resizer\/gE_9qjJY5_HUEhozxY5ar2w_tP8=\/414x0\/cloudfront-eu-central-1.images.arcpublishing.com\/prisa\/POZJZFS7TTXNYBWE6DPUOA6JIU.jpg 414w,https:\/\/imagenes.elpais.com\/resizer\/TeEzuoOjwLe1y4bW_UPJC_T1ris=\/828x0\/cloudfront-eu-central-1.images.arcpublishing.com\/prisa\/POZJZFS7TTXNYBWE6DPUOA6JIU.jpg 640w,https:\/\/imagenes.elpais.com\/resizer\/Mupafjf-MJBmlDE-skEbXh3H21E=\/980x0\/cloudfront-eu-central-1.images.arcpublishing.com\/prisa\/POZJZFS7TTXNYBWE6DPUOA6JIU.jpg 1000w,https:\/\/imagenes.elpais.com\/resizer\/yZeqhdQD85Ramoib04m-qOUVM_U=\/1960x0\/cloudfront-eu-central-1.images.arcpublishing.com\/prisa\/POZJZFS7TTXNYBWE6DPUOA6JIU.jpg 1960w\" alt=\"Manifestaci\u00f3n frente al Ministerio de Justicia, en Madrid, el 26 de abril, el d\u00eda que se conoci\u00f3 la sentencia de la Audiencia Provincial.\" width=\"414\" height=\"240\" \/><\/span><figcaption class=\"a_m_p\">Manifestaci\u00f3n frente al Ministerio de Justicia, en Madrid, el 26 de abril, el d\u00eda que se conoci\u00f3 la sentencia de la Audiencia Provincial.<span class=\"a_m_m\">Samuel S\u00e1nchez<\/span><\/figcaption><\/figure>\n<h5 class=\"\" style=\"text-align: justify;\"><b>#Cu\u00e9ntalo<\/b><\/h5>\n<p class=\"\" style=\"text-align: justify;\">Un tuit de la periodista Cristina Fallar\u00e1s el mismo 26 de abril produjo una cascada en la que, solo entre ese d\u00eda y el 9 de mayo, alrededor de 790.000 mujeres escribieron casi tres millones de posts contando sus propias experiencias. <a href=\"https:\/\/elpais.com\/sociedad\/2018\/12\/12\/actualidad\/1544617022_492358.html\" target=\"_blank\" rel=\"noopener\" data-link-track-dtm=\"\" data-mrf-link=\"https:\/\/elpais.com\/sociedad\/2018\/12\/12\/actualidad\/1544617022_492358.html\">Naci\u00f3 el #Cu\u00e9ntalo<\/a>. El torrente cruz\u00f3 a Am\u00e9rica Latina.<\/p>\n<h5 class=\"\" style=\"text-align: justify;\"><b>Cambios en la Justicia<\/b><\/h5>\n<p class=\"\" style=\"text-align: justify;\">El tsunami social contra las decisiones judiciales sobre La Manada hizo que <a href=\"https:\/\/elpais.com\/politica\/2018\/07\/10\/actualidad\/1531217547_930023.html\" target=\"_blank\" rel=\"noopener\" data-link-track-dtm=\"\" data-mrf-link=\"https:\/\/elpais.com\/politica\/2018\/07\/10\/actualidad\/1531217547_930023.html\">el Gobierno y la Justicia se abrieran a revisar los delitos sexuales<\/a>; hubo pasos en la jurisprudencia, como las \u00f3rdenes de alejamiento para el maltrato sin lesiones f\u00edsicas; y el Consejo General del Poder Judicial empez\u00f3 a hablar de feminicidios.<\/p>\n<h1 style=\"text-align: justify;\">2019<\/h1>\n<h5 class=\"\" style=\"text-align: justify;\"><b>Los primeros datos oficiales de violencia sexual en grupo<\/b><\/h5>\n<p class=\"\" style=\"text-align: justify;\">El caso de La Manada tambi\u00e9n conllev\u00f3 cambios en la estad\u00edstica. Interior public\u00f3 por primera vez <a href=\"https:\/\/estadisticasdecriminalidad.ses.mir.es\/publico\/portalestadistico\/dam\/jcr:26eb9ac4-5e80-488f-a26a-f036650513a7\/Informe%20delitos%20contra%20la%20libertad%20e%20indemnidad%20sexual%202017.pdf\" target=\"_blank\" rel=\"noopener\" data-link-track-dtm=\"\" data-mrf-link=\"https:\/\/estadisticasdecriminalidad.ses.mir.es\/publico\/portalestadistico\/dam\/jcr:26eb9ac4-5e80-488f-a26a-f036650513a7\/Informe%20delitos%20contra%20la%20libertad%20e%20indemnidad%20sexual%202017.pdf\">el informe espec\u00edfico sobre delitos sexuales en 2017<\/a> con una llamada inicial que comenzaba as\u00ed: \u201cLa realizaci\u00f3n del informe viene motivada por el reproche social y penal que merecen la comisi\u00f3n de estas formas delictivas\u201d.<\/p>\n<figure class=\"a_m a_m-h \" style=\"text-align: justify;\"><span class=\"_db a_m_w\"><img data-recalc-dims=\"1\" loading=\"lazy\" decoding=\"async\" class=\"_re lazyload a_m-h alignnone\" src=\"https:\/\/i0.wp.com\/imagenes.elpais.com\/resizer\/Jfj2VWnaYQ13aOu1XAbiHVqCIoE%3D\/414x0\/cloudfront-eu-central-1.images.arcpublishing.com\/prisa\/UOO6P7P23NB6FOWCHO5XWJJ4RQ.png?resize=526%2C300&#038;ssl=1\" sizes=\"auto, (min-width:1199px) 1155px,(min-width:1001px) calc(100vw - 44px),(min-width:768px) 767px, 100vw\" srcset=\"https:\/\/imagenes.elpais.com\/resizer\/Jfj2VWnaYQ13aOu1XAbiHVqCIoE=\/414x0\/cloudfront-eu-central-1.images.arcpublishing.com\/prisa\/UOO6P7P23NB6FOWCHO5XWJJ4RQ.png 414w,https:\/\/imagenes.elpais.com\/resizer\/UAhmmN8XB-FY_YjKQMIOYVTAqgI=\/828x0\/cloudfront-eu-central-1.images.arcpublishing.com\/prisa\/UOO6P7P23NB6FOWCHO5XWJJ4RQ.png 640w,https:\/\/imagenes.elpais.com\/resizer\/Afoz-sn11IriX1wy80robCAD4JU=\/980x0\/cloudfront-eu-central-1.images.arcpublishing.com\/prisa\/UOO6P7P23NB6FOWCHO5XWJJ4RQ.png 1000w,https:\/\/imagenes.elpais.com\/resizer\/xggPsqBmdiwooDxCM9m7vlPvbGw=\/1960x0\/cloudfront-eu-central-1.images.arcpublishing.com\/prisa\/UOO6P7P23NB6FOWCHO5XWJJ4RQ.png 1960w\" alt=\"Imagen del informe del Ministerio de Interior sobre delitos sexuales de 2019, la primera vez que se publicaron datos sobre violencia sexual cometida en grupo.\" width=\"526\" height=\"300\" \/><\/span><figcaption class=\"a_m_p\">Imagen del informe del Ministerio de Interior sobre delitos sexuales de 2019, la primera vez que se publicaron datos sobre violencia sexual cometida en grupo.<span class=\"a_m_m\">Ministerio del Interior<\/span><\/figcaption><\/figure>\n<p class=\"\" style=\"text-align: justify;\">En 2018 se empez\u00f3 a hacer referencia a las agresiones cometidas en grupo y en 2019 se comenzaron a incluir <a href=\"https:\/\/estadisticasdecriminalidad.ses.mir.es\/publico\/portalestadistico\/dam\/jcr:778301a9-5b54-4dea-8662-b89cac600ae1\/INFORME%20DELITOS%20CONTRA%20LA%20LIBERTAD%20E%20INDEMNIDAD%20SEXUAL,%202019%20anual.pdf\" target=\"_blank\" rel=\"noopener\" data-link-track-dtm=\"\" data-mrf-link=\"https:\/\/estadisticasdecriminalidad.ses.mir.es\/publico\/portalestadistico\/dam\/jcr:778301a9-5b54-4dea-8662-b89cac600ae1\/INFORME%20DELITOS%20CONTRA%20LA%20LIBERTAD%20E%20INDEMNIDAD%20SEXUAL,%202019%20anual.pdf\">datos concretos en las tablas estad\u00edsticas<\/a>.<\/p>\n<h5 class=\"\" style=\"text-align: justify;\"><b>Porno, y m\u00e1s cuestiones<\/b><\/h5>\n<p class=\"\" style=\"text-align: justify;\">Desde que se recogen datos, los hechos conocidos de estos delitos crecen, y lo hacen cada vez m\u00e1s entre menores: tanto v\u00edctimas como perpetradores. Jos\u00e9 Luis Garc\u00eda, psic\u00f3logo cl\u00ednico, ha estado 30 a\u00f1os en el servicio de salud navarro pasando consulta: \u201cY llevo 46 a\u00f1os reivindicando la educaci\u00f3n sexual y afectiva\u201d.<\/p>\n<p class=\"\" style=\"text-align: justify;\">Asegura que \u201cno hay manera. Han pasado 46 a\u00f1os y nuestros adolescentes siguen aprendiendo sexo a trav\u00e9s de formas que no tienen ninguna ventaja y s\u00ed muchos inconvenientes. Ahora, con el porno violento\u201d.<\/p>\n<aside class=\"a_ei\">\n<header class=\"a_ei_h _db\">M\u00e1s informaci\u00f3n<\/header>\n<div class=\"a_ei_r _g _g-xs \"><a class=\"a_ei_t\" href=\"https:\/\/elpais.com\/sociedad\/2023-04-09\/menores-y-violaciones-en-grupo-porno-pero-no-solo.html#?rel=mas_sumario\" data-link-track-dtm=\"\" data-mrf-link=\"https:\/\/elpais.com\/sociedad\/2023-04-09\/menores-y-violaciones-en-grupo-porno-pero-no-solo.html\">Menores y violaciones en grupo: porno, pero no solo<\/a><\/div>\n<\/aside>\n<p class=\"\" style=\"text-align: justify;\">Pero hay m\u00e1s cuestiones. Porque \u201cel porno por s\u00ed solo no lo explica\u201d, apunta Garc\u00eda. La ausencia de educaci\u00f3n sexoafectiva en los curr\u00edculos escolares y en los hogares, o una regresi\u00f3n a las ideas conservadoras y tradicionales son algunas de las cuestiones que especialistas de distintos \u00e1mbitos apuntan.<\/p>\n<h5 class=\"\" style=\"text-align: justify;\"><b>La ultraderecha llega al Congreso<\/b><\/h5>\n<p class=\"\" style=\"text-align: justify;\">En abril de 2019, <a href=\"https:\/\/elpais.com\/politica\/2019\/04\/28\/actualidad\/1556467382_150442.html\" target=\"_blank\" rel=\"noopener\" data-link-track-dtm=\"\" data-mrf-link=\"https:\/\/elpais.com\/politica\/2019\/04\/28\/actualidad\/1556467382_150442.html\">Vox entr\u00f3 en el Congreso<\/a> con dos millones y medio de votos, 24 esca\u00f1os. Para Kika Fumero, la exdirectora del Instituto Canario de Igualdad, \u201cla mayor amenaza es que el negacionismo haya entrado de la mano de la ultraderecha. Que est\u00e9n ah\u00ed sentados est\u00e1 haciendo que se legitime su discurso\u201d.<\/p>\n<h5 class=\"\" style=\"text-align: justify;\"><b>El hist\u00f3rico fallo del TS: violaci\u00f3n m\u00faltiple, no abuso sexual<\/b><\/h5>\n<p class=\"\" style=\"text-align: justify;\">El Tribunal Supremo elev\u00f3 el 21 de junio de 2019 la condena a La Manada a 15 a\u00f1os. Determin\u00f3 que fue una violaci\u00f3n m\u00faltiple, no un abuso sexual. Aquello, dice la abogada especializada en g\u00e9nero Amparo D\u00edaz, \u201cgener\u00f3 much\u00edsima conciencia\u201d.<\/p>\n<aside class=\"a_ei\">\n<header class=\"a_ei_h _db\">M\u00e1s informaci\u00f3n<\/header>\n<div class=\"a_ei_r _g _g-xs \"><a class=\"a_ei_t\" href=\"https:\/\/ep00.epimg.net\/descargables\/2019\/07\/05\/6c492a5ff38b11ed77a1a8166acec175.pdf#?rel=mas_sumario\" data-link-track-dtm=\"\" data-mrf-link=\"https:\/\/ep00.epimg.net\/descargables\/2019\/07\/05\/6c492a5ff38b11ed77a1a8166acec175.pdf#?rel=mas_sumario\">La sentencia del Supremo<\/a><\/div>\n<\/aside>\n<p class=\"\" style=\"text-align: justify;\">Para ella fue un hito: \u201cEn los \u00faltimos diez a\u00f1os much\u00edsimas personas desde distintas posiciones jur\u00eddicas reclamamos <a href=\"https:\/\/elpais.com\/sociedad\/2022-01-21\/puede-haber-justicia-sin-perspectiva-de-genero-las-palabras-del-decano-de-madrid-azuzan-el-debate.html\" target=\"_blank\" rel=\"noopener\" data-link-track-dtm=\"\" data-mrf-link=\"https:\/\/elpais.com\/sociedad\/2022-01-21\/puede-haber-justicia-sin-perspectiva-de-genero-las-palabras-del-decano-de-madrid-azuzan-el-debate.html\">la perspectiva de g\u00e9nero en los tribunales<\/a>\u201d. Asegura que cada vez \u201chay <a href=\"https:\/\/elpais.com\/sociedad\/2024-02-24\/11-extractos-clave-de-la-sentencia-contra-dani-alves-no-hace-falta-la-heroica-oposicion-de-la-victima-ni-bailar-da-carta-blanca.html?mrfhud=true\" target=\"_blank\" rel=\"noopener\" data-link-track-dtm=\"\" data-mrf-link=\"https:\/\/elpais.com\/sociedad\/2024-02-24\/11-extractos-clave-de-la-sentencia-contra-dani-alves-no-hace-falta-la-heroica-oposicion-de-la-victima-ni-bailar-da-carta-blanca.html\">m\u00e1s sentencias con perspectiva de g\u00e9nero<\/a>, importante para que sea una herramienta que se aplique de manera sistem\u00e1tica\u201d.<\/p>\n<h1 style=\"text-align: justify;\">2020<\/h1>\n<h5 class=\"\" style=\"text-align: justify;\"><b>La pandemia y el par\u00f3n<\/b><\/h5>\n<figure class=\"a_m a_m-h \" style=\"text-align: justify;\"><span class=\"_db a_m_w _pr lb_btn\"><img data-recalc-dims=\"1\" loading=\"lazy\" decoding=\"async\" class=\"_re lazyload a_m-h\" src=\"https:\/\/i0.wp.com\/imagenes.elpais.com\/resizer\/SHhphM1af-RPAy_G5MOVRwbjntI%3D\/414x0\/cloudfront-eu-central-1.images.arcpublishing.com\/prisa\/Q44F4B57SREFBAAAUNJRQFVDBM.jpg?resize=414%2C276&#038;ssl=1\" sizes=\"auto, (min-width:1199px) 1155px,(min-width:1001px) calc(100vw - 44px),(min-width:768px) 767px, 100vw\" srcset=\"https:\/\/imagenes.elpais.com\/resizer\/SHhphM1af-RPAy_G5MOVRwbjntI=\/414x0\/cloudfront-eu-central-1.images.arcpublishing.com\/prisa\/Q44F4B57SREFBAAAUNJRQFVDBM.jpg 414w,https:\/\/imagenes.elpais.com\/resizer\/hx_I4JDU6T4VmfGwWw7KNOkpUlw=\/828x0\/cloudfront-eu-central-1.images.arcpublishing.com\/prisa\/Q44F4B57SREFBAAAUNJRQFVDBM.jpg 640w,https:\/\/imagenes.elpais.com\/resizer\/60CvngIO9hiYJki9PLW_lHun9LQ=\/980x0\/cloudfront-eu-central-1.images.arcpublishing.com\/prisa\/Q44F4B57SREFBAAAUNJRQFVDBM.jpg 1000w,https:\/\/imagenes.elpais.com\/resizer\/I-g3hkyD6gAj1qe24oNxvZ5yKZo=\/1960x0\/cloudfront-eu-central-1.images.arcpublishing.com\/prisa\/Q44F4B57SREFBAAAUNJRQFVDBM.jpg 1960w\" alt=\"Una semana despu\u00e9s de ese 8 de marzo, Espa\u00f1a entr\u00f3 en confinamiento.\" width=\"414\" height=\"276\" \/><\/span><figcaption class=\"a_m_p\">Una semana despu\u00e9s de ese 8 de marzo, Espa\u00f1a entr\u00f3 en confinamiento.<span class=\"a_m_m\">Santi Burgos<\/span><\/figcaption><\/figure>\n<p class=\"\" style=\"text-align: justify;\"><a href=\"https:\/\/elpais.com\/espana\/2020-03-13\/el-gobierno-debate-decretar-el-estado-de-alarma.html\" target=\"_blank\" rel=\"noopener\" data-link-track-dtm=\"\" data-mrf-link=\"https:\/\/elpais.com\/espana\/2020-03-13\/el-gobierno-debate-decretar-el-estado-de-alarma.html\">El confinamiento<\/a> \u201ctuvo cara y cruz\u201d seg\u00fan Rosa Cobo. \u201cFue un golpe. En Espa\u00f1a hay un tejido asociativo feminista muy repartido territorialmente, con un funcionamiento cotidiano de reuniones, debates, etc.\u201d, explica. \u00bfLa cruz? \u201cSe fortaleci\u00f3 el ciberactivismo, las luchas pol\u00edticas y las ideas feministas encontraron otro canal\u201d.<\/p>\n<div id=\"elpais_gpt-MPU12\" class=\"pbs-a-c\" style=\"text-align: justify;\">\u00a0<\/div>\n<h5 class=\"\" style=\"text-align: justify;\"><b>De Calvo a Montero<\/b><\/h5>\n<figure class=\"a_m a_m-h \" style=\"text-align: justify;\"><span class=\"_db a_m_w _pr lb_btn\"><img data-recalc-dims=\"1\" loading=\"lazy\" decoding=\"async\" class=\"_re lazyload a_m-h\" src=\"https:\/\/i0.wp.com\/imagenes.elpais.com\/resizer\/dDsa_8hqm6PvViSvGj1lBM-2pTk%3D\/414x0\/cloudfront-eu-central-1.images.arcpublishing.com\/prisa\/FK4IRQYRTFCE3EFCEVMYZBDJVY.JPG?resize=414%2C233&#038;ssl=1\" sizes=\"auto, (min-width:1199px) 1155px,(min-width:1001px) calc(100vw - 44px),(min-width:768px) 767px, 100vw\" srcset=\"https:\/\/imagenes.elpais.com\/resizer\/dDsa_8hqm6PvViSvGj1lBM-2pTk=\/414x0\/cloudfront-eu-central-1.images.arcpublishing.com\/prisa\/FK4IRQYRTFCE3EFCEVMYZBDJVY.JPG 414w,https:\/\/imagenes.elpais.com\/resizer\/Urx3CZ7imevHDRSc04eOrIrr5I0=\/828x0\/cloudfront-eu-central-1.images.arcpublishing.com\/prisa\/FK4IRQYRTFCE3EFCEVMYZBDJVY.JPG 640w,https:\/\/imagenes.elpais.com\/resizer\/xOlUhOtJ3dp7QLzpqE4zAprfG40=\/980x0\/cloudfront-eu-central-1.images.arcpublishing.com\/prisa\/FK4IRQYRTFCE3EFCEVMYZBDJVY.JPG 1000w,https:\/\/imagenes.elpais.com\/resizer\/HbiCn1i-pawfeT0N6_R-oZFtPRE=\/1960x0\/cloudfront-eu-central-1.images.arcpublishing.com\/prisa\/FK4IRQYRTFCE3EFCEVMYZBDJVY.JPG 1960w\" alt=\"Toma de posesi\u00f3n e intercambio de cartera de Carmen Calvo a Irene Montero como ministra de Igualdad en el Ministerio de Igualdad.\" width=\"414\" height=\"233\" \/><\/span><figcaption class=\"a_m_p\">Toma de posesi\u00f3n e intercambio de cartera de Carmen Calvo a Irene Montero como ministra de Igualdad en el Ministerio de Igualdad.<span class=\"a_m_m\">ULY MARTIN (EL PA\u00cdS)<\/span><\/figcaption><\/figure>\n<p class=\"\" style=\"text-align: justify;\">El 13 de enero de 2020 Carmen Calvo entreg\u00f3 la cartera de Igualdad a Irene Montero. Aquel momento fue el inicio de una batalla interna dentro del Gobierno de coalici\u00f3n entre PSOE y Unidas Podemos <a href=\"https:\/\/elpais.com\/politica\/2019\/07\/21\/actualidad\/1563740180_541646.html\" target=\"_blank\" rel=\"noopener\" data-link-track-dtm=\"\" data-mrf-link=\"https:\/\/elpais.com\/politica\/2019\/07\/21\/actualidad\/1563740180_541646.html\">que hab\u00eda empezado ya en la negociaci\u00f3n para formar Ejecutivo<\/a>.<\/p>\n<p class=\"\" style=\"text-align: justify;\">Para finales de a\u00f1o, ya estaban sobre la mesa los borradores de las dos leyes que iban a hacer que ese conflicto se visibilizara y agudizara: <a href=\"https:\/\/elpais.com\/sociedad\/2020-11-03\/llega-la-ley-de-libertad-sexual-el-silencio-no-es-un-si.html\" target=\"_blank\" rel=\"noopener\" data-link-track-dtm=\"\" data-mrf-link=\"https:\/\/elpais.com\/sociedad\/2020-11-03\/llega-la-ley-de-libertad-sexual-el-silencio-no-es-un-si.html\">la de Libertad Sexual<\/a> y <a href=\"https:\/\/elpais.com\/sociedad\/2020-12-19\/igualdad-tendra-un-borrador-de-la-ley-trans-para-principios-de-2021.html\" target=\"_blank\" rel=\"noopener\" data-link-track-dtm=\"\" data-mrf-link=\"https:\/\/elpais.com\/sociedad\/2020-12-19\/igualdad-tendra-un-borrador-de-la-ley-trans-para-principios-de-2021.html\">la trans<\/a>.<\/p>\n<h1 class=\"\" style=\"text-align: justify;\">2021<\/h1>\n<h5 class=\"\" style=\"text-align: justify;\"><b>Los tent\u00e1culos virtuales de la violencia<\/b><\/h5>\n<figure class=\"a_m a_m-h \" style=\"text-align: justify;\"><span class=\"_db a_m_w _pr lb_btn\"><img data-recalc-dims=\"1\" loading=\"lazy\" decoding=\"async\" class=\"_re lazyload a_m-h\" src=\"https:\/\/i0.wp.com\/imagenes.elpais.com\/resizer\/_e-iSfeF0ioJlBrCimfTgDQkEXE%3D\/414x0\/cloudfront-eu-central-1.images.arcpublishing.com\/prisa\/I5MYBDPXB5C5ZCDI2IVDVIZOWQ.jpg?resize=414%2C414&#038;ssl=1\" sizes=\"auto, (min-width:1199px) 1155px,(min-width:1001px) calc(100vw - 44px),(min-width:768px) 767px, 100vw\" srcset=\"https:\/\/imagenes.elpais.com\/resizer\/_e-iSfeF0ioJlBrCimfTgDQkEXE=\/414x0\/cloudfront-eu-central-1.images.arcpublishing.com\/prisa\/I5MYBDPXB5C5ZCDI2IVDVIZOWQ.jpg 414w,https:\/\/imagenes.elpais.com\/resizer\/NNIDCDJfJgncQTq8igHQqczNh0w=\/828x0\/cloudfront-eu-central-1.images.arcpublishing.com\/prisa\/I5MYBDPXB5C5ZCDI2IVDVIZOWQ.jpg 640w,https:\/\/imagenes.elpais.com\/resizer\/Jq5MG1ZdpH3b9P3K0hfymVMHDBk=\/980x0\/cloudfront-eu-central-1.images.arcpublishing.com\/prisa\/I5MYBDPXB5C5ZCDI2IVDVIZOWQ.jpg 1000w,https:\/\/imagenes.elpais.com\/resizer\/YCPaTUAhyyw_3yTgS69x_ZZ3CBM=\/1960x0\/cloudfront-eu-central-1.images.arcpublishing.com\/prisa\/I5MYBDPXB5C5ZCDI2IVDVIZOWQ.jpg 1960w\" alt=\"Violencia machista en la red\" width=\"414\" height=\"414\" \/><\/span><figcaption class=\"a_m_p\">Violencia machista en la red<span class=\"a_m_m\">eva v\u00e1zquez<\/span><\/figcaption><\/figure>\n<p class=\"\" style=\"text-align: justify;\">Elche acogi\u00f3 el primer congreso internacional sobre vigilancia inform\u00e1tica y atenci\u00f3n a v\u00edctimas de acoso sexual en redes y <i>apps<\/i>. Estudios y an\u00e1lisis empezaban a incidir en ello; <a href=\"https:\/\/elpais.com\/sociedad\/2021-07-06\/el-consejo-de-ministros-aprueba-el-proyecto-de-ley-del-solo-si-es-si-queremos-que-ninguna-mujer-se-sienta-sola.html\" target=\"_blank\" rel=\"noopener\" data-link-track-dtm=\"\" data-mrf-link=\"https:\/\/elpais.com\/sociedad\/2021-07-06\/el-consejo-de-ministros-aprueba-el-proyecto-de-ley-del-solo-si-es-si-queremos-que-ninguna-mujer-se-sienta-sola.html\">la ley del <i>solo s\u00ed es s\u00ed<\/i> ya contemplaba la violencia digital<\/a>; y en abril <a href=\"https:\/\/elpais.com\/sociedad\/2021-04-15\/el-congreso-aprueba-una-ley-pionera-que-protege-a-la-infancia-frente-a-la-violencia.html\" target=\"_blank\" rel=\"noopener\" data-link-track-dtm=\"\" data-mrf-link=\"https:\/\/elpais.com\/sociedad\/2021-04-15\/el-congreso-aprueba-una-ley-pionera-que-protege-a-la-infancia-frente-a-la-violencia.html\">se aprob\u00f3 la Ley de protecci\u00f3n a la Infancia y la Adolescencia<\/a>.<\/p>\n<div id=\"elpais_gpt-MPU13\" class=\"pbs-a-c\" style=\"text-align: justify;\">\n<div class=\"raw_html\">\n<div>\n<div>\n<div id=\"datawrapper-vis-a99Pa\" class=\"datawrapper-script-embed vis-height-fixed vis-d3-pies\">\u00a0<\/div>\n<\/div>\n<\/div>\n<\/div>\n<div id=\"elpais_gpt-MPU14\" class=\"pbs-a-c\">\u00a0<\/div>\n<h5 class=\"\"><b>La ruptura<\/b><\/h5>\n<p class=\"\">Ese 8-M <a href=\"https:\/\/elpais.com\/sociedad\/2022-03-07\/el-feminismo-caminara-separado-este-8-m-por-primera-vez-en-la-historia.html\" target=\"_blank\" rel=\"noopener\" data-link-track-dtm=\"\" data-mrf-link=\"https:\/\/elpais.com\/sociedad\/2022-03-07\/el-feminismo-caminara-separado-este-8-m-por-primera-vez-en-la-historia.html\">el feminismo camin\u00f3 separado por primera vez en la historia<\/a>. La abolici\u00f3n de la prostituci\u00f3n fue la cara visible de la divisi\u00f3n. \u00bfDe fondo? La libre autodeterminaci\u00f3n de g\u00e9nero, la incorporaci\u00f3n de las demandas de las identidades sexuales minoritarias, y los choques de poder en el movimiento y en la coalici\u00f3n.<\/p>\n<figure class=\"a_m a_m-h \"><span class=\"_db a_m_w _pr lb_btn\"><img data-recalc-dims=\"1\" loading=\"lazy\" decoding=\"async\" class=\"_re lazyload a_m-h\" src=\"https:\/\/i0.wp.com\/imagenes.elpais.com\/resizer\/kYOqTKSw6WWBLs-K05bQpw5X1-g%3D\/414x0\/cloudfront-eu-central-1.images.arcpublishing.com\/prisa\/H22BDJ52K5FHVLAN256G42PNDU.jpg?resize=414%2C276&#038;ssl=1\" sizes=\"auto, (min-width:1199px) 1155px,(min-width:1001px) calc(100vw - 44px),(min-width:768px) 767px, 100vw\" srcset=\"https:\/\/imagenes.elpais.com\/resizer\/kYOqTKSw6WWBLs-K05bQpw5X1-g=\/414x0\/cloudfront-eu-central-1.images.arcpublishing.com\/prisa\/H22BDJ52K5FHVLAN256G42PNDU.jpg 414w,https:\/\/imagenes.elpais.com\/resizer\/E0VcB79dYd8HKuZxL-bojK95i4U=\/828x0\/cloudfront-eu-central-1.images.arcpublishing.com\/prisa\/H22BDJ52K5FHVLAN256G42PNDU.jpg 640w,https:\/\/imagenes.elpais.com\/resizer\/Wn5wShsUV_HytYyXUNL97nTnhVY=\/980x0\/cloudfront-eu-central-1.images.arcpublishing.com\/prisa\/H22BDJ52K5FHVLAN256G42PNDU.jpg 1000w,https:\/\/imagenes.elpais.com\/resizer\/PQltnk1JvcAStGDHM08zi-JIRlk=\/1960x0\/cloudfront-eu-central-1.images.arcpublishing.com\/prisa\/H22BDJ52K5FHVLAN256G42PNDU.jpg 1960w\" alt=\"Una de las manifestaciones del 8-M de 2022 en Madrid.\" width=\"414\" height=\"276\" \/><\/span><figcaption class=\"a_m_p\">Una de las manifestaciones del 8-M de 2022 en Madrid.<span class=\"a_m_m\">\u00c1lvaro Garc\u00eda<\/span><\/figcaption><\/figure>\n<h5 class=\"\"><b>Luz verde a la ley del \u2018solo s\u00ed es s\u00ed&#8217;<\/b><\/h5>\n<p class=\"\">El 25 de agosto, <a href=\"https:\/\/elpais.com\/sociedad\/2022-08-25\/la-ley-del-solo-si-es-si-sale-adelante-el-congreso-respalda-con-amplia-mayoria-la-legislacion-sobre-libertad-sexual.html\" target=\"_blank\" rel=\"noopener\" data-link-track-dtm=\"\" data-mrf-link=\"https:\/\/elpais.com\/sociedad\/2022-08-25\/la-ley-del-solo-si-es-si-sale-adelante-el-congreso-respalda-con-amplia-mayoria-la-legislacion-sobre-libertad-sexual.html\">el Congreso aprob\u00f3 la ley del <i>solo s\u00ed es s\u00ed<\/i><\/a>, que consagr\u00f3 el consentimiento afirmativo como clave de la libertad sexual. Con 201 votos a favor, 140 en contra y tres abstenciones, la norma recogi\u00f3 las reivindicaciones sociales que hab\u00edan comenzado con el caso de La Manada.<\/p>\n<figure class=\"a_m a_m-h \"><span class=\"_db a_m_w _pr lb_btn\"><img data-recalc-dims=\"1\" loading=\"lazy\" decoding=\"async\" class=\"_re lazyload a_m-h\" src=\"https:\/\/i0.wp.com\/imagenes.elpais.com\/resizer\/MtheL2aoq5X0sONn1YEpNDAn6cY%3D\/414x0\/cloudfront-eu-central-1.images.arcpublishing.com\/prisa\/PNAB3UZHJU2ARO54L2VY4P2Z7Y.jpg?resize=414%2C276&#038;ssl=1\" sizes=\"auto, (min-width:1199px) 1155px,(min-width:1001px) calc(100vw - 44px),(min-width:768px) 767px, 100vw\" srcset=\"https:\/\/imagenes.elpais.com\/resizer\/MtheL2aoq5X0sONn1YEpNDAn6cY=\/414x0\/cloudfront-eu-central-1.images.arcpublishing.com\/prisa\/PNAB3UZHJU2ARO54L2VY4P2Z7Y.jpg 414w,https:\/\/imagenes.elpais.com\/resizer\/hX-UlAhwKmAVrALZBAtl6iJ53Yc=\/828x0\/cloudfront-eu-central-1.images.arcpublishing.com\/prisa\/PNAB3UZHJU2ARO54L2VY4P2Z7Y.jpg 640w,https:\/\/imagenes.elpais.com\/resizer\/G6TO7dC583IyK-yCgvcuxu5IDJk=\/980x0\/cloudfront-eu-central-1.images.arcpublishing.com\/prisa\/PNAB3UZHJU2ARO54L2VY4P2Z7Y.jpg 1000w,https:\/\/imagenes.elpais.com\/resizer\/Xw4y-f96wrxkElmeBzqN-ymmE0U=\/1960x0\/cloudfront-eu-central-1.images.arcpublishing.com\/prisa\/PNAB3UZHJU2ARO54L2VY4P2Z7Y.jpg 1960w\" alt=\"La ministra de Ciencia e Innovaci\u00f3n, Diana Morant, a la izquierda, y la ministra de Igualdad, Irene Montero durante la sesi\u00f3n plenaria en el Congreso de los Diputados el 25 de agosto de 2022.\" width=\"414\" height=\"276\" \/><\/span><figcaption class=\"a_m_p\">La ministra de Ciencia e Innovaci\u00f3n, Diana Morant, a la izquierda, y la ministra de Igualdad, Irene Montero durante la sesi\u00f3n plenaria en el Congreso de los Diputados el 25 de agosto de 2022.<span class=\"a_m_m\">Alejandro Mart\u00ednez V\u00e9lez (Europa Press)<\/span><\/figcaption><\/figure>\n<h5 class=\"\"><b>El terremoto de las rebajas de penas y excarcelaciones<\/b><\/h5>\n<p class=\"\">Apenas dos meses despu\u00e9s, <a href=\"https:\/\/elpais.com\/sociedad\/2022-11-16\/las-claves-de-las-rebajas-de-penas-a-agresores-sexuales-con-la-ley-del-si-es-si.html\" target=\"_blank\" rel=\"noopener\" data-link-track-dtm=\"\" data-mrf-link=\"https:\/\/elpais.com\/sociedad\/2022-11-16\/las-claves-de-las-rebajas-de-penas-a-agresores-sexuales-con-la-ley-del-si-es-si.html\">comenzaron las rebajas de penas y excarcelaciones<\/a> a reos de delitos sexuales tras la entrada en vigor de la norma. El terremoto se produjo en el Congreso, <a href=\"https:\/\/elpais.com\/sociedad\/2022-11-15\/el-gobierno-abre-la-puerta-a-revisar-la-ley-del-solo-si-es-si-por-la-rebaja-de-penas-en-casos-ya-sentenciados.html\" target=\"_blank\" rel=\"noopener\" data-link-track-dtm=\"\" data-mrf-link=\"https:\/\/elpais.com\/sociedad\/2022-11-15\/el-gobierno-abre-la-puerta-a-revisar-la-ley-del-solo-si-es-si-por-la-rebaja-de-penas-en-casos-ya-sentenciados.html\">en el Gobierno<\/a> de coalici\u00f3n <a href=\"https:\/\/elpais.com\/sociedad\/2022-11-17\/la-reduccion-de-penas-por-la-ley-del-solo-si-es-si-plantea-otra-sacudida-en-el-movimiento-feminista.html\" target=\"_blank\" rel=\"noopener\" data-link-track-dtm=\"\" data-mrf-link=\"https:\/\/elpais.com\/sociedad\/2022-11-17\/la-reduccion-de-penas-por-la-ley-del-solo-si-es-si-plantea-otra-sacudida-en-el-movimiento-feminista.html\">y en el movimiento feminista<\/a>.<\/p>\n<div id=\"elpais_gpt-MPU15\" class=\"pbs-a-c\">\u00a0<\/div>\n<p class=\"\">Cuando lleg\u00f3 el D\u00eda Internacional contra la violencia machista, la divisi\u00f3n se repiti\u00f3 con dos marchas en la capital, y fue tan expl\u00edcita como para que una de las dos manifestaciones llevara pancartas en uno de sus bloques con <a href=\"https:\/\/elpais.com\/sociedad\/2022-11-25\/el-feminismo-se-fractura-en-madrid-en-las-protestas-contra-la-violencia-machista-que-recorren-espana.html\" target=\"_blank\" rel=\"noopener\" data-link-track-dtm=\"\" data-mrf-link=\"https:\/\/elpais.com\/sociedad\/2022-11-25\/el-feminismo-se-fractura-en-madrid-en-las-protestas-contra-la-violencia-machista-que-recorren-espana.html\">\u201cMontero, dimisi\u00f3n\u201d.<\/a><\/p>\n<figure class=\"a_m a_m-h \"><span class=\"_db a_m_w _pr lb_btn\"><img data-recalc-dims=\"1\" loading=\"lazy\" decoding=\"async\" class=\"_re lazyload a_m-h\" src=\"https:\/\/i0.wp.com\/imagenes.elpais.com\/resizer\/RQvyv68-URZfdvSICD0X71RbyYQ%3D\/414x0\/cloudfront-eu-central-1.images.arcpublishing.com\/prisa\/H5YXALI45ZYBK42H345YVV4KRU.jpg?resize=414%2C276&#038;ssl=1\" sizes=\"auto, (min-width:1199px) 1155px,(min-width:1001px) calc(100vw - 44px),(min-width:768px) 767px, 100vw\" srcset=\"https:\/\/imagenes.elpais.com\/resizer\/RQvyv68-URZfdvSICD0X71RbyYQ=\/414x0\/cloudfront-eu-central-1.images.arcpublishing.com\/prisa\/H5YXALI45ZYBK42H345YVV4KRU.jpg 414w,https:\/\/imagenes.elpais.com\/resizer\/_3GZd1oSfx2C0Isv-r5vsp6W7lI=\/828x0\/cloudfront-eu-central-1.images.arcpublishing.com\/prisa\/H5YXALI45ZYBK42H345YVV4KRU.jpg 640w,https:\/\/imagenes.elpais.com\/resizer\/aiV_zmUDGASnydXFwIvNtfa3Fu0=\/980x0\/cloudfront-eu-central-1.images.arcpublishing.com\/prisa\/H5YXALI45ZYBK42H345YVV4KRU.jpg 1000w,https:\/\/imagenes.elpais.com\/resizer\/-iSztho4wE7MKg3uhMb2GM699TQ=\/1960x0\/cloudfront-eu-central-1.images.arcpublishing.com\/prisa\/H5YXALI45ZYBK42H345YVV4KRU.jpg 1960w\" alt=\"La protesta convocada por el Foro de Madrid contra la Violencia a las Mujeres y el Movimiento Feminista de Madrid tuvo el lema aquel a\u00f1o de \u2018El machismo mata, viola, explota y borra a las mujeres, \u00a1Basta ya!\u2019, haciendo referencia a la ley trans.\" width=\"414\" height=\"276\" \/><\/span><figcaption class=\"a_m_p\">La protesta convocada por el Foro de Madrid contra la Violencia a las Mujeres y el Movimiento Feminista de Madrid tuvo el lema aquel a\u00f1o de \u2018El machismo mata, viola, explota y borra a las mujeres, \u00a1Basta ya!\u2019, haciendo referencia a la ley trans.<span class=\"a_m_m\">Isabel Infantes (Europa Press)<\/span><\/figcaption><\/figure>\n<h5 class=\"\"><b>11 asesinadas en 28 d\u00edas<\/b><\/h5>\n<p class=\"\"><a href=\"https:\/\/elpais.com\/sociedad\/2022-12-29\/alarma-en-interior-tras-el-asesinato-de-tres-mujeres-y-un-bebe-en-menos-de-24-horas.html\" data-link-track-dtm=\"\" data-mrf-link=\"https:\/\/elpais.com\/sociedad\/2022-12-29\/alarma-en-interior-tras-el-asesinato-de-tres-mujeres-y-un-bebe-en-menos-de-24-horas.html\">Diciembre de 2022 <\/a>ac ab\u00f3 con 11 mujeres asesinadas por sus parejas o exparejas. <a href=\"https:\/\/elpais.com\/sociedad\/2022-12-30\/alerta-por-violencia-machista-una-asesinada-cada-24-horas.html\" target=\"_blank\" rel=\"noopener\" data-link-track-dtm=\"\" data-mrf-link=\"https:\/\/elpais.com\/sociedad\/2022-12-30\/alerta-por-violencia-machista-una-asesinada-cada-24-horas.html\">Aquello provoc\u00f3 la alarma del Gobierno<\/a> y se cre\u00f3 <a href=\"https:\/\/elpais.com\/sociedad\/2022-12-28\/el-75-de-los-asesinatos-machistas-en-diciembre-el-mes-mas-letal-se-concentraron-en-festivos.html\" target=\"_blank\" rel=\"noopener\" data-link-track-dtm=\"\" data-mrf-link=\"https:\/\/elpais.com\/sociedad\/2022-12-28\/el-75-de-los-asesinatos-machistas-en-diciembre-el-mes-mas-letal-se-concentraron-en-festivos.html\">el comit\u00e9 de crisis<\/a>, una reuni\u00f3n entre el Ministerio de Igualdad, Interior, Justicia y las autonom\u00edas cada vez que en un mes se cometen cinco o m\u00e1s.<\/p>\n<h1>2023<\/h1>\n<h5 class=\"\"><b>La ley trans y la reforma del aborto<\/b><\/h5>\n<figure class=\"a_m a_m-h \"><span class=\"_db a_m_w _pr lb_btn\"><img data-recalc-dims=\"1\" loading=\"lazy\" decoding=\"async\" class=\"_re lazyload a_m-h\" src=\"https:\/\/i0.wp.com\/imagenes.elpais.com\/resizer\/5CsfoGD0A2W48JpDIS2zD3nAg1U%3D\/414x0\/cloudfront-eu-central-1.images.arcpublishing.com\/prisa\/ANKQYFGWMJEZTG5Z2KRW75BFRY.jpg?resize=414%2C276&#038;ssl=1\" sizes=\"auto, (min-width:1199px) 1155px,(min-width:1001px) calc(100vw - 44px),(min-width:768px) 767px, 100vw\" srcset=\"https:\/\/imagenes.elpais.com\/resizer\/5CsfoGD0A2W48JpDIS2zD3nAg1U=\/414x0\/cloudfront-eu-central-1.images.arcpublishing.com\/prisa\/ANKQYFGWMJEZTG5Z2KRW75BFRY.jpg 414w,https:\/\/imagenes.elpais.com\/resizer\/3UUARARFVoGwA2Wag2x9WqS_mNs=\/828x0\/cloudfront-eu-central-1.images.arcpublishing.com\/prisa\/ANKQYFGWMJEZTG5Z2KRW75BFRY.jpg 640w,https:\/\/imagenes.elpais.com\/resizer\/m-zzdYtrlLWDbrF__K0XMMN4S0s=\/980x0\/cloudfront-eu-central-1.images.arcpublishing.com\/prisa\/ANKQYFGWMJEZTG5Z2KRW75BFRY.jpg 1000w,https:\/\/imagenes.elpais.com\/resizer\/P8ZZ_kqNmzIy_pwv3RBXIMEVbiA=\/1960x0\/cloudfront-eu-central-1.images.arcpublishing.com\/prisa\/ANKQYFGWMJEZTG5Z2KRW75BFRY.jpg 1960w\" alt=\"Activistas y representantes de organizaciones LGTBIQ en el Congreso de los Diputados el d\u00eda de la aprobaci\u00f3n de la norma para proteger los derechos del colectivo. \" width=\"414\" height=\"276\" \/><\/span><figcaption class=\"a_m_p\">Activistas y representantes de organizaciones LGTBIQ en el Congreso de los Diputados el d\u00eda de la aprobaci\u00f3n de la norma para proteger los derechos del colectivo. <span class=\"a_m_m\">Luis Sevillano <\/span><\/figcaption><\/figure>\n<p class=\"\">En 2023, y a\u00fan con el desgaste de la tramitaci\u00f3n parlamentaria de la ley de Libertad Sexual, las rebajas de penas y excarcelaciones y el cisma de la <i>ley trans<\/i>, el Gobierno consigui\u00f3 aprobar las dos leyes sociales que fueron normas <i>estrella<\/i> para Igualdad en esa legislatura: <a href=\"https:\/\/elpais.com\/sociedad\/2023-02-16\/el-congreso-aprueba-la-ley-trans-y-la-reforma-del-aborto.html\" target=\"_blank\" rel=\"noopener\" data-link-track-dtm=\"\" data-mrf-link=\"https:\/\/elpais.com\/sociedad\/2023-02-16\/el-congreso-aprueba-la-ley-trans-y-la-reforma-del-aborto.html\">la del colectivo LGTBIQ y la reforma del aborto<\/a>.<\/p>\n<h1><b>#SeAcab\u00f3<\/b><\/h1>\n<p class=\"\">El 25 de agosto a las 12.34, la futbolista <a href=\"https:\/\/elpais.com\/noticias\/alexia-putellas-segura\/\" data-link-track-dtm=\"\" data-mrf-link=\"https:\/\/elpais.com\/noticias\/alexia-putellas-segura\/\">Alexia Putellas <\/a>public\u00f3 un tuit en apoyo a <a href=\"https:\/\/elpais.com\/noticias\/jennifer-hermoso-fuentes\/\" data-link-track-dtm=\"\" data-mrf-link=\"https:\/\/elpais.com\/noticias\/jennifer-hermoso-fuentes\/\">Jenni Hermoso<\/a> tras <a href=\"https:\/\/elpais.com\/deportes\/mundial-futbol-femenino\/2023-08-20\/video-jenni-hermoso-tras-el-beso-de-rubiales-que-hago-yo-no-me-ha-gustado-eh.html\" data-link-track-dtm=\"\" data-mrf-link=\"https:\/\/elpais.com\/deportes\/mundial-futbol-femenino\/2023-08-20\/video-jenni-hermoso-tras-el-beso-de-rubiales-que-hago-yo-no-me-ha-gustado-eh.html\">el beso<\/a> que, sin su consentimiento, el ya<a href=\"https:\/\/elpais.com\/deportes\/futbol\/2023-08-26\/la-comision-disciplinaria-de-la-fifa-suspende-provisionalmente-a-luis-rubiales.html\" data-link-track-dtm=\"\" data-mrf-link=\"https:\/\/elpais.com\/deportes\/futbol\/2023-08-26\/la-comision-disciplinaria-de-la-fifa-suspende-provisionalmente-a-luis-rubiales.html\"> expresidente de la Real Federaci\u00f3n Espa\u00f1ola de F\u00fatbol<\/a>, Luis Rubiales, le plant\u00f3 pocos segundos despu\u00e9s de que de su cuello colgara la medalla de <a href=\"https:\/\/elpais.com\/deportes\/mundial-futbol-femenino\/2023-08-20\/analisis-una-por-una-de-las-jugadoras-de-espana-campeona-del-mundo.html\" data-link-track-dtm=\"\" data-mrf-link=\"https:\/\/elpais.com\/deportes\/mundial-futbol-femenino\/2023-08-20\/analisis-una-por-una-de-las-jugadoras-de-espana-campeona-del-mundo.html\">campeona del mundo de f\u00fatbol<\/a>.<\/p>\n<div id=\"sum_twitter\" class=\"a_em _df\" data-oembed-type=\"twitter\">\n<div class=\"twitter-tweet twitter-tweet-rendered\"><iframe id=\"twitter-widget-1\" class=\"\" title=\"X Post\" src=\"https:\/\/platform.twitter.com\/embed\/Tweet.html?dnt=false&amp;embedId=twitter-widget-1&amp;features=eyJ0ZndfdGltZWxpbmVfbGlzdCI6eyJidWNrZXQiOltdLCJ2ZXJzaW9uIjpudWxsfSwidGZ3X2ZvbGxvd2VyX2NvdW50X3N1bnNldCI6eyJidWNrZXQiOnRydWUsInZlcnNpb24iOm51bGx9LCJ0ZndfdHdlZXRfZWRpdF9iYWNrZW5kIjp7ImJ1Y2tldCI6Im9uIiwidmVyc2lvbiI6bnVsbH0sInRmd19yZWZzcmNfc2Vzc2lvbiI6eyJidWNrZXQiOiJvbiIsInZlcnNpb24iOm51bGx9LCJ0ZndfZm9zbnJfc29mdF9pbnRlcnZlbnRpb25zX2VuYWJsZWQiOnsiYnVja2V0Ijoib24iLCJ2ZXJzaW9uIjpudWxsfSwidGZ3X21peGVkX21lZGlhXzE1ODk3Ijp7ImJ1Y2tldCI6InRyZWF0bWVudCIsInZlcnNpb24iOm51bGx9LCJ0ZndfZXhwZXJpbWVudHNfY29va2llX2V4cGlyYXRpb24iOnsiYnVja2V0IjoxMjA5NjAwLCJ2ZXJzaW9uIjpudWxsfSwidGZ3X3Nob3dfYmlyZHdhdGNoX3Bpdm90c19lbmFibGVkIjp7ImJ1Y2tldCI6Im9uIiwidmVyc2lvbiI6bnVsbH0sInRmd19kdXBsaWNhdGVfc2NyaWJlc190b19zZXR0aW5ncyI6eyJidWNrZXQiOiJvbiIsInZlcnNpb24iOm51bGx9LCJ0ZndfdXNlX3Byb2ZpbGVfaW1hZ2Vfc2hhcGVfZW5hYmxlZCI6eyJidWNrZXQiOiJvbiIsInZlcnNpb24iOm51bGx9LCJ0ZndfdmlkZW9faGxzX2R5bmFtaWNfbWFuaWZlc3RzXzE1MDgyIjp7ImJ1Y2tldCI6InRydWVfYml0cmF0ZSIsInZlcnNpb24iOm51bGx9LCJ0ZndfbGVnYWN5X3RpbWVsaW5lX3N1bnNldCI6eyJidWNrZXQiOnRydWUsInZlcnNpb24iOm51bGx9LCJ0ZndfdHdlZXRfZWRpdF9mcm9udGVuZCI6eyJidWNrZXQiOiJvbiIsInZlcnNpb24iOm51bGx9fQ%3D%3D&amp;frame=false&amp;hideCard=false&amp;hideThread=false&amp;id=1695052143978295707&amp;lang=es&amp;origin=https%3A%2F%2Felpais.com%2Fsociedad%2F2024-03-03%2Fde-la-lucha-que-nacio-entre-flores-a-la-resistencia-en-redes-una-decada-del-despertar-social-al-feminismo.html&amp;sessionId=ae91223e41a3411a7c4b331aa8202e60d618014f&amp;siteScreenName=el_pais&amp;theme=light&amp;widgetsVersion=2615f7e52b7e0%3A1702314776716&amp;width=550px\" frameborder=\"0\" scrolling=\"no\" allowfullscreen=\"allowfullscreen\" data-tweet-id=\"1695052143978295707\"><\/iframe><\/div>\n<\/div>\n<p class=\"\">Como el Me Too dio luz a agresiones y abusos m\u00e1s f\u00e1ciles de identificar por su gravedad, <a href=\"https:\/\/elpais.com\/sociedad\/2023-09-03\/se-acabo-el-pico-que-revento-el-sistema.html\" target=\"_blank\" rel=\"noopener\" data-link-track-dtm=\"\" data-mrf-link=\"https:\/\/elpais.com\/sociedad\/2023-09-03\/se-acabo-el-pico-que-revento-el-sistema.html\">el Se Acab\u00f3 lo hizo sobre actuaciones menos evidentes<\/a> que demuestran el machismo y la violencia sexual, m\u00e1s leve, pero cotidiana.<\/p>\n<div id=\"elpais_gpt-MPU17\" class=\"pbs-a-c\">\u00a0<\/div>\n<h5 class=\"\"><b>Ana Redondo, nueva ministra de Igualdad<\/b><\/h5>\n<p class=\"\">La herida en el feminismo no cerr\u00f3: el 8M y el 25N de aquel a\u00f1o la divisi\u00f3n se mantuvo. Cuando lleg\u00f3 la hora de formar gobierno tras las Elecciones Generales de junio, Pedro S\u00e1nchez decidi\u00f3 relevar a Irene Montero y nombr\u00f3 a la socialista <a href=\"https:\/\/elpais.com\/sociedad\/2023-11-23\/ana-redondo-la-union-contra-la-violencia-de-genero-en-el-ambito-europeo-es-esencial.html\" target=\"_blank\" rel=\"noopener\" data-link-track-dtm=\"\" data-mrf-link=\"https:\/\/elpais.com\/sociedad\/2023-11-23\/ana-redondo-la-union-contra-la-violencia-de-genero-en-el-ambito-europeo-es-esencial.html\">Ana Redondo nueva ministra de Igualdad<\/a> ante la sorpresa, sobre todo, <a href=\"https:\/\/elpais.com\/sociedad\/2023-11-20\/ana-redondo-la-ministra-sorpresa-para-el-feminismo.html\" target=\"_blank\" rel=\"noopener\" data-link-track-dtm=\"\" data-mrf-link=\"https:\/\/elpais.com\/sociedad\/2023-11-20\/ana-redondo-la-ministra-sorpresa-para-el-feminismo.html\">del movimiento<\/a>.<\/p>\n<figure class=\"a_m a_m-h \"><span class=\"_db a_m_w _pr lb_btn\"><img data-recalc-dims=\"1\" loading=\"lazy\" decoding=\"async\" class=\"_re lazyload a_m-h\" src=\"https:\/\/i0.wp.com\/imagenes.elpais.com\/resizer\/yZoWx3mCSS34sMf6e0abc97llGQ%3D\/414x0\/cloudfront-eu-central-1.images.arcpublishing.com\/prisa\/F7TXSAJMWZEF3NCUUJKIMFUQHE.jpg?resize=414%2C276&#038;ssl=1\" sizes=\"auto, (min-width:1199px) 1155px,(min-width:1001px) calc(100vw - 44px),(min-width:768px) 767px, 100vw\" srcset=\"https:\/\/imagenes.elpais.com\/resizer\/yZoWx3mCSS34sMf6e0abc97llGQ=\/414x0\/cloudfront-eu-central-1.images.arcpublishing.com\/prisa\/F7TXSAJMWZEF3NCUUJKIMFUQHE.jpg 414w,https:\/\/imagenes.elpais.com\/resizer\/kKKu5U9Msgu56dTaZ0Buo4t8pcA=\/828x0\/cloudfront-eu-central-1.images.arcpublishing.com\/prisa\/F7TXSAJMWZEF3NCUUJKIMFUQHE.jpg 640w,https:\/\/imagenes.elpais.com\/resizer\/5A-kJJPBiRWz8PvtNrPTfxWqC0U=\/980x0\/cloudfront-eu-central-1.images.arcpublishing.com\/prisa\/F7TXSAJMWZEF3NCUUJKIMFUQHE.jpg 1000w,https:\/\/imagenes.elpais.com\/resizer\/CE6iAWD3EO5RHFIBIgs_ataAvpM=\/1960x0\/cloudfront-eu-central-1.images.arcpublishing.com\/prisa\/F7TXSAJMWZEF3NCUUJKIMFUQHE.jpg 1960w\" alt=\"Irene Montero entregando la cartera del ministerio a Ana Redondo, el 21 de noviembre de 2023.\" width=\"414\" height=\"276\" \/><\/span><figcaption class=\"a_m_p\">Irene Montero entregando la cartera del ministerio a Ana Redondo, el 21 de noviembre de 2023.<span class=\"a_m_m\">Claudio \u00c1lvarez<\/span><\/figcaption><\/figure>\n<h1><b>2024<\/b><\/h1>\n<h5 class=\"\"><b>Acci\u00f3n, contrareacci\u00f3n y resistencia<\/b><\/h5>\n<p class=\"\">Javier Milei en Argentina, la reaparici\u00f3n de Donald Trump, Giorgia Meloni en Italia, los \u00faltimos datos del CIS sobre el porcentaje de <a href=\"https:\/\/elpais.com\/sociedad\/2024-01-15\/un-441-de-los-hombres-cree-que-se-ha-llegado-tan-lejos-en-la-promocion-de-la-igualdad-de-las-mujeres-que-ahora-se-les-discrimina-a-ellos.html\" target=\"_blank\" rel=\"noopener\" data-link-track-dtm=\"\" data-mrf-link=\"https:\/\/elpais.com\/sociedad\/2024-01-15\/un-441-de-los-hombres-cree-que-se-ha-llegado-tan-lejos-en-la-promocion-de-la-igualdad-de-las-mujeres-que-ahora-se-les-discrimina-a-ellos.html\">hombres que creen que el feminismo ha ido demasiado lejos (44,1%)<\/a> en Espa\u00f1a, Nayib Bukele en El Salvador&#8230;<\/p>\n<p class=\"\">El avance del feminismo en los \u00faltimos a\u00f1os ha provocado <a href=\"https:\/\/elpais.com\/sociedad\/2023-01-30\/el-antifeminismo-como-bandera-politica-la-extrema-derecha-exprime-el-filon-del-machismo-de-siempre.html\" target=\"_blank\" rel=\"noopener\" data-link-track-dtm=\"\" data-mrf-link=\"https:\/\/elpais.com\/sociedad\/2023-01-30\/el-antifeminismo-como-bandera-politica-la-extrema-derecha-exprime-el-filon-del-machismo-de-siempre.html\">un movimiento reaccionario y antifeminista concentrado en la ultraderecha<\/a> en el mundo para una generaci\u00f3n de mujeres que, dice Ana de Miguel, \u201cquieren ser Ulises: coger el barco, viajar, ver qui\u00e9nes son, qu\u00e9 desean, descubrirse en situaciones nuevas\u201d.<\/p>\n<div id=\"elpais_gpt-MPU18\" class=\"pbs-a-c\">\u00a0<\/div>\n<figure class=\"a_m a_m-h \"><span class=\"_db a_m_w _pr lb_btn\"><img data-recalc-dims=\"1\" loading=\"lazy\" decoding=\"async\" class=\"_re lazyload a_m-h alignleft\" src=\"https:\/\/i0.wp.com\/imagenes.elpais.com\/resizer\/64uWDUDOYKorrYyLErdhGCSroBY%3D\/414x0\/cloudfront-eu-central-1.images.arcpublishing.com\/prisa\/JXZCVFFNKST5KEWIIR4CZUWZIY.jpg?resize=414%2C275&#038;ssl=1\" sizes=\"auto, (min-width:1199px) 1155px,(min-width:1001px) calc(100vw - 44px),(min-width:768px) 767px, 100vw\" srcset=\"https:\/\/imagenes.elpais.com\/resizer\/64uWDUDOYKorrYyLErdhGCSroBY=\/414x0\/cloudfront-eu-central-1.images.arcpublishing.com\/prisa\/JXZCVFFNKST5KEWIIR4CZUWZIY.jpg 414w,https:\/\/imagenes.elpais.com\/resizer\/R5RzmSiOZxxCtjyadSZ1FWarZbc=\/828x0\/cloudfront-eu-central-1.images.arcpublishing.com\/prisa\/JXZCVFFNKST5KEWIIR4CZUWZIY.jpg 640w,https:\/\/imagenes.elpais.com\/resizer\/evsw9HwLZ1HcZQu1pmyHq_9MZ-I=\/980x0\/cloudfront-eu-central-1.images.arcpublishing.com\/prisa\/JXZCVFFNKST5KEWIIR4CZUWZIY.jpg 1000w,https:\/\/imagenes.elpais.com\/resizer\/GGANplJpQ6K-bYcUixlsv9Cq-88=\/1960x0\/cloudfront-eu-central-1.images.arcpublishing.com\/prisa\/JXZCVFFNKST5KEWIIR4CZUWZIY.jpg 1960w\" alt=\"Milei, el presidente argentino, anunci\u00f3 hace apenas una semana que prohibir\u00e1 el lenguaje inclusivo y \u201ctodo lo referente a la perspectiva de g\u00e9nero\u201d en la Administraci\u00f3n p\u00fablica. \" width=\"414\" height=\"275\" \/><\/span><figcaption class=\"a_m_p\">Milei, el presidente argentino, anunci\u00f3 hace apenas una semana que prohibir\u00e1 el lenguaje inclusivo y \u201ctodo lo referente a la perspectiva de g\u00e9nero\u201d en la Administraci\u00f3n p\u00fablica. <span class=\"a_m_m\">Agustin Marcarian (Reuters)<\/span><\/figcaption><\/figure>\n<p class=\"\">Raquel P\u00e9rez, la vicepresidenta de la Federaci\u00f3n de Mujeres J\u00f3venes, <a href=\"https:\/\/elpais.com\/sociedad\/2022-05-10\/los-menores-de-18-anos-son-el-grupo-de-edad-en-el-que-mas-crece-la-violencia-machista-mas-agresores-y-mas-victimas.html\" target=\"_blank\" rel=\"noopener\" data-link-track-dtm=\"\" data-mrf-link=\"https:\/\/elpais.com\/sociedad\/2022-05-10\/los-menores-de-18-anos-son-el-grupo-de-edad-en-el-que-mas-crece-la-violencia-machista-mas-agresores-y-mas-victimas.html\">ha visto crecer \u201cla ola antifeminista\u201d<\/a> con su propia ola: \u201cUna respuesta por parte del patriarcado brutal. En las mujeres j\u00f3venes donde m\u00e1s se ve reflejado es en redes sociales, un estallido que pide la vuelta a los roles conservadores\u201d.<\/p>\n<p class=\"\">El reto es contrarrestar esas ideas <a href=\"https:\/\/elpais.com\/politica\/2019\/01\/04\/actualidad\/1546613944_675922.html\" target=\"_blank\" rel=\"noopener\" data-link-track-dtm=\"\" data-mrf-link=\"https:\/\/elpais.com\/politica\/2019\/01\/04\/actualidad\/1546613944_675922.html\">muchas veces basadas en datos falsos y <i>fake news<\/i><\/a>: \u201cEl patriarcado intenta renovarse e intentar colar su discurso a trav\u00e9s de <a href=\"https:\/\/elpais.com\/smoda\/feminismo\/ciberfeministas-asi-transforman-las-nuevas-generaciones-el-activismo-digital.html\" target=\"_blank\" rel=\"noopener\" data-link-track-dtm=\"\" data-mrf-link=\"https:\/\/elpais.com\/smoda\/feminismo\/ciberfeministas-asi-transforman-las-nuevas-generaciones-el-activismo-digital.html\">las nuevas formas de comunicaci\u00f3n que son las redes sociales<\/a>\u201d.<\/p>\n<p class=\"\">J\u00falia Salander, polit\u00f3loga, es <a href=\"https:\/\/www.instagram.com\/salander33\/?hl=es\" target=\"_blank\" rel=\"noopener\" data-link-track-dtm=\"\" data-mrf-link=\"https:\/\/www.instagram.com\/salander33\/?hl=es\">una de las ciberfeministas<\/a> que ha visto crecer su comunidad de 10.000 a m\u00e1s de 100.000 seguidores en Instagram en un a\u00f1o, acaba de publicar <i>Tu argumentario feminista en datos<\/i> con Penguin, y habla de \u201cmisoginia pura\u201d en internet.<\/p>\n<div id=\"elpais_gpt-MPU19\" class=\"pbs-a-c\">\u00a0<\/div>\n<p class=\"\">\u201cNi\u00f1os de 19 a\u00f1os subiendo v\u00eddeos a TikTok diciendo que las mujeres tienen m\u00e1s valor cuando son v\u00edrgenes. Hace tres a\u00f1os era pol\u00edticamente incorrecto decir esto, ahora sienten que se rebelan contra el sistema. Ya no se esconden. Nuestra mayor amenaza son ellos, el machismo, no nuestros debates internos\u201d.<\/p>\n<div class=\"a_c clearfix\" data-dtm-region=\"articulo_cuerpo\">\n<p class=\"\">A trav\u00e9s de esos canales, exactamente los mismos que incels y antifeministas usan, las mujeres tambi\u00e9n mantienen la resistencia.<\/p>\n<\/div>\n<\/div>\n<p style=\"text-align: justify;\"><a class=\"a_md_a_n\" title=\"Ver todas las noticias de Isabel Vald\u00e9s\" href=\"https:\/\/elpais.com\/autor\/isabel-valdes-aragones\/#?rel=author_top\" data-mrf-link=\"https:\/\/elpais.com\/autor\/isabel-valdes-aragones\/\"><strong>Isabel Vald\u00e9s<\/strong><\/a><\/p>\n<p style=\"text-align: justify;\"><span class=\"a_m_m\">FOTO: Ilustraci\u00f3n: FERNANDO HERN\u00c1NDEZ \/ Foto: MASSIMILIANO MINOCRI<\/span><\/p>\n<p style=\"text-align: justify;\">https:\/\/elpais.com\/sociedad\/2024-03-03\/de-la-lucha-que-nacio-entre-flores-a-la-resistencia-en-redes-una-decada-del-despertar-social-al-feminismo.html<\/p>\n<div class=\"a_md _g _g-xs \">\n<figure class=\"a_md_i a_m-h c_m--nf\"><span class=\"a_m_w _db\">\u00a0<\/span><\/figure>\n<div class=\"a_md_txt\">\n<div class=\"a_md_a\" data-dtm-region=\"articulo_firma\">\u00a0<\/div>\n<\/div>\n<\/div>\n","protected":false},"excerpt":{"rendered":"<p>De la lucha que naci\u00f3 entre flores a la resistencia en redes: una d\u00e9cada del&#8230;<\/p>\n","protected":false},"author":1,"featured_media":67662,"comment_status":"closed","ping_status":"closed","sticky":false,"template":"","format":"standard","meta":{"_coblocks_attr":"","_coblocks_dimensions":"","_coblocks_responsive_height":"","_coblocks_accordion_ie_support":"","jetpack_post_was_ever_published":false,"_jetpack_newsletter_access":"","_jetpack_dont_email_post_to_subs":false,"_jetpack_newsletter_tier_id":0,"_jetpack_memberships_contains_paywalled_content":false,"_jetpack_memberships_contains_paid_content":false,"footnotes":"","jetpack_publicize_message":"","jetpack_publicize_feature_enabled":true,"jetpack_social_post_already_shared":true,"jetpack_social_options":{"image_generator_settings":{"template":"highway","default_image_id":0,"enabled":false},"version":2}},"categories":[1161,14,44],"tags":[],"class_list":["post-67660","post","type-post","status-publish","format-standard","has-post-thumbnail","hentry","category-ciudadania","category-feminismo","category-noticias-de-hoy"],"jetpack_publicize_connections":[],"jetpack_featured_media_url":"https:\/\/i0.wp.com\/miradordeatarfe.es\/wp-content\/uploads\/2024\/03\/Screenshot-2024-03-06-at-11-33-37-De-la-lucha-que-nacio-entre-flores-a-la-resistencia-en-redes-una-decada-del-despertar-social-al-feminismo.png?fit=693%2C532&ssl=1","jetpack_likes_enabled":true,"jetpack_sharing_enabled":true,"_links":{"self":[{"href":"https:\/\/miradordeatarfe.es\/index.php?rest_route=\/wp\/v2\/posts\/67660","targetHints":{"allow":["GET"]}}],"collection":[{"href":"https:\/\/miradordeatarfe.es\/index.php?rest_route=\/wp\/v2\/posts"}],"about":[{"href":"https:\/\/miradordeatarfe.es\/index.php?rest_route=\/wp\/v2\/types\/post"}],"author":[{"embeddable":true,"href":"https:\/\/miradordeatarfe.es\/index.php?rest_route=\/wp\/v2\/users\/1"}],"replies":[{"embeddable":true,"href":"https:\/\/miradordeatarfe.es\/index.php?rest_route=%2Fwp%2Fv2%2Fcomments&post=67660"}],"version-history":[{"count":2,"href":"https:\/\/miradordeatarfe.es\/index.php?rest_route=\/wp\/v2\/posts\/67660\/revisions"}],"predecessor-version":[{"id":67663,"href":"https:\/\/miradordeatarfe.es\/index.php?rest_route=\/wp\/v2\/posts\/67660\/revisions\/67663"}],"wp:featuredmedia":[{"embeddable":true,"href":"https:\/\/miradordeatarfe.es\/index.php?rest_route=\/wp\/v2\/media\/67662"}],"wp:attachment":[{"href":"https:\/\/miradordeatarfe.es\/index.php?rest_route=%2Fwp%2Fv2%2Fmedia&parent=67660"}],"wp:term":[{"taxonomy":"category","embeddable":true,"href":"https:\/\/miradordeatarfe.es\/index.php?rest_route=%2Fwp%2Fv2%2Fcategories&post=67660"},{"taxonomy":"post_tag","embeddable":true,"href":"https:\/\/miradordeatarfe.es\/index.php?rest_route=%2Fwp%2Fv2%2Ftags&post=67660"}],"curies":[{"name":"wp","href":"https:\/\/api.w.org\/{rel}","templated":true}]}}