{"id":67669,"date":"2024-03-07T08:13:44","date_gmt":"2024-03-07T07:13:44","guid":{"rendered":"https:\/\/miradordeatarfe.es\/?p=67669"},"modified":"2024-03-06T12:21:43","modified_gmt":"2024-03-06T11:21:43","slug":"dimite-el-nuevo-director-del-patronato-lorca-que-se-refirio-a-la-memoria-historica-como-memez-histerica-tras-la-dimision-de-la-sobrina-del-poeta","status":"publish","type":"post","link":"https:\/\/miradordeatarfe.es\/?p=67669","title":{"rendered":"Dimite el nuevo director del Patronato Lorca, que se refiri\u00f3 a la memoria hist\u00f3rica como \u00abmemez hist\u00e9rica\u00bb, tras la dimisi\u00f3n de la sobrina del poeta"},"content":{"rendered":"<h2>En una breve carta, la sobrina del poeta hab\u00eda trasladado al presidente de la Diputaci\u00f3n de Granada su decisi\u00f3n de dejar la instituci\u00f3n<\/h2>\n<p style=\"text-align: justify;\">El nuevo director del Patronato Lorca, Antonio Membrilla (PP), ha comunicado que no va a tomar posesi\u00f3n como director del Patronato Federico Garc\u00eda Lorca dada \u00abla situaci\u00f3n actual generada\u00bb en relaci\u00f3n a su nombramiento. Esta misma ma\u00f1ana Laura Garc\u00eda Lorca, sobrina-nieta del poeta, ha presentado su dimisi\u00f3n como miembro del Patronato Federico Garc\u00eda Lorca.<\/p>\n<p style=\"text-align: justify;\">Junto a ello, siete asociaciones vinculadas a la Memoria Hist\u00f3rica de la provincia de Granada; cinco municipios lorquianos; dos sindicatos y tres partidos pol\u00edticos de Granada han convocado para este mi\u00e9rcoles, a partir de las 17:00 horas, una concentraci\u00f3n de protesta en el Centro de Estudios Lorquianos de Fuente Vaqueros para pedir al presidente de la Diputaci\u00f3n el cese de Antonio Membrilla.<\/p>\n<p style=\"text-align: justify;\">Desde la Diputaci\u00f3n de Granada han se\u00f1alado en un comunicado que han tenido conocimiento este mediod\u00eda de \u00abla decisi\u00f3n del candidato Antonio Manuel Membrilla de no tomar posesi\u00f3n como director del Patronato Garc\u00eda Lorca\u00bb. Ahora, la instituci\u00f3n continuar\u00e1 el proceso para designar a su responsable \u00abentre el resto de aspirantes que se presentaron al proceso\u00bb.<\/p>\n<p style=\"text-align: justify;\"><a href=\"https:\/\/cadenaser.com\/2022\/02\/01\/laura-garcia-lorca-el-centro-lorca-de-granada-debe-ser-uno-de-los-grandes-centros-culturales-de-espana\/\" target=\"_blank\" rel=\"noopener\">Laura Garc\u00eda Lorca<\/a>, present\u00f3 su dimisi\u00f3n tras conocer las declaraciones del nuevo director de este organismo, Antonio Membrilla (PP), sobre memoria hist\u00f3rica, a la que se refiri\u00f3 en 2020 a trav\u00e9s de redes sociales como \u00abmemez hist\u00e9rica\u00bb. En una breve carta, Laura Garc\u00eda Lorca ha trasladado al presidente de la Diputaci\u00f3n de Granada su decisi\u00f3n de dejar el patronato, instituci\u00f3n que gestiona la Casa Museo del poeta en su pueblo natal, Fuente Vaqueros (Granada), y el Centro de Estudios Lorquianos, lugar de referencia para investigadores y estudiosos de la vida y obra del poeta.<\/p>\n<h3 class=\"tit\" style=\"text-align: justify;\">Luis Garc\u00eda Montero: \u00abSin pudor ninguno\u00bb<\/h3>\n<p style=\"text-align: justify;\">\u00abQuerido presidente, como miembro del Patronato Federico Garc\u00eda Lorca de la Diputaci\u00f3n de Granada, habiendo le\u00eddo las declaraciones del nuevo director difundidas en la prensa, me considero obligada a presentar mi dimisi\u00f3n\u00bb, expone en esta breve misiva la sobrina del poeta, que ha rehusado hacer m\u00e1s declaraciones al respecto.<\/p>\n<section class=\"c-sum fotx\">\n<div><a href=\"https:\/\/cadenaser.com\/nacional\/2024\/03\/05\/sin-pudor-ninguno-luis-garcia-montero-habla-asi-del-pp-y-vox-por-lo-que-estan-haciendo-con-la-cultura-en-espana-cadena-ser\/\">\u00abSin pudor ninguno\u00bb: Luis Garc\u00eda Montero habla as\u00ed del PP y Vox por lo que est\u00e1n haciendo con la cultura en Espa\u00f1a<\/a><\/div>\n<\/section>\n<p style=\"text-align: justify;\">La Asociaci\u00f3n Granadina Verdad, Justicia y Reparaci\u00f3n ha sido uno de los colectivos memorialistas que en los \u00faltimos d\u00edas se han sumado a las peticiones de cese inmediato de Antonio Membrilla, como nuevo director del patronato \u00abpor haberse burlado de las v\u00edctimas del franquismo\u00bb.<\/p>\n<p style=\"text-align: justify;\">Su nombramiento supone a juicio de este colectivo \u00abuna provocaci\u00f3n m\u00e1s del Partido Popular al movimiento memorialista de Granada, que sigue buscando los restos de nuestro poeta universal, m\u00e1s le\u00eddo y admirado\u00bb. \u00abLa Casa Museo de Fuente Vaqueros, que conoci\u00f3 tiempos de gloria con nuestro querido Juan de Loxa, no se merece un director, sin sensibilidad lorquiana, que menosprecia al poeta y considera la b\u00fasqueda de sus restos como una memez hist\u00e9rica\u00bb, lamentan.<\/p>\n<section class=\"c-sum\">\n<div>\n<div id=\"player-cadenaser_granada_hora25granada_afondo_alt23_20220131_203000_210000\" class=\"c-pl-a pl-i\">\n<figure><img data-recalc-dims=\"1\" decoding=\"async\" src=\"https:\/\/i0.wp.com\/cadenaser.com\/resizer\/v2\/https%3A%2F%2Fsdmedia.playser.cadenaser.com%2Fplayser%2Fimage%2F20222%2F01%2Fcadenaser_granada_hora25granada_afondo_alt23_20220131_203000_210000_1643701813_asset_still.jpeg?w=640&#038;ssl=1\" sizes=\"(min-width:990px) 655px, 95.83vw\" srcset=\"https:\/\/cadenaser.com\/resizer\/v2\/https%3A%2F%2Fsdmedia.playser.cadenaser.com%2Fplayser%2Fimage%2F20222%2F01%2Fcadenaser_granada_hora25granada_afondo_alt23_20220131_203000_210000_1643701813_asset_still.jpeg?auth=24dba843a75c51b4e519ac9da8b9cb9e2b5f506ba437ef28c466e08cbc8c83a8&amp;quality=70&amp;width=375&amp;height=210&amp;smart=true 375w, https:\/\/cadenaser.com\/resizer\/v2\/https%3A%2F%2Fsdmedia.playser.cadenaser.com%2Fplayser%2Fimage%2F20222%2F01%2Fcadenaser_granada_hora25granada_afondo_alt23_20220131_203000_210000_1643701813_asset_still.jpeg?auth=24dba843a75c51b4e519ac9da8b9cb9e2b5f506ba437ef28c466e08cbc8c83a8&amp;quality=70&amp;width=414&amp;height=232&amp;smart=true 414w, https:\/\/cadenaser.com\/resizer\/v2\/https%3A%2F%2Fsdmedia.playser.cadenaser.com%2Fplayser%2Fimage%2F20222%2F01%2Fcadenaser_granada_hora25granada_afondo_alt23_20220131_203000_210000_1643701813_asset_still.jpeg?auth=24dba843a75c51b4e519ac9da8b9cb9e2b5f506ba437ef28c466e08cbc8c83a8&amp;quality=70&amp;width=778&amp;height=437&amp;smart=true 778w, https:\/\/cadenaser.com\/resizer\/v2\/https%3A%2F%2Fsdmedia.playser.cadenaser.com%2Fplayser%2Fimage%2F20222%2F01%2Fcadenaser_granada_hora25granada_afondo_alt23_20220131_203000_210000_1643701813_asset_still.jpeg?auth=24dba843a75c51b4e519ac9da8b9cb9e2b5f506ba437ef28c466e08cbc8c83a8&amp;quality=70&amp;width=1200&amp;height=675&amp;smart=true 1200w\" alt=\"Hora 25 Granada - A Fondo: Laura Garc\u00eda Lorca (31\/01\/2022)\"  \/><\/figure>\n<\/div>\n<\/div>\n<\/section>\n<h3 class=\"tit\" style=\"text-align: justify;\">DECLARACIONES DE LAURA\u00a0 en Hora 25 Granada &#8211; A Fondo: Laura Garc\u00eda Lorca (31\/01\/2022)<\/h3>\n<div style=\"text-align: justify;\">\n<ul>\n<li>\n<h3><a class=\"bt-dw\" href=\"https:\/\/prisa-es.mc.tritondigital.com\/RADIO_GRANADA_2157\/media\/2022\/1\/31\/cadenaser_granada_hora25granada-afondo_alt23_20220131_203000_210000.mp3?dist=cadenaser-web-tfp-permanente&amp;csegid=22000&amp;dl=1\" download=\"\">Descargar\u00a0<\/a><\/h3>\n<\/li>\n<\/ul>\n<\/div>\n<p style=\"text-align: justify;\">El nuevo director del Patronato Federico Garc\u00eda Lorca, Antonio Membrilla (PP), pidi\u00f3 hace unos d\u00edas<a href=\"https:\/\/cadenaser.com\/nacional\/2024\/02\/28\/el-pp-nombra-director-del-patronato-cultural-garcia-lorca-a-un-hombre-que-se-refirio-a-la-memoria-historica-como-memez-histerica-cadena-ser\/\" target=\"_blank\" rel=\"noopener\"> disculpas<\/a> \u00absi alguien se ha visto ofendido o ha malinterpretado\u00bb el mensaje que public\u00f3 en 2020 en redes sociales en torno a la Ley de Memoria y contextualiz\u00f3 su comentario como respuesta a otro, haciendo un \u00abjuego de palabras\u00bb para se\u00f1alar a quienes ejercen una \u00abcr\u00edtica selectiva\u00bb visibilizando \u00aba unas v\u00edctimas s\u00f3lo, frente a otras que quedan en el olvido\u00bb.<\/p>\n<p><strong>RADIO GRANADA<\/strong><\/p>\n<p>FOTO: Laura Garc\u00eda Lorca, el d\u00eda de la llegada del Legado de su t\u00edo al centro Lorca \/ Enrique \u00c1rbol<\/p>\n<p>https:\/\/cadenaser.com\/andalucia\/2024\/03\/05\/laura-garcia-lorca-dimite-tras-las-declaraciones-del-nuevo-presidente-del-patronato-lorca-radio-granada\/<\/p>\n","protected":false},"excerpt":{"rendered":"<p>En una breve carta, la sobrina del poeta hab\u00eda trasladado al presidente de la Diputaci\u00f3n&#8230;<\/p>\n","protected":false},"author":1,"featured_media":67670,"comment_status":"closed","ping_status":"closed","sticky":false,"template":"","format":"standard","meta":{"_coblocks_attr":"","_coblocks_dimensions":"","_coblocks_responsive_height":"","_coblocks_accordion_ie_support":"","jetpack_post_was_ever_published":false,"_jetpack_newsletter_access":"","_jetpack_dont_email_post_to_subs":false,"_jetpack_newsletter_tier_id":0,"_jetpack_memberships_contains_paywalled_content":false,"_jetpack_memberships_contains_paid_content":false,"footnotes":"","jetpack_publicize_message":"","jetpack_publicize_feature_enabled":true,"jetpack_social_post_already_shared":true,"jetpack_social_options":{"image_generator_settings":{"template":"highway","default_image_id":0,"enabled":false},"version":2}},"categories":[1161,44,7671],"tags":[],"class_list":["post-67669","post","type-post","status-publish","format-standard","has-post-thumbnail","hentry","category-ciudadania","category-noticias-de-hoy","category-politica"],"jetpack_publicize_connections":[],"jetpack_featured_media_url":"https:\/\/i0.wp.com\/miradordeatarfe.es\/wp-content\/uploads\/2024\/03\/Screenshot-2024-03-06-at-12-20-12-Dimite-el-nuevo-director-del-Patronato-Lorca-que-se-refirio-a-la-memoria-historica-como-memez-histerica-tras-la-dimision-de-la-sobrina-del-poeta.png?fit=297%2C355&ssl=1","jetpack_likes_enabled":true,"jetpack_sharing_enabled":true,"_links":{"self":[{"href":"https:\/\/miradordeatarfe.es\/index.php?rest_route=\/wp\/v2\/posts\/67669","targetHints":{"allow":["GET"]}}],"collection":[{"href":"https:\/\/miradordeatarfe.es\/index.php?rest_route=\/wp\/v2\/posts"}],"about":[{"href":"https:\/\/miradordeatarfe.es\/index.php?rest_route=\/wp\/v2\/types\/post"}],"author":[{"embeddable":true,"href":"https:\/\/miradordeatarfe.es\/index.php?rest_route=\/wp\/v2\/users\/1"}],"replies":[{"embeddable":true,"href":"https:\/\/miradordeatarfe.es\/index.php?rest_route=%2Fwp%2Fv2%2Fcomments&post=67669"}],"version-history":[{"count":1,"href":"https:\/\/miradordeatarfe.es\/index.php?rest_route=\/wp\/v2\/posts\/67669\/revisions"}],"predecessor-version":[{"id":67671,"href":"https:\/\/miradordeatarfe.es\/index.php?rest_route=\/wp\/v2\/posts\/67669\/revisions\/67671"}],"wp:featuredmedia":[{"embeddable":true,"href":"https:\/\/miradordeatarfe.es\/index.php?rest_route=\/wp\/v2\/media\/67670"}],"wp:attachment":[{"href":"https:\/\/miradordeatarfe.es\/index.php?rest_route=%2Fwp%2Fv2%2Fmedia&parent=67669"}],"wp:term":[{"taxonomy":"category","embeddable":true,"href":"https:\/\/miradordeatarfe.es\/index.php?rest_route=%2Fwp%2Fv2%2Fcategories&post=67669"},{"taxonomy":"post_tag","embeddable":true,"href":"https:\/\/miradordeatarfe.es\/index.php?rest_route=%2Fwp%2Fv2%2Ftags&post=67669"}],"curies":[{"name":"wp","href":"https:\/\/api.w.org\/{rel}","templated":true}]}}