{"id":67672,"date":"2024-03-09T11:00:19","date_gmt":"2024-03-09T10:00:19","guid":{"rendered":"https:\/\/miradordeatarfe.es\/?p=67672"},"modified":"2024-03-09T12:41:22","modified_gmt":"2024-03-09T11:41:22","slug":"atarfe-parque-de-la-higueruela","status":"publish","type":"post","link":"https:\/\/miradordeatarfe.es\/?p=67672","title":{"rendered":"ATARFE: PARQUE DE LA HIGUERUELA"},"content":{"rendered":"<h3 style=\"text-align: justify;\">Ocupa 13.000 m\u00b2 aproximadamente, en los cuales se presentan fuentes, \u00e1rboles y zonas ajardinadas, luces y albero. Un frontispicio (conjunto que decora la portalada central de un edificio) en la zona central del recinto acoge un mural de 10 m. de longitud que representa la batalla de la Higueruela, seg\u00fan un fresco del s. XVI, que plasmaron magistralmente sobre las paredes del Escorial por orden de Felipe II.<\/h3>\n<p style=\"text-align: justify;\">En el parque encontramos una escultura que representa el momento de la muerte del Doncel de Sig\u00fcenza, poeta, guerrero y arist\u00f3crata llamado Mart\u00edn V\u00e1zquez de Arce. Muestra el intento de levantarse del doncel cuando cay\u00f3 herido en la \u00abAcequia Gorda\u00bb, en pugna con la muerte por sobrevivir.<\/p>\n<p><a href=\"https:\/\/i0.wp.com\/miradordeatarfe.es\/wp-content\/uploads\/2024\/03\/HIGUERUELA.png?ssl=1\"><img data-recalc-dims=\"1\" loading=\"lazy\" decoding=\"async\" class=\"alignnone wp-image-67673 \" src=\"https:\/\/i0.wp.com\/miradordeatarfe.es\/wp-content\/uploads\/2024\/03\/HIGUERUELA.png?resize=393%2C222&#038;ssl=1\" alt=\"\" width=\"393\" height=\"222\" srcset=\"https:\/\/i0.wp.com\/miradordeatarfe.es\/wp-content\/uploads\/2024\/03\/HIGUERUELA.png?w=340&amp;ssl=1 340w, https:\/\/i0.wp.com\/miradordeatarfe.es\/wp-content\/uploads\/2024\/03\/HIGUERUELA.png?resize=300%2C169&amp;ssl=1 300w\" sizes=\"auto, (max-width: 393px) 100vw, 393px\" \/><\/a><\/p>\n<h3 style=\"text-align: justify;\">Rese\u00f1a Hist\u00f3rica<\/h3>\n<p style=\"text-align: justify;\">Seg\u00fan las cr\u00f3nicas de los historiadores, en las proximidades del parque tuvo lugar la batalla de la Higueruela, el 1 de julio de 1431, enfrent\u00e1ndose las tropas cristianas del rey Juan II de Castilla, dirigidas por el Condestable D. \u00c1lvaro de Luna, y las musulmanas que habitaban el reino nazar\u00ed de Granada, en la que estos \u00faltimos fueron derrotados.<\/p>\n<p style=\"text-align: justify;\">La presencia del rey resolvi\u00f3 el inicial desorden en el que incurrieron las tropas cristianas, que salieron victoriosas y provocaron m\u00e1s de diez mil bajas a las huestes musulmanas. La batalla supuso la m\u00e1s importante victoria que las tropas castellanas consiguieron frente al reino de Granada en el reinado de Juan II. As\u00ed lo magnific\u00f3 la monarqu\u00eda, consiguiendo, incluso, que el papado autorizase la celebraci\u00f3n de fiestas religiosas cada 1 de julio en toda la Castilla para conmemorarlo. Sin embargo, la desuni\u00f3n interna, as\u00ed como el hecho de que posiblemente no hubiese una idea de conquista, impidi\u00f3 que se aprovechase la ocasi\u00f3n y se tomase Granada. \u00c9sta,adem\u00e1s, se encontraba m\u00e1s desprotegida puesto que un terremoto, que sacudi\u00f3 toda la provincia, destruy\u00f3 parte de los muros de la ciudad.<\/p>\n<p style=\"text-align: justify;\">El nombre del parque parece provenir del hecho que solo permaneciera en pie una peque\u00f1a higuera, despu\u00e9s de la batalla.<\/p>\n<p style=\"text-align: justify;\"><strong>Bibliograf\u00eda y documentaci\u00f3n<\/strong><\/p>\n<p>&#8211; Wikipedia<\/p>\n<p><a href=\"https:\/\/i0.wp.com\/miradordeatarfe.es\/wp-content\/uploads\/2024\/03\/HIGUERUELA1.png?ssl=1\"><img data-recalc-dims=\"1\" loading=\"lazy\" decoding=\"async\" class=\"alignnone wp-image-67674 \" src=\"https:\/\/i0.wp.com\/miradordeatarfe.es\/wp-content\/uploads\/2024\/03\/HIGUERUELA1.png?resize=640%2C266&#038;ssl=1\" alt=\"\" width=\"640\" height=\"266\" srcset=\"https:\/\/i0.wp.com\/miradordeatarfe.es\/wp-content\/uploads\/2024\/03\/HIGUERUELA1.png?w=781&amp;ssl=1 781w, https:\/\/i0.wp.com\/miradordeatarfe.es\/wp-content\/uploads\/2024\/03\/HIGUERUELA1.png?resize=300%2C124&amp;ssl=1 300w, https:\/\/i0.wp.com\/miradordeatarfe.es\/wp-content\/uploads\/2024\/03\/HIGUERUELA1.png?resize=768%2C319&amp;ssl=1 768w\" sizes=\"auto, (max-width: 640px) 100vw, 640px\" \/><\/a><\/p>\n<p>\u00a0<a href=\"https:\/\/i0.wp.com\/miradordeatarfe.es\/wp-content\/uploads\/2024\/03\/504B.jpg?ssl=1\"><img data-recalc-dims=\"1\" loading=\"lazy\" decoding=\"async\" class=\"alignnone wp-image-67676 size-full\" src=\"https:\/\/i0.wp.com\/miradordeatarfe.es\/wp-content\/uploads\/2024\/03\/504B.jpg?resize=640%2C850&#038;ssl=1\" alt=\"\" width=\"640\" height=\"850\" srcset=\"https:\/\/i0.wp.com\/miradordeatarfe.es\/wp-content\/uploads\/2024\/03\/504B.jpg?w=813&amp;ssl=1 813w, https:\/\/i0.wp.com\/miradordeatarfe.es\/wp-content\/uploads\/2024\/03\/504B.jpg?resize=226%2C300&amp;ssl=1 226w, https:\/\/i0.wp.com\/miradordeatarfe.es\/wp-content\/uploads\/2024\/03\/504B.jpg?resize=771%2C1024&amp;ssl=1 771w, https:\/\/i0.wp.com\/miradordeatarfe.es\/wp-content\/uploads\/2024\/03\/504B.jpg?resize=768%2C1020&amp;ssl=1 768w\" sizes=\"auto, (max-width: 640px) 100vw, 640px\" \/><\/a><\/p>\n<p>&nbsp;<\/p>\n<h3>PUBLICADO EN EL LIBRO \u00bb ATARFE PATRIMONIO CULTURAL Y NATURAL\u00bb (2015) FRANCISCA L\u00d3PEZ, I\u00d1AKI NIEVA Y MANUEL GUERRERO<\/h3>\n","protected":false},"excerpt":{"rendered":"<p>Ocupa 13.000 m\u00b2 aproximadamente, en los cuales se presentan fuentes, \u00e1rboles y zonas ajardinadas, luces&#8230;<\/p>\n","protected":false},"author":1,"featured_media":67675,"comment_status":"closed","ping_status":"closed","sticky":false,"template":"","format":"standard","meta":{"_coblocks_attr":"","_coblocks_dimensions":"","_coblocks_responsive_height":"","_coblocks_accordion_ie_support":"","jetpack_post_was_ever_published":false,"_jetpack_newsletter_access":"","_jetpack_dont_email_post_to_subs":false,"_jetpack_newsletter_tier_id":0,"_jetpack_memberships_contains_paywalled_content":false,"_jetpack_memberships_contains_paid_content":false,"footnotes":"","jetpack_publicize_message":"","jetpack_publicize_feature_enabled":true,"jetpack_social_post_already_shared":true,"jetpack_social_options":{"image_generator_settings":{"template":"highway","default_image_id":0,"enabled":false},"version":2}},"categories":[2,1225,186,44],"tags":[],"class_list":["post-67672","post","type-post","status-publish","format-standard","has-post-thumbnail","hentry","category-atarfe","category-ha-de-atarfe","category-instituciones","category-noticias-de-hoy"],"jetpack_publicize_connections":[],"jetpack_featured_media_url":"https:\/\/i0.wp.com\/miradordeatarfe.es\/wp-content\/uploads\/2024\/03\/504.jpg?fit=1434%2C1080&ssl=1","jetpack_likes_enabled":true,"jetpack_sharing_enabled":true,"_links":{"self":[{"href":"https:\/\/miradordeatarfe.es\/index.php?rest_route=\/wp\/v2\/posts\/67672","targetHints":{"allow":["GET"]}}],"collection":[{"href":"https:\/\/miradordeatarfe.es\/index.php?rest_route=\/wp\/v2\/posts"}],"about":[{"href":"https:\/\/miradordeatarfe.es\/index.php?rest_route=\/wp\/v2\/types\/post"}],"author":[{"embeddable":true,"href":"https:\/\/miradordeatarfe.es\/index.php?rest_route=\/wp\/v2\/users\/1"}],"replies":[{"embeddable":true,"href":"https:\/\/miradordeatarfe.es\/index.php?rest_route=%2Fwp%2Fv2%2Fcomments&post=67672"}],"version-history":[{"count":3,"href":"https:\/\/miradordeatarfe.es\/index.php?rest_route=\/wp\/v2\/posts\/67672\/revisions"}],"predecessor-version":[{"id":67679,"href":"https:\/\/miradordeatarfe.es\/index.php?rest_route=\/wp\/v2\/posts\/67672\/revisions\/67679"}],"wp:featuredmedia":[{"embeddable":true,"href":"https:\/\/miradordeatarfe.es\/index.php?rest_route=\/wp\/v2\/media\/67675"}],"wp:attachment":[{"href":"https:\/\/miradordeatarfe.es\/index.php?rest_route=%2Fwp%2Fv2%2Fmedia&parent=67672"}],"wp:term":[{"taxonomy":"category","embeddable":true,"href":"https:\/\/miradordeatarfe.es\/index.php?rest_route=%2Fwp%2Fv2%2Fcategories&post=67672"},{"taxonomy":"post_tag","embeddable":true,"href":"https:\/\/miradordeatarfe.es\/index.php?rest_route=%2Fwp%2Fv2%2Ftags&post=67672"}],"curies":[{"name":"wp","href":"https:\/\/api.w.org\/{rel}","templated":true}]}}