{"id":67680,"date":"2024-03-09T08:40:14","date_gmt":"2024-03-09T07:40:14","guid":{"rendered":"https:\/\/miradordeatarfe.es\/?p=67680"},"modified":"2024-03-06T13:03:48","modified_gmt":"2024-03-06T12:03:48","slug":"problemas-de-sueno-problema-de-salud","status":"publish","type":"post","link":"https:\/\/miradordeatarfe.es\/?p=67680","title":{"rendered":"Problemas de sue\u00f1o, problema de salud"},"content":{"rendered":"<div class=\"a_e_txt _df\">\n<h3 class=\"a_st\" style=\"text-align: justify;\">Los espa\u00f1oles duermen cada vez peor, un trastorno que conviene abordar de forma integral desde la\u00a0sanidad\u00a0p\u00fablica<\/h3>\n<\/div>\n<div class=\"a_c clearfix\" data-dtm-region=\"articulo_cuerpo\">\n<p class=\"\" style=\"text-align: justify;\">Los des\u00f3rdenes del sue\u00f1o se han convertido en un relevante problema sanitario. Un 10% de los espa\u00f1oles \u2014m\u00e1s de cuatro millones de personas\u2014 sufren alg\u00fan trastorno de sue\u00f1o cr\u00f3nico y grave, seg\u00fan la Sociedad Espa\u00f1ola de Neurolog\u00eda. Los datos coinciden con los recogidos por <a href=\"https:\/\/elpais.com\/salud-y-bienestar\/2024-02-25\/las-mujeres-en-espana-duermen-peor-que-los-hombres-y-se-medican-mas-para-dormir.html\" target=\"_blank\" rel=\"noopener\" data-link-track-dtm=\"\" data-mrf-link=\"https:\/\/elpais.com\/salud-y-bienestar\/2024-02-25\/las-mujeres-en-espana-duermen-peor-que-los-hombres-y-se-medican-mas-para-dormir.html\">una encuesta de 40dB. para EL PA\u00cdS y la Cadena SER <\/a>seg\u00fan la cual el 47,5% de la poblaci\u00f3n duerme mal o regular. Esos desajustes producen cambios emocionales inmediatos, en especial mayor ansiedad y ca\u00edda del estado de \u00e1nimo. Crecen adem\u00e1s las evidencias que vinculan dormir mal con un mayor riesgo de obesidad, diabetes, enfermedades cerebrovasculares y neurodegenerativas y mortalidad prematura, as\u00ed como <a href=\"https:\/\/elpais.com\/salud-y-bienestar\/2024-03-04\/la-falta-de-sueno-afecta-a-nuestras-emociones-nos-vuelve-menos-positivos-y-mas-ansiosos.html\" target=\"_blank\" rel=\"noopener\" data-link-track-dtm=\"\" data-mrf-link=\"https:\/\/elpais.com\/salud-y-bienestar\/2024-03-04\/la-falta-de-sueno-afecta-a-nuestras-emociones-nos-vuelve-menos-positivos-y-mas-ansiosos.html\">una peor salud mental a largo plazo. <\/a>Como en otros \u00e1mbitos, la pandemia de covid no hizo m\u00e1s que empeorar la situaci\u00f3n.<\/p>\n<p class=\"\" style=\"text-align: justify;\">No es casual el mal dormir de los ciudadanos en un pa\u00eds con largas jornadas laborales que priman la presencialidad, ritmos de trabajo muchas veces extenuantes, precariedad o \u2014no es balad\u00ed\u2014 horarios televisivos vespertinos muy poco razonables. Al igual que ha ido ocurriendo con la adicci\u00f3n al tabaco o la obesidad, los problemas de sue\u00f1o no deben concebirse como afecciones estrictamente individuales, sino que necesitan un abordaje integral por parte del sistema sanitario y una consideraci\u00f3n global en t\u00e9rminos sociales y de igualdad.<\/p>\n<p class=\"\" style=\"text-align: justify;\">Dado que las mujeres tienen mayores dificultades de conciliaci\u00f3n laboral y familiar y asumen en mayor medida las tareas de cuidado, no es tampoco casual que protagonicen los peores indicadores en la mayor\u00eda de las ratios. Se trata de un preocupante sesgo de g\u00e9nero tambi\u00e9n presente en el consumo de hipnosedantes, que en 2022 registr\u00f3 el m\u00e1ximo de la serie hist\u00f3rica entre la poblaci\u00f3n de 15 a 64 a\u00f1os. En todos los rangos de prevalencia de consumo, las mujeres registran porcentajes entre cuatro y nueve puntos superiores a los hombres.<\/p>\n<p class=\"\" style=\"text-align: justify;\">Por otro lado, aunque los desequilibrios en el descanso son m\u00e1s frecuentes entre las personas de mayor edad, conviene estar alerta a su relaci\u00f3n con el aumento de problemas de salud mental entre los j\u00f3venes: una de cada tres personas de 15 a 29 a\u00f1os ha tomado alguna vez psicof\u00e1rmacos, seg\u00fan el \u00faltimo bar\u00f3metro de Fad Juventud.<\/p>\n<p class=\"\" style=\"text-align: justify;\">Expertos y sociedades m\u00e9dicas llevan tiempo alertando de la necesidad de formar a profesionales sanitarios especializados en la atenci\u00f3n a los trastornos del sue\u00f1o, al tiempo que se incentivan los h\u00e1bitos saludables en todas las edades y con perspectiva de g\u00e9nero. El Congreso de los Diputados aprob\u00f3 en noviembre de 2022, a iniciativa del PSOE, una proposici\u00f3n no de ley en ese sentido, pero su recorrido ha sido nulo. Es hora de dar prioridad a un problema de salud que afecta a la calidad de vida de millones de ciudadanos.<\/p>\n<\/div>\n<p><a class=\"a_md_a_n\" title=\"Ver todas las noticias de El Pa\u00eds\" href=\"https:\/\/elpais.com\/autor\/el-pais\/#?rel=author_top\" data-mrf-link=\"https:\/\/elpais.com\/autor\/el-pais\/\"><strong>El Pa\u00eds<\/strong><\/a><\/p>\n<p>FOTO: Una mujer con insomnio, en su casa de Madrid, en junio de 2023.<span class=\"a_m_m\">Claudio \u00c1lvarez<\/span><\/p>\n<p>https:\/\/elpais.com\/opinion\/2024-03-05\/problemas-de-sueno-problema-de-salud.html<\/p>\n<div class=\"a_md _g _g-xs \">\n<figure class=\"a_md_i a_m-h c_m--nf\"><span class=\"a_m_w _db\">\u00a0<\/span><\/figure>\n<div class=\"a_md_txt\">\n<div class=\"a_md_a\" data-dtm-region=\"articulo_firma\">\u00a0<\/div>\n<\/div>\n<\/div>\n<div class=\"a_e_m\">\n<figure class=\"a_m a_m-h \"><span class=\"a_m_w _db\">\u00a0<\/span><\/figure>\n<\/div>\n<div class=\"a_md _g _g-xs \">\n<figure class=\"a_md_i a_m-h c_m--nf\"><span class=\"a_m_w _db\">\u00a0<\/span><\/figure>\n<div class=\"a_md_txt\">\n<div class=\"a_md_a\" data-dtm-region=\"articulo_firma\">\u00a0<\/div>\n<\/div>\n<\/div>\n","protected":false},"excerpt":{"rendered":"<p>Los espa\u00f1oles duermen cada vez peor, un trastorno que conviene abordar de forma integral desde&#8230;<\/p>\n","protected":false},"author":1,"featured_media":67681,"comment_status":"closed","ping_status":"closed","sticky":false,"template":"","format":"standard","meta":{"_coblocks_attr":"","_coblocks_dimensions":"","_coblocks_responsive_height":"","_coblocks_accordion_ie_support":"","jetpack_post_was_ever_published":false,"_jetpack_newsletter_access":"","_jetpack_dont_email_post_to_subs":false,"_jetpack_newsletter_tier_id":0,"_jetpack_memberships_contains_paywalled_content":false,"_jetpack_memberships_contains_paid_content":false,"footnotes":"","jetpack_publicize_message":"","jetpack_publicize_feature_enabled":true,"jetpack_social_post_already_shared":true,"jetpack_social_options":{"image_generator_settings":{"template":"highway","default_image_id":0,"enabled":false},"version":2}},"categories":[1161,44,10],"tags":[],"class_list":["post-67680","post","type-post","status-publish","format-standard","has-post-thumbnail","hentry","category-ciudadania","category-noticias-de-hoy","category-salud"],"jetpack_publicize_connections":[],"jetpack_featured_media_url":"https:\/\/i0.wp.com\/miradordeatarfe.es\/wp-content\/uploads\/2024\/03\/Screenshot-2024-03-06-at-12-43-00-Problemas-de-sueno-problema-de-salud.png?fit=363%2C368&ssl=1","jetpack_likes_enabled":true,"jetpack_sharing_enabled":true,"_links":{"self":[{"href":"https:\/\/miradordeatarfe.es\/index.php?rest_route=\/wp\/v2\/posts\/67680","targetHints":{"allow":["GET"]}}],"collection":[{"href":"https:\/\/miradordeatarfe.es\/index.php?rest_route=\/wp\/v2\/posts"}],"about":[{"href":"https:\/\/miradordeatarfe.es\/index.php?rest_route=\/wp\/v2\/types\/post"}],"author":[{"embeddable":true,"href":"https:\/\/miradordeatarfe.es\/index.php?rest_route=\/wp\/v2\/users\/1"}],"replies":[{"embeddable":true,"href":"https:\/\/miradordeatarfe.es\/index.php?rest_route=%2Fwp%2Fv2%2Fcomments&post=67680"}],"version-history":[{"count":1,"href":"https:\/\/miradordeatarfe.es\/index.php?rest_route=\/wp\/v2\/posts\/67680\/revisions"}],"predecessor-version":[{"id":67682,"href":"https:\/\/miradordeatarfe.es\/index.php?rest_route=\/wp\/v2\/posts\/67680\/revisions\/67682"}],"wp:featuredmedia":[{"embeddable":true,"href":"https:\/\/miradordeatarfe.es\/index.php?rest_route=\/wp\/v2\/media\/67681"}],"wp:attachment":[{"href":"https:\/\/miradordeatarfe.es\/index.php?rest_route=%2Fwp%2Fv2%2Fmedia&parent=67680"}],"wp:term":[{"taxonomy":"category","embeddable":true,"href":"https:\/\/miradordeatarfe.es\/index.php?rest_route=%2Fwp%2Fv2%2Fcategories&post=67680"},{"taxonomy":"post_tag","embeddable":true,"href":"https:\/\/miradordeatarfe.es\/index.php?rest_route=%2Fwp%2Fv2%2Ftags&post=67680"}],"curies":[{"name":"wp","href":"https:\/\/api.w.org\/{rel}","templated":true}]}}