{"id":67683,"date":"2024-03-09T08:04:38","date_gmt":"2024-03-09T07:04:38","guid":{"rendered":"https:\/\/miradordeatarfe.es\/?p=67683"},"modified":"2024-03-07T10:13:43","modified_gmt":"2024-03-07T09:13:43","slug":"la-mujer-rural-por-juan-santaella","status":"publish","type":"post","link":"https:\/\/miradordeatarfe.es\/?p=67683","title":{"rendered":"\u00abLA MUJER RURAL\u00bb por Juan Santaella"},"content":{"rendered":"<h2 class=\"v-a-sub-t\" style=\"text-align: justify;\">\u00abElla est\u00e1 en las afueras de la Historia, ese invisible territorio del doble exilio de las mujeres humildes\u00bb<\/h2>\n<p class=\"v-p\" style=\"text-align: justify;\">Antes de iniciar mi tema, quiero darle mi adi\u00f3s emocionado al director de IDEAL, Eduardo Peralta, hombre afable y pr\u00f3ximo, referente del periodismo, de talante abierto y defensor de la verdad, que deja una profunda huella en Granada, y gracias al cual yo escribo mi columna. Felicito, por otra parte, al nuevo director, Quico Chirino, que realizar\u00e1 brillantemente su funci\u00f3n, por su empat\u00eda personal, y por ser un periodista agudo, profundo, veraz y honesto.<\/p>\n<div class=\"paywall container-wall-exclusive\" data-mrf-recirculation=\"Link art\u00edculos\">\n<p class=\"v-p\" style=\"text-align: justify;\">Para celebrar el d\u00eda de la mujer trabajadora, quiero detenerme en la que m\u00e1s dificultades ha encontrado siempre: la campesina. Seg\u00fan Teresa Mar\u00eda Ortega, catedr\u00e1tica de Historia Contempor\u00e1nea de la UGR, y tres compa\u00f1eras m\u00e1s, en su obra &#8216;Mujeres y agricultura&#8217;, durante el siglo XX, con situaciones pol\u00edticas muy distintas (incluido el franquismo y la democracia), existen discursos similares que recluyen a las mujeres en el hogar, entendiendo que ese es su h\u00e1bitat natural. La historia de la agricultura se ha escrito en t\u00e9rminos masculinos, cuando ha sido protagonizada por mujeres.<\/p>\n<p class=\"v-p\" style=\"text-align: justify;\">Es m\u00e1s, durante el franquismo, se cultiv\u00f3 el \u00abnacionalruralismo\u00bb, como dice Teresa M. Ortega, donde las mujeres urbanas, \u00abde costumbres modernas, irracionales e inmorales\u00bb, se contrapon\u00edan a las mujeres rurales, cuyo esp\u00edritu noble, y su \u00abobediencia, discreci\u00f3n, decencia y devoci\u00f3n\u00bb eran s\u00edmbolo de lo aut\u00e9ntico, de lo espiritual, de la tradici\u00f3n, de los valores esenciales de la Espa\u00f1a eterna. \u00abEl discurso de la soberan\u00eda del campesinado (sobre todo de la mujer rural), estuvo presente desde que se consum\u00f3 el golpe de Estado contra la Segunda Rep\u00fablica\u00bb.<\/p>\n<p class=\"v-p\" style=\"text-align: justify;\">Desde los a\u00f1os ochenta, la mejora de las explotaciones agrarias, gracias a la mecanizaci\u00f3n, fueron alejando a muchas mujeres de las tareas agr\u00edcolas; y \u00e9stas empezaron a realizar estudios universitarios y a emigrar a las ciudades. En 2007, solo el 15,5 % de las mujeres del medio rural se dedicaban a la agricultura; el 66,2%, al sector servicios. Las que se quedaron, desempe\u00f1aron, b\u00e1sicamente, las mismas tareas de siempre. Hoy, al hablar de despoblaci\u00f3n, hemos de saber que la vuelta al campo no ser\u00e1 posible si no se le otorga un rol distinto a las mujeres.<\/p>\n<p class=\"v-p\" style=\"text-align: justify;\">En la actualidad, las campesinas no han visto todav\u00eda cumplirse la igualdad de g\u00e9nero, aunque llevamos 50 a\u00f1os de democracia: carecen de entidad propia; su trabajo sigue subordinado al del var\u00f3n; su salario sigue siendo inferior; dependen econ\u00f3micamente del marido; su trabajo b\u00e1sico es el dom\u00e9stico\u2026 Aunque su papel es estrat\u00e9gico en el \u00e1mbito rural, sin embargo, su papel de sumisi\u00f3n, entrega e invisibilidad es muy dif\u00edcil de alterar. La costumbre y los estereotipos se imponen a la legislaci\u00f3n democr\u00e1tica.<\/p>\n<p class=\"v-p\" style=\"text-align: justify;\">Termino con un recuerdo emocionado a mi madre, mujer rural, trabajadora tenaz, con m\u00faltiples actividades, administradora eficaz de una familia numerosa, honesta, \u00edntegra, que nunca perdi\u00f3 la alegr\u00eda\u2026 Olga Novo, Premio Nacional de Poes\u00eda 2020, en el relato, &#8216;Los ojos de mi madre&#8217;, \u00e9sta, labradora lucense, le dijo: \u00abDe m\u00ed no vas a poder contar nada, porque yo no tengo historia\u00bb. Sin duda, si la Historia es la que narra los grandes acontecimientos contados por hombres vencedores, ni su madre ni la m\u00eda la tienen, porque ellas est\u00e1n \u00aben las afueras de la Historia, ese invisible territorio del doble exilio de las mujeres de extracci\u00f3n humilde\u00bb, pero sus historias son mucho m\u00e1s importantes.<\/p>\n<p>FOTO: https:\/\/vivacatamayo.com\/en-loja-se-resalta-el-trabajo-de-las-mujeres-rurales\/<\/p>\n<p>https:\/\/www.ideal.es\/opinion\/juan-santaella-mujer-rural-20240307231235-nt.html<\/p>\n<\/div>\n","protected":false},"excerpt":{"rendered":"<p>\u00abElla est\u00e1 en las afueras de la Historia, ese invisible territorio del doble exilio de&#8230;<\/p>\n","protected":false},"author":1,"featured_media":67684,"comment_status":"closed","ping_status":"closed","sticky":false,"template":"","format":"standard","meta":{"_coblocks_attr":"","_coblocks_dimensions":"","_coblocks_responsive_height":"","_coblocks_accordion_ie_support":"","jetpack_post_was_ever_published":false,"_jetpack_newsletter_access":"","_jetpack_dont_email_post_to_subs":false,"_jetpack_newsletter_tier_id":0,"_jetpack_memberships_contains_paywalled_content":false,"_jetpack_memberships_contains_paid_content":false,"footnotes":"","jetpack_publicize_message":"","jetpack_publicize_feature_enabled":true,"jetpack_social_post_already_shared":true,"jetpack_social_options":{"image_generator_settings":{"template":"highway","default_image_id":0,"enabled":false},"version":2}},"categories":[14,9,44],"tags":[],"class_list":["post-67683","post","type-post","status-publish","format-standard","has-post-thumbnail","hentry","category-feminismo","category-medio-ambiente","category-noticias-de-hoy"],"jetpack_publicize_connections":[],"jetpack_featured_media_url":"https:\/\/i0.wp.com\/miradordeatarfe.es\/wp-content\/uploads\/2024\/03\/En-Loja-se-resalta-el-trabajo-de-las-mujeres-rurales-1-696x391-1.webp?fit=696%2C391&ssl=1","jetpack_likes_enabled":true,"jetpack_sharing_enabled":true,"_links":{"self":[{"href":"https:\/\/miradordeatarfe.es\/index.php?rest_route=\/wp\/v2\/posts\/67683","targetHints":{"allow":["GET"]}}],"collection":[{"href":"https:\/\/miradordeatarfe.es\/index.php?rest_route=\/wp\/v2\/posts"}],"about":[{"href":"https:\/\/miradordeatarfe.es\/index.php?rest_route=\/wp\/v2\/types\/post"}],"author":[{"embeddable":true,"href":"https:\/\/miradordeatarfe.es\/index.php?rest_route=\/wp\/v2\/users\/1"}],"replies":[{"embeddable":true,"href":"https:\/\/miradordeatarfe.es\/index.php?rest_route=%2Fwp%2Fv2%2Fcomments&post=67683"}],"version-history":[{"count":2,"href":"https:\/\/miradordeatarfe.es\/index.php?rest_route=\/wp\/v2\/posts\/67683\/revisions"}],"predecessor-version":[{"id":67686,"href":"https:\/\/miradordeatarfe.es\/index.php?rest_route=\/wp\/v2\/posts\/67683\/revisions\/67686"}],"wp:featuredmedia":[{"embeddable":true,"href":"https:\/\/miradordeatarfe.es\/index.php?rest_route=\/wp\/v2\/media\/67684"}],"wp:attachment":[{"href":"https:\/\/miradordeatarfe.es\/index.php?rest_route=%2Fwp%2Fv2%2Fmedia&parent=67683"}],"wp:term":[{"taxonomy":"category","embeddable":true,"href":"https:\/\/miradordeatarfe.es\/index.php?rest_route=%2Fwp%2Fv2%2Fcategories&post=67683"},{"taxonomy":"post_tag","embeddable":true,"href":"https:\/\/miradordeatarfe.es\/index.php?rest_route=%2Fwp%2Fv2%2Ftags&post=67683"}],"curies":[{"name":"wp","href":"https:\/\/api.w.org\/{rel}","templated":true}]}}