{"id":67687,"date":"2024-03-08T08:14:12","date_gmt":"2024-03-08T07:14:12","guid":{"rendered":"https:\/\/miradordeatarfe.es\/?p=67687"},"modified":"2024-03-07T10:33:10","modified_gmt":"2024-03-07T09:33:10","slug":"el-feminismo-se-cita-el-8m-en-granada-contra-el-patriarcado-y-la-precariedad","status":"publish","type":"post","link":"https:\/\/miradordeatarfe.es\/?p=67687","title":{"rendered":"El feminismo se cita el 8M en Granada contra el patriarcado y la precariedad"},"content":{"rendered":"<h2 style=\"text-align: justify;\">La manifestaci\u00f3n partir\u00e1, a las 18.00 horas, de la Plaza del Triunfo.<\/h2>\n<div class=\"cuerpo\">\n<p style=\"text-align: justify;\">El feminismo de Granada llama a participar en la manifestaci\u00f3n del pr\u00f3ximo 8 de marzo para denunciar los retrocesos en materia de igualdad que se est\u00e1n produciendo y reivindicar soluciones para problemas a\u00fan pendientes, como la brecha salarial, la menor representaci\u00f3n de las mujeres en \u00e1mbitos empresariales y de toma de decisi\u00f3n, o el creciente acoso a trav\u00e9s de las redes sociales.\u00a0<\/p>\n<p style=\"text-align: justify;\">\u00abContra el patriarcado y la precariedad, lucha feminista sin fronteras\u00bb es el lema de cabecera de esta movilizaci\u00f3n en la que marchan unidas los dos grandes colectivos feministas, de un lado la Plataforma 8 de Marzo y 25 de Noviembre y, de otro, el Espacio Feminista Unitario de Gran\u00e1.\u00a0<\/p>\n<p style=\"text-align: justify;\">A juicio de Paqui Fuillerat, de la Plataforma 8M\/25N, el lema \u00abrefleja las mayores preocupaciones\u00bb de las mujeres que, como ha recordado, no es un colectivo, sino que representan m\u00e1s de la mitad de la poblaci\u00f3n.\u00a0<\/p>\n<p style=\"text-align: justify;\">Ha incidido en los \u00abverdaderos retrocesos\u00bb en materia de igualdad que se est\u00e1n dando en comunidades donde la ultraderecha ha llegado al gobierno. Y ha lamentado que en Andaluc\u00eda, el PP tambi\u00e9n est\u00e9 tomando decisiones \u00abmuy graves\u00bb, como el decreto de simplificaci\u00f3n administrativa, que borra avances logrados, o da cuantiosas subvenciones a las \u00abmal llamadas asociaciones provida\u00bb, que \u00abvulneran nuestro derecho a decidir\u00bb.\u00a0<\/p>\n<p style=\"text-align: justify;\">Fuillerat, que ha subrayado que con m\u00e1s feminismo habr\u00e1 una \u00abmejor sociedad\u00bb, ha animado a participar en la manifestaci\u00f3n del viernes.\u00a0<\/p>\n<p style=\"text-align: justify;\">Para facilitar esa participaci\u00f3n, sobre todo a mujeres que no pueden permitirse completar todo el recorrido, como novedad este a\u00f1o, se han establecido puntos de acceso:\u00a0<\/p>\n<div class=\"divdest\" style=\"text-align: justify;\"><strong>Puntos de acceso para facilitar la participaci\u00f3n\u00a0<\/strong><\/p>\n<p>Desde el Espacio Feminista Unitario de Gran\u00e1 y P8M\/25N Contra la Violencia de G\u00e9nero de Granada son conscientes de que \u00abno todas podemos hacer completo el recorrido de la manifestaci\u00f3n, pero a\u00fan as\u00ed todas tenemos derecho a luchar por nuestros derecho, por eso hemos decidido incorporar unos puntos de acceso\u00bb.<\/p>\n<p><strong>\u00bfQu\u00e9 son los puntos de acceso?<\/strong><\/p>\n<p>Los puntos de acceso han sido pensados por y para las personas con discapacidad que no pueden permitirse hacer el recorrido entero, aunque ciertamente puede beneficiarse de esta nueva medida cualquier persona que necesite darle uso para incorporarse a la manifestacion.<\/p>\n<p><strong>\u00bfQu\u00e9 me encontrar\u00e9 cuando llegue al punto de acceso que elija?<\/strong><\/p>\n<p>Habr\u00e1 dos personas de la Comisi\u00f3n de Cuidados con chaleco amarillo reflectante para que pod\u00e1is diferenciarlas, ellas os ayudar\u00e1n a incorporaros a la manifestaci\u00f3n.<\/p>\n<p><strong>\u00bfA qu\u00e9 hora tengo que ir a mi punto de acceso?<\/strong><\/p>\n<p>La manifestaci\u00f3n empieza a las 18h en Triunfo, por lo tanto para el punto de acceso de Isabel la Cat\u00f3lica deber\u00edais estar para las 18:45h, para Correos a las 19h y para Puerta Real a la altura del Htel Zaida a las 19:15h.\u00a0<\/p><\/div>\n<div class=\"media media-element-container media-default\" style=\"text-align: justify;\">\n<div id=\"file-100766\" class=\"file file-image file-image-jpeg\">\n<h2 class=\"element-invisible\"><img data-recalc-dims=\"1\" loading=\"lazy\" decoding=\"async\" class=\"media-element file-default\" src=\"https:\/\/i0.wp.com\/www.elindependientedegranada.es\/sites\/default\/files\/mas_feminismo.jpg?resize=640%2C533&#038;ssl=1\" alt=\"\" width=\"640\" height=\"533\" data-delta=\"1\" \/><\/h2>\n<\/div>\n<\/div>\n<p style=\"text-align: justify;\">La manifestaci\u00f3n parte del Triunfo, a las 18.00 horas para encaminarse por Gran V\u00eda y Reyes Cat\u00f3licos hacia el Paseo del Sal\u00f3n.<\/p>\n<p style=\"text-align: justify;\">Pincha en los siguientes enlaces para leer los manifestos completos de la Plataforma 8 de Marzo y 25 de Noviembre y del Espacio Feminismo Unitario de Granada:<\/p>\n<ul>\n<li>\n<h3><a href=\"https:\/\/www.elindependientedegranada.es\/sites\/default\/files\/manifiesto_8m2024_definitivo.pdf\" target=\"_blank\" rel=\"noopener\">Manifiesto de la Plataforma 8M\/25N<\/a><\/h3>\n<\/li>\n<li>\n<h3><a href=\"https:\/\/www.elindependientedegranada.es\/sites\/default\/files\/manifiesto_8_m_feminismounitario_de_grana_002.pdf\" target=\"_blank\" rel=\"noopener\">Manifiesto del Espacio Feminismo Unitario de Granada<\/a><\/h3>\n<\/li>\n<\/ul>\n<p>INDEGRANADA<\/p>\n<p>FOTO: Presentaci\u00f3n este mi\u00e9rcoles, en la Plaza del Carmen, de la manifestaci\u00f3n. plataforma 8M y 25N<\/p>\n<p>https:\/\/www.elindependientedegranada.es\/ciudadania\/feminismo-cita-8m-granada-patriarcado-precariedad<\/p>\n<p>&nbsp;<\/p>\n<\/div>\n","protected":false},"excerpt":{"rendered":"<p>La manifestaci\u00f3n partir\u00e1, a las 18.00 horas, de la Plaza del Triunfo. El feminismo de&#8230;<\/p>\n","protected":false},"author":1,"featured_media":67691,"comment_status":"closed","ping_status":"closed","sticky":false,"template":"","format":"standard","meta":{"_coblocks_attr":"","_coblocks_dimensions":"","_coblocks_responsive_height":"","_coblocks_accordion_ie_support":"","jetpack_post_was_ever_published":false,"_jetpack_newsletter_access":"","_jetpack_dont_email_post_to_subs":false,"_jetpack_newsletter_tier_id":0,"_jetpack_memberships_contains_paywalled_content":false,"_jetpack_memberships_contains_paid_content":false,"footnotes":"","jetpack_publicize_message":"","jetpack_publicize_feature_enabled":true,"jetpack_social_post_already_shared":true,"jetpack_social_options":{"image_generator_settings":{"template":"highway","default_image_id":0,"enabled":false},"version":2}},"categories":[1161,14,10781,44],"tags":[],"class_list":["post-67687","post","type-post","status-publish","format-standard","has-post-thumbnail","hentry","category-ciudadania","category-feminismo","category-granada","category-noticias-de-hoy"],"jetpack_publicize_connections":[],"jetpack_featured_media_url":"https:\/\/i0.wp.com\/miradordeatarfe.es\/wp-content\/uploads\/2024\/03\/8m_0.jpg?fit=750%2C396&ssl=1","jetpack_likes_enabled":true,"jetpack_sharing_enabled":true,"_links":{"self":[{"href":"https:\/\/miradordeatarfe.es\/index.php?rest_route=\/wp\/v2\/posts\/67687","targetHints":{"allow":["GET"]}}],"collection":[{"href":"https:\/\/miradordeatarfe.es\/index.php?rest_route=\/wp\/v2\/posts"}],"about":[{"href":"https:\/\/miradordeatarfe.es\/index.php?rest_route=\/wp\/v2\/types\/post"}],"author":[{"embeddable":true,"href":"https:\/\/miradordeatarfe.es\/index.php?rest_route=\/wp\/v2\/users\/1"}],"replies":[{"embeddable":true,"href":"https:\/\/miradordeatarfe.es\/index.php?rest_route=%2Fwp%2Fv2%2Fcomments&post=67687"}],"version-history":[{"count":4,"href":"https:\/\/miradordeatarfe.es\/index.php?rest_route=\/wp\/v2\/posts\/67687\/revisions"}],"predecessor-version":[{"id":67692,"href":"https:\/\/miradordeatarfe.es\/index.php?rest_route=\/wp\/v2\/posts\/67687\/revisions\/67692"}],"wp:featuredmedia":[{"embeddable":true,"href":"https:\/\/miradordeatarfe.es\/index.php?rest_route=\/wp\/v2\/media\/67691"}],"wp:attachment":[{"href":"https:\/\/miradordeatarfe.es\/index.php?rest_route=%2Fwp%2Fv2%2Fmedia&parent=67687"}],"wp:term":[{"taxonomy":"category","embeddable":true,"href":"https:\/\/miradordeatarfe.es\/index.php?rest_route=%2Fwp%2Fv2%2Fcategories&post=67687"},{"taxonomy":"post_tag","embeddable":true,"href":"https:\/\/miradordeatarfe.es\/index.php?rest_route=%2Fwp%2Fv2%2Ftags&post=67687"}],"curies":[{"name":"wp","href":"https:\/\/api.w.org\/{rel}","templated":true}]}}