{"id":67693,"date":"2024-03-10T10:33:35","date_gmt":"2024-03-10T09:33:35","guid":{"rendered":"https:\/\/miradordeatarfe.es\/?p=67693"},"modified":"2024-03-07T12:21:48","modified_gmt":"2024-03-07T11:21:48","slug":"la-mejor-forma-para-que-un-nino-aprenda-a-leer-con-paciencia-y-evitando-las-comparaciones","status":"publish","type":"post","link":"https:\/\/miradordeatarfe.es\/?p=67693","title":{"rendered":"La mejor forma para que un ni\u00f1o aprenda a leer: con paciencia y evitando las comparaciones"},"content":{"rendered":"<h2 class=\"a_st\" style=\"text-align: justify;\">Aprender a leer es un proceso lento que empieza en Educaci\u00f3n Infantil, pero no tiene por qu\u00e9 darse antes de los seis a\u00f1os y se consolida en tercero de Primaria.<\/h2>\n<p class=\"\" style=\"text-align: justify;\">Una de las dudas que surge entre las familias al terminar la Educaci\u00f3n Infantil es si sus hijos <a href=\"https:\/\/elpais.com\/mamas-papas\/familia\/2023-11-11\/como-lograr-que-los-cuentos-produzcan-magia-en-los-ninos-hay-que-saber-leerlos-y-elegirlos.html\" target=\"_blank\" rel=\"noopener\" data-link-track-dtm=\"\" data-mrf-link=\"https:\/\/elpais.com\/mamas-papas\/familia\/2023-11-11\/como-lograr-que-los-cuentos-produzcan-magia-en-los-ninos-hay-que-saber-leerlos-y-elegirlos.html\">han aprendido a leer<\/a>. Si ya son capaces de identificar las letras y unirlas con fluidez formando palabras. Unos lo har\u00e1n m\u00e1s r\u00e1pido y otros m\u00e1s despacio, as\u00ed que esta es una preocupaci\u00f3n que aparece, sobre todo, si se empieza a comparar a unos ni\u00f1os con otros. \u201cCada menor tiene que pasar a Primaria seg\u00fan como vaya y dependiendo de su nivel madurativo, porque leer y escribir es un objetivo de segundo de este ciclo\u201d, apunta <a href=\"http:\/\/www.pilarserranoburgos.com\/\" data-link-track-dtm=\"\" data-mrf-link=\"http:\/\/www.pilarserranoburgos.com\/\">Pilar Serrano Burgos<\/a>, profesora de Infantil en el CEIP Teresa Berganza de Boadilla del Monte (Comunidad de Madrid) y autora de una veintena de cuentos infantiles, entre ellos <i>La nota<\/i> (Kalandraka, 2020), que recibi\u00f3 una menci\u00f3n especial en el Premio Internacional Compostela para \u00e1lbumes ilustrados, y <i>Una m\u00e1gica oportunidad<\/i> (Libre Albedr\u00edo, 2023).<\/p>\n<p class=\"\" style=\"text-align: justify;\">El aprendizaje de la lectura es un proceso lento que comienza desde el momento en el que se empieza a contar cuentos a los ni\u00f1os desde muy peque\u00f1os. \u201cLos estudios demuestran que existe una exposici\u00f3n a m\u00e1s de 70.000 palabras entre los menores <a href=\"https:\/\/elpais.com\/mamas-papas\/familia\/2024-01-28\/por-que-no-hay-que-castigar-a-los-ninos-sin-cuento-antes-de-irse-a-la-cama.html\" data-link-track-dtm=\"\" data-mrf-link=\"https:\/\/elpais.com\/mamas-papas\/familia\/2024-01-28\/por-que-no-hay-que-castigar-a-los-ninos-sin-cuento-antes-de-irse-a-la-cama.html\">cuyos padres les leen cuentos antes de dormir<\/a> y los que no\u201d, detalla Miguel \u00c1ngel Tirado, doctor en Ciencias de la Educaci\u00f3n, profesor en la Universidad de las Islas Baleares (UIB) e inspector de educaci\u00f3n. \u00c9l es el autor del art\u00edculo <a href=\"https:\/\/usie.es\/supervision21\/index.php\/Sp21\/article\/view\/753\" data-link-track-dtm=\"\" data-mrf-link=\"https:\/\/usie.es\/supervision21\/index.php\/Sp21\/article\/view\/753\"><i>Dime c\u00f3mo lees y te dir\u00e9 cu\u00e1nto aprendes. \u00bfQu\u00e9 nos aporta la investigaci\u00f3n a la ense\u00f1anza de la lectura?<\/i><\/a><i>,<\/i> publicado en la revista de educaci\u00f3n e inspecci\u00f3n <i>Supervisi\u00f3n 21<\/i>, de la Uni\u00f3n Sindical de Inspectores de Educaci\u00f3n. En su art\u00edculo, Tirado asegura que la mejor forma de ense\u00f1ar a leer en la escuela es desarrollando la conciencia fonol\u00f3gica.<\/p>\n<p class=\"\" style=\"text-align: justify;\">La conciencia fonol\u00f3gica, explica Tirado, es la capacidad de reconocer, identificar y manipular los sonidos del habla: \u201cEntender que <i>perro<\/i> y <i>pelota <\/i>comienzan con el mismo fonema <i>p<\/i> o c\u00f3mo manipulando la primera letra de <i>sol <\/i>podemos obtener la palabra <i>col\u201d. <\/i>Despu\u00e9s de que los menores entienden este proceso, algo que suele ocurrir entre finales de Infantil y primero de Primaria, seg\u00fan explica el experto, <a href=\"https:\/\/elpais.com\/mamas-papas\/familia\/2023-05-01\/los-clubes-de-lectura-tambien-son-para-ninos.html\" target=\"_blank\" rel=\"noopener\" data-link-track-dtm=\"\" data-mrf-link=\"https:\/\/elpais.com\/mamas-papas\/familia\/2023-05-01\/los-clubes-de-lectura-tambien-son-para-ninos.html\">se empieza con el trabajo de decodificaci\u00f3n, <\/a>o sea el reconocimiento de las letras para asignarles un sonido.<\/p>\n<p class=\"\" style=\"text-align: justify;\">Tirado detalla c\u00f3mo es el proceso de adquirir la conciencia fonol\u00f3gica: \u201cA principios de Infantil, con tres a\u00f1os, se puede identificar que una frase tiene tres palabras: \u2018Esta pelota roja, por ejemplo\u201d. En el siguiente curso, con cuatro a\u00f1os, seg\u00fan contin\u00faa, se trabaja la conciencia sil\u00e1bica: \u201cEs decir que<i> pelota,<\/i> por ejemplo, tiene tres golpes de voz\u201d. Y, en el \u00faltimo curso de Infantil, con cinco a\u00f1os, se explica la conciencia fon\u00e9mica: \u201cPor ejemplo que<i> <\/i>la palabra <i>casa <\/i>tiene cuatro fonemas y c\u00f3mo suena cada uno de ellos\u201d. Tirado sostiene que durante estos cursos se ha tocado poco el lenguaje escrito porque estos pasos son esenciales para automatizar las habilidades de decodificaci\u00f3n: \u201cNo es hasta que se haya aprendido a decodificar y<a href=\"https:\/\/elpais.com\/mamas-papas\/familia\/2023-10-28\/es-triste-tener-que-convertirse-en-padre-para-apreciar-y-valorar-la-literatura-infantil.html\" target=\"_blank\" rel=\"noopener\" data-link-track-dtm=\"\" data-mrf-link=\"https:\/\/elpais.com\/mamas-papas\/familia\/2023-10-28\/es-triste-tener-que-convertirse-en-padre-para-apreciar-y-valorar-la-literatura-infantil.html\"> se hayan adquirido unos niveles de fluidez m\u00ednimos de lectura<\/a> en los tres primeros cursos de Primaria cuando se comienza a leer para aprender, el siguiente paso natural hacia la comprensi\u00f3n lectora\u201d. Para el docente, hay un curso clave: tercero de Primaria: \u201cSi en ese curso no han adquirido un nivel de fluidez m\u00ednimo que les permita prestar atenci\u00f3n a la comprensi\u00f3n, es decir, que no se vayan dando de bruces contra las palabras, si no lo logran se puede producir un efecto bastante demoledor respecto de su futuro acad\u00e9mico\u201d.<\/p>\n<h3 class=\"\" style=\"text-align: justify;\">C\u00f3mo se entrena el cerebro<\/h3>\n<p class=\"\" style=\"text-align: justify;\">Leer y escribir no es una tarea natural para la supervivencia del ser humano. \u201cNo nos acordamos de lo dif\u00edcil que fue nuestro proceso\u201d, apunta Tirado. Una idea que comparte la neuropediatra<a href=\"https:\/\/neuropediatra.org\/2013\/12\/31\/maria-jose-mas-neuropediatra\/\" data-link-track-dtm=\"\" data-mrf-link=\"https:\/\/neuropediatra.org\/2013\/12\/31\/maria-jose-mas-neuropediatra\/\"> Mar\u00eda Jos\u00e9 Mas<\/a>, autora de<i> El cerebro en su laberinto: los trastornos del neurodesarrollo<\/i> (Next Door Publisher, 2020). \u201cA nivel neurol\u00f3gico existe un circuito b\u00e1sico que s\u00ed es necesario para la vida que consiste en distinguir formas, colores y texturas, pero, para eso, primero tiene que madurar el \u00e1rea visual\u201d, explica. \u201cEse circuito b\u00e1sico es el que utiliza la lectura para unir sonidos y asignarlos a formas para formar palabras\u201d. Seg\u00fan sostiene, esto no tiene por qu\u00e9 pasar antes de los seis a\u00f1os.<\/p>\n<p class=\"\" style=\"text-align: justify;\">\u201cEn mi aula con ni\u00f1os de tres a\u00f1os lo \u00fanico que trabajamos es el nombre propio, pero no les impongo las letras\u201d, retoma Serrano. \u201cEllos lo aprenden y lo van interiorizando\u201d, prosigue, \u201caprenden solos y mi misi\u00f3n es generar en ellos la curiosidad\u201d. Esta profesora ha comprobado que lo normal es que los menores aprendan primero a leer y luego a escribir, y no lo hacen al mismo nivel: \u201cUn d\u00eda tienen ganas de saber qu\u00e9 pone en un cartel o quieren jugar a algo que necesitan escribir y <a href=\"https:\/\/elpais.com\/mamas-papas\/2021-09-14\/andre-stern-los-ninos-aprenden-porque-se-entusiasman-y-no-diferencian-entre-jugar-y-estudiar.html\" data-link-track-dtm=\"\" data-mrf-link=\"https:\/\/elpais.com\/mamas-papas\/2021-09-14\/andre-stern-los-ninos-aprenden-porque-se-entusiasman-y-no-diferencian-entre-jugar-y-estudiar.html\">nace su inter\u00e9s<\/a> y, de repente, todo hace conexi\u00f3n\u201d. \u201cEse clic en el cerebro es el momento m\u00e1s bonito. Cuando se te quedan mirando y te dicen que ya saben leer\u201d, agrega Mas. Seg\u00fan explica esta neuropediatra, a partir de ah\u00ed todo va m\u00e1s r\u00e1pido: \u201cAunque si ese momento no se est\u00e1 produciendo igual hay que esperar y no pasa nada\u201d. Mas incide en que las prisas por ense\u00f1ar a leer tampoco son recomendables. \u201cSi enfrentas a un menor a un problema para el que todav\u00eda no est\u00e1 preparado y siente que no lo puede hacer, hay un rechazo\u201d, subraya.<\/p>\n<p class=\"\" style=\"text-align: justify;\">Otra cosa distinta es detectar que algo no va bien a la hora de aprender a leer. Para la neuropediatra no hay que esperar a los nueve a\u00f1os para diagnosticar, por ejemplo, una dislexia: \u201cSi el ni\u00f1o lleva un tiempo entrenando, un a\u00f1o entero a partir de la entrada en Primaria, y vemos que no puede, <a href=\"https:\/\/elpais.com\/elpais\/2018\/02\/26\/mamas_papas\/1519634436_793233.html#?rel=mas\" data-link-track-dtm=\"\" data-mrf-link=\"https:\/\/elpais.com\/elpais\/2018\/02\/26\/mamas_papas\/1519634436_793233.html\">no hay que esperar<\/a>\u201d. Por su parte, Tirado insiste en que es importante trabajar con los menores la conciencia fonol\u00f3gica porque tambi\u00e9n ayuda a prevenir problemas y dificultades en el aprendizaje de la lectura, a lo que a\u00f1ade que la escuela tiene un papel fundamental a la hora de detectar estas dificultades. Aunque, matiza, no se est\u00e1 haciendo lo suficiente. Por su parte, Serrano asegura que antes de los seis a\u00f1os es muy dif\u00edcil de detectar un problema: \u201cPueden echarle un vistazo en Infantil y ver que no hay nada porque es muy peque\u00f1o, pero, a\u00f1os despu\u00e9s, en segundo de Primaria, cuando ya tienen que saber leer y escribir, s\u00ed descubren algo. Pero <a href=\"https:\/\/elpais.com\/elpais\/2018\/10\/15\/mamas_papas\/1539610580_799688.html\" data-link-track-dtm=\"\" data-mrf-link=\"https:\/\/elpais.com\/elpais\/2018\/10\/15\/mamas_papas\/1539610580_799688.html\">es muy complicado dar con un diagn\u00f3stico<\/a> a no ser que sea muy claro\u201d.<\/p>\n<p style=\"text-align: justify;\"><a class=\"a_md_a_n\" title=\"Ver todas las noticias de Roc\u00edo Campos Ram\u00edrez\" href=\"https:\/\/elpais.com\/autor\/rocio-campos-ramirez\/#?rel=author_top\" data-mrf-link=\"https:\/\/elpais.com\/autor\/rocio-campos-ramirez\/\"><strong>Roc\u00edo Campos Ram\u00edrez<\/strong><\/a><\/p>\n<p style=\"text-align: justify;\">FOTO: El aprendizaje de la lectura es un proceso lento que comienza desde el momento en el que se empieza a contar cuentos a los ni\u00f1os.<span class=\"a_m_m\">Catherine Falls Commercial (Getty Images)<\/span><\/p>\n<p style=\"text-align: justify;\">https:\/\/elpais.com\/mamas-papas\/actualidad\/2024-03-05\/la-mejor-forma-para-que-un-nino-aprenda-a-leer-con-paciencia-y-evitando-las-comparaciones.html<\/p>\n<div class=\"a_md _g _g-xs ni\">\n<div class=\"a_md_txt\">\n<div class=\"a_md_a\" style=\"text-align: justify;\" data-dtm-region=\"articulo_firma\">\u00a0<\/div>\n<\/div>\n<\/div>\n","protected":false},"excerpt":{"rendered":"<p>Aprender a leer es un proceso lento que empieza en Educaci\u00f3n Infantil, pero no tiene&#8230;<\/p>\n","protected":false},"author":1,"featured_media":67694,"comment_status":"closed","ping_status":"closed","sticky":false,"template":"","format":"standard","meta":{"_coblocks_attr":"","_coblocks_dimensions":"","_coblocks_responsive_height":"","_coblocks_accordion_ie_support":"","jetpack_post_was_ever_published":false,"_jetpack_newsletter_access":"","_jetpack_dont_email_post_to_subs":false,"_jetpack_newsletter_tier_id":0,"_jetpack_memberships_contains_paywalled_content":false,"_jetpack_memberships_contains_paid_content":false,"footnotes":"","jetpack_publicize_message":"","jetpack_publicize_feature_enabled":true,"jetpack_social_post_already_shared":true,"jetpack_social_options":{"image_generator_settings":{"template":"highway","default_image_id":0,"enabled":false},"version":2}},"categories":[187,44,6937],"tags":[],"class_list":["post-67693","post","type-post","status-publish","format-standard","has-post-thumbnail","hentry","category-centros-educativos","category-noticias-de-hoy","category-sociedad"],"jetpack_publicize_connections":[],"jetpack_featured_media_url":"https:\/\/i0.wp.com\/miradordeatarfe.es\/wp-content\/uploads\/2024\/03\/Screenshot-2024-03-07-at-10-33-55-La-mejor-forma-para-que-un-nino-aprenda-a-leer-con-paciencia-y-evitando-las-comparaciones.png?fit=703%2C659&ssl=1","jetpack_likes_enabled":true,"jetpack_sharing_enabled":true,"_links":{"self":[{"href":"https:\/\/miradordeatarfe.es\/index.php?rest_route=\/wp\/v2\/posts\/67693","targetHints":{"allow":["GET"]}}],"collection":[{"href":"https:\/\/miradordeatarfe.es\/index.php?rest_route=\/wp\/v2\/posts"}],"about":[{"href":"https:\/\/miradordeatarfe.es\/index.php?rest_route=\/wp\/v2\/types\/post"}],"author":[{"embeddable":true,"href":"https:\/\/miradordeatarfe.es\/index.php?rest_route=\/wp\/v2\/users\/1"}],"replies":[{"embeddable":true,"href":"https:\/\/miradordeatarfe.es\/index.php?rest_route=%2Fwp%2Fv2%2Fcomments&post=67693"}],"version-history":[{"count":2,"href":"https:\/\/miradordeatarfe.es\/index.php?rest_route=\/wp\/v2\/posts\/67693\/revisions"}],"predecessor-version":[{"id":67696,"href":"https:\/\/miradordeatarfe.es\/index.php?rest_route=\/wp\/v2\/posts\/67693\/revisions\/67696"}],"wp:featuredmedia":[{"embeddable":true,"href":"https:\/\/miradordeatarfe.es\/index.php?rest_route=\/wp\/v2\/media\/67694"}],"wp:attachment":[{"href":"https:\/\/miradordeatarfe.es\/index.php?rest_route=%2Fwp%2Fv2%2Fmedia&parent=67693"}],"wp:term":[{"taxonomy":"category","embeddable":true,"href":"https:\/\/miradordeatarfe.es\/index.php?rest_route=%2Fwp%2Fv2%2Fcategories&post=67693"},{"taxonomy":"post_tag","embeddable":true,"href":"https:\/\/miradordeatarfe.es\/index.php?rest_route=%2Fwp%2Fv2%2Ftags&post=67693"}],"curies":[{"name":"wp","href":"https:\/\/api.w.org\/{rel}","templated":true}]}}