{"id":67708,"date":"2024-03-09T11:53:30","date_gmt":"2024-03-09T10:53:30","guid":{"rendered":"https:\/\/miradordeatarfe.es\/?p=67708"},"modified":"2024-03-09T12:33:42","modified_gmt":"2024-03-09T11:33:42","slug":"atarfe-celebra-el-8m-y-reivindicca-una-sociedad-igualitaria","status":"publish","type":"post","link":"https:\/\/miradordeatarfe.es\/?p=67708","title":{"rendered":"ATARFE CELEBRA EL 8M Y REIVINDICA UNA SOCIEDAD IGUALITARIA"},"content":{"rendered":"<h3 style=\"text-align: justify;\">ACTO DEL AYUNTAMIENTO DE ATARFE CON PASACALLES Y CONCENTRACI\u00d3N Y EL D\u00cdA DE LAS MUJERES. FOTOS DEL EVENTO<\/h3>\n<p style=\"text-align: justify;\">El 8 de marzo, millones de mujeres de todo el mundo salen a las calles por y para la igualdad. Desde la celebraci\u00f3n de los derechos adquiridos, gracias a la lucha de muchas mujeres, las manifestaciones reclamar\u00e1n su consolidaci\u00f3n y la necesidad de seguir avanzando hacia una sociedad sin brechas de g\u00e9nero, una sociedad m\u00e1s igualitaria y, en definitiva, con mayor calidad democr\u00e1tica.<\/p>\n<p style=\"text-align: justify;\"><strong>Qu\u00e9 se celebra el 8 de marzo<\/strong><\/p>\n<p style=\"text-align: justify;\">Se trata de una reivindicaci\u00f3n de los derechos de las mujeres. De todas las mujeres. El objetivo es sensibilizar a la sociedad y potenciar la igualdad real de g\u00e9nero. As\u00ed, se reclama la reducci\u00f3n de las desigualdades de g\u00e9nero. En este sentido, en el 8M tambi\u00e9n se recuerda que las violencias contras las mujeres, en especial la violencia de g\u00e9nero y la violencia sexual, son la expresi\u00f3n m\u00e1s amarga de las sociedades machistas, con convicciones profundamente patriarcales.<\/p>\n<p style=\"text-align: justify;\">La manifestaci\u00f3n del 8M es una jornada de uni\u00f3n de las mujeres de todo el mundo, sin importar su procedencia, su raza, su profesi\u00f3n ni su nivel de ingresos. El 8M es una jornada de celebraci\u00f3n y tambi\u00e9n de lucha.<\/p>\n<p style=\"text-align: justify;\"><strong>Historia del d\u00eda de la mujer<\/strong><\/p>\n<p style=\"text-align: justify;\">El 8M como d\u00eda internacional de la mujer fue adoptado por la Asamblea General de la ONU en 1977, aunque dos a\u00f1os antes ya lo hab\u00eda empezado a conmemorar. Su origen est\u00e1 en las manifestaciones de las mujeres que, especialmente en Europa, reclamaban a comienzos del siglo XX el derecho al voto, mejores condiciones de trabajo y la igualdad entre mujeres y hombres.<\/p>\n<p style=\"text-align: justify;\"><strong>\u00bfPor qu\u00e9 se celebra en 8 de marzo?<\/strong><\/p>\n<p style=\"text-align: justify;\">Seg\u00fan argumenta Naciones Unidad, quien constituy\u00f3 el d\u00eda internacional hace 47 a\u00f1os, celebrar el 8 de marzo el d\u00eda de la mujer est\u00e1 estrechamente vinculado a los movimientos feministas durante la Revoluci\u00f3n Rusa de\u00a01917.<\/p>\n<p style=\"text-align: justify;\">Fue un 8 de marzo de 1917 (un 23 de febrero, seg\u00fan el calendario juliano que se utilizaba en Rusia), cuando las mujeres rusas se declararon en huelga, pidiendo <em>Pan y paz<\/em>. Cuatro d\u00edas despu\u00e9s, el zar se vio obligado a abdicar y el gobierno provisional concedi\u00f3 a las mujeres el derecho de voto<\/p>\n<p style=\"text-align: justify;\">REPORTAJE GR\u00c1FICO DEL 8M EN ATARFE:<\/p>\n<h2 style=\"text-align: justify;\"><a href=\"https:\/\/photos.app.goo.gl\/bLBGNDPFpF9wxrNq9\">https:\/\/photos.app.goo.gl\/bLBGNDPFpF9wxrNq9<\/a><\/h2>\n","protected":false},"excerpt":{"rendered":"<p>ACTO DEL AYUNTAMIENTO DE ATARFE CON PASACALLES Y CONCENTRACI\u00d3N Y EL D\u00cdA DE LAS MUJERES&#8230;.<\/p>\n","protected":false},"author":1,"featured_media":67713,"comment_status":"closed","ping_status":"closed","sticky":false,"template":"","format":"standard","meta":{"_coblocks_attr":"","_coblocks_dimensions":"","_coblocks_responsive_height":"","_coblocks_accordion_ie_support":"","jetpack_post_was_ever_published":false,"_jetpack_newsletter_access":"","_jetpack_dont_email_post_to_subs":false,"_jetpack_newsletter_tier_id":0,"_jetpack_memberships_contains_paywalled_content":false,"_jetpack_memberships_contains_paid_content":false,"footnotes":"","jetpack_publicize_message":"","jetpack_publicize_feature_enabled":true,"jetpack_social_post_already_shared":true,"jetpack_social_options":{"image_generator_settings":{"template":"highway","default_image_id":0,"enabled":false},"version":2}},"categories":[6916,187,14,44],"tags":[],"class_list":["post-67708","post","type-post","status-publish","format-standard","has-post-thumbnail","hentry","category-ayuntamiento-de-atarfe","category-centros-educativos","category-feminismo","category-noticias-de-hoy"],"jetpack_publicize_connections":[],"jetpack_featured_media_url":"https:\/\/i0.wp.com\/miradordeatarfe.es\/wp-content\/uploads\/2024\/03\/IMG20240308121113-scaled.jpg?fit=2560%2C1928&ssl=1","jetpack_likes_enabled":true,"jetpack_sharing_enabled":true,"_links":{"self":[{"href":"https:\/\/miradordeatarfe.es\/index.php?rest_route=\/wp\/v2\/posts\/67708","targetHints":{"allow":["GET"]}}],"collection":[{"href":"https:\/\/miradordeatarfe.es\/index.php?rest_route=\/wp\/v2\/posts"}],"about":[{"href":"https:\/\/miradordeatarfe.es\/index.php?rest_route=\/wp\/v2\/types\/post"}],"author":[{"embeddable":true,"href":"https:\/\/miradordeatarfe.es\/index.php?rest_route=\/wp\/v2\/users\/1"}],"replies":[{"embeddable":true,"href":"https:\/\/miradordeatarfe.es\/index.php?rest_route=%2Fwp%2Fv2%2Fcomments&post=67708"}],"version-history":[{"count":4,"href":"https:\/\/miradordeatarfe.es\/index.php?rest_route=\/wp\/v2\/posts\/67708\/revisions"}],"predecessor-version":[{"id":67712,"href":"https:\/\/miradordeatarfe.es\/index.php?rest_route=\/wp\/v2\/posts\/67708\/revisions\/67712"}],"wp:featuredmedia":[{"embeddable":true,"href":"https:\/\/miradordeatarfe.es\/index.php?rest_route=\/wp\/v2\/media\/67713"}],"wp:attachment":[{"href":"https:\/\/miradordeatarfe.es\/index.php?rest_route=%2Fwp%2Fv2%2Fmedia&parent=67708"}],"wp:term":[{"taxonomy":"category","embeddable":true,"href":"https:\/\/miradordeatarfe.es\/index.php?rest_route=%2Fwp%2Fv2%2Fcategories&post=67708"},{"taxonomy":"post_tag","embeddable":true,"href":"https:\/\/miradordeatarfe.es\/index.php?rest_route=%2Fwp%2Fv2%2Ftags&post=67708"}],"curies":[{"name":"wp","href":"https:\/\/api.w.org\/{rel}","templated":true}]}}