{"id":67714,"date":"2024-03-10T11:15:28","date_gmt":"2024-03-10T10:15:28","guid":{"rendered":"https:\/\/miradordeatarfe.es\/?p=67714"},"modified":"2024-03-09T13:16:54","modified_gmt":"2024-03-09T12:16:54","slug":"8m-reflexiones-imprescindibles-con-firma-de-mujer","status":"publish","type":"post","link":"https:\/\/miradordeatarfe.es\/?p=67714","title":{"rendered":"8M: Reflexiones imprescindibles con firma de mujer"},"content":{"rendered":"<h3 style=\"text-align: justify;\">En el D\u00eda Internacional de la Mujer, te ofrecemos el pensamiento, la reflexi\u00f3n sosegada y certera de diez mujeres imprescindibles.Entre ellas nuestra vecina PAQUI FUILLERAT P\u00c9REZ<\/h3>\n<p style=\"text-align: justify;\">Palabra de Mujer, en diez firmas, en nombre de todas. Para que sean escuchadas por mujeres y hombres, hoy y todos los d\u00edas. Con nuestro agradecimiento y admiraci\u00f3n.<\/p>\n<div id=\"main\">\n<div class=\"item\">\n<div class=\"cols2-2\">\n<div class=\"colA\">\n<div class=\"blq-img mainImg\" style=\"text-align: justify;\">\u00a0<\/div>\n<div class=\"cuerpo\">\n<h2 style=\"text-align: justify;\"><a href=\"http:\/\/www.elindependientedegranada.es\/ciudadania\/tiempo-reivindicacion-mas-feminismo\"><em>&#8216;Tiempo de reivindicaci\u00f3n y de m\u00e1s feminismo&#8217;<\/em><\/a><\/h2>\n<ul style=\"text-align: justify;\">\n<li>\n<h4>Teresa Jim\u00e9nez V\u00edlchez, vicepresidenta segunda del Parlamento de Andaluc\u00eda<\/h4>\n<\/li>\n<\/ul>\n<div class=\"media media-element-container media-default\" style=\"text-align: justify;\">\n<div id=\"file-63642\" class=\"file file-image file-image-jpeg\">\n<div class=\"content\"><img data-recalc-dims=\"1\" loading=\"lazy\" decoding=\"async\" class=\"media-element file-default\" src=\"https:\/\/i0.wp.com\/www.elindependientedegranada.es\/sites\/default\/files\/teresa_4.jpg?resize=640%2C472&#038;ssl=1\" alt=\"\" width=\"640\" height=\"472\" data-delta=\"9\" \/><\/div>\n<\/div>\n<\/div>\n<p style=\"text-align: justify;\">Celebrar el 8 de marzo es siempre una oportunidad para renovar ese compromiso firme con el feminismo -que va m\u00e1s all\u00e1 de un d\u00eda concreto porque atraviesa toda una vida- y hacerlo reflexionando sobre lo conseguido y reivindicando lo mucho que a\u00fan queda pendiente para alcanzar la igualdad real entre mujeres y hombres o, lo que es lo mismo, la democracia plena.<\/p>\n<p style=\"text-align: justify;\">Es saber que a\u00fan persisten, a pesar de los avances, brechas y lacras que golpean brutalmente a las mujeres como la violencia de g\u00e9nero, la desigualdad laboral, la infrarrepresentaci\u00f3n o las tareas siempre inconclusas de la conciliaci\u00f3n y la corresponsabilidad.\u00a0<\/p>\n<p style=\"text-align: justify;\">Pero celebrar el 8 de marzo de 2021 despu\u00e9s de casi un a\u00f1o de lucha contra la pandemia es recordar, adem\u00e1s, algo que las mujeres hemos aprendido a lo largo de nuestra historia: que las crisis conllevan retrocesos y recortes en todos los \u00e1mbitos y muy especialmente en los derechos de igualdad, como lo demuestra el discurso involucionista y retr\u00f3grado de la derecha m\u00e1s extrema.\u00a0<\/p>\n<p style=\"text-align: justify;\">El COVID-19 (me niego a que tambi\u00e9n le hayan puesto g\u00e9nero femenino) ha tra\u00eddo consigo, adem\u00e1s de mucho dolor, una insoportable precariedad laboral y una necesidad mayor de cuidados en el \u00e1mbito familiar que est\u00e1 obligando de nuevo a muchas mujeres a renunciar a su independencia y a sus sue\u00f1os al tener que elegir entre el desarrollo profesional y la vida personal y familiar. Y eso nos obliga y compromete a situar el feminismo entre las prioridades de todas las instituciones p\u00fablicas y tambi\u00e9n en las del conjunto de la sociedad para que la reconstrucci\u00f3n imprescindible a la que esta crisis nos obliga haga posible una Europa y una Espa\u00f1a m\u00e1s justas, inclusivas, sostenibles e igualitarias.\u00a0<\/p>\n<p class=\"sumari\" style=\"text-align: justify;\">Somos conscientes de que, ahora m\u00e1s que nunca, debemos seguir afianzando el camino de la igualdad, un camino en el que ya no estamos solas<\/p>\n<p style=\"text-align: justify;\">Este 8 de marzo las mujeres somos y nos sentimos, a pesar de las dificultades y los nuevos retos a los que nos enfrentamos, imprescindibles e imparables porque s\u00f3lo podremos superar esta pandemia si sumamos nuestra capacidad e inteligencia y porque somos conscientes de que, ahora m\u00e1s que nunca, debemos seguir afianzando el camino de la igualdad; un camino en el que ya no estamos solas, en el que nos acompa\u00f1an, adem\u00e1s de quienes creen en la democracia, la fuerza de nuestras convicciones y la certeza de que defendemos un mundo mejor para todas y todos.\u00a0<\/p>\n<p style=\"text-align: justify;\">Es el D\u00eda de las Mujeres: Es tiempo de reivindicaci\u00f3n y de m\u00e1s feminismo, sin culpa ni complejos, defendiendo los derechos y los avances que con tanto esfuerzo y con el esfuerzo de tantas hemos conquistado.<\/p>\n<h2 style=\"text-align: justify;\"><a href=\"http:\/\/www.elindependientedegranada.es\/ciudadania\/ojala-deje-ser-noticia-que-mujer-llegue-ser-rectora\"><em>&#8216;Ojal\u00e1 deje de ser noticia que una mujer llegue a ser rectora&#8217;<\/em><\/a><\/h2>\n<ul style=\"text-align: justify;\">\n<li>\n<h4>Pilar Aranda, rectora de la UGR<\/h4>\n<\/li>\n<\/ul>\n<div class=\"media media-element-container media-default\" style=\"text-align: justify;\">\n<div id=\"file-63599\" class=\"file file-image file-image-jpeg\">\n<div class=\"content\"><img data-recalc-dims=\"1\" loading=\"lazy\" decoding=\"async\" class=\"media-element file-default\" src=\"https:\/\/i0.wp.com\/www.elindependientedegranada.es\/sites\/default\/files\/pilararanda_0.jpg?resize=640%2C428&#038;ssl=1\" alt=\"\" width=\"640\" height=\"428\" data-delta=\"4\" \/><\/div>\n<\/div>\n<\/div>\n<p style=\"text-align: justify;\">Un a\u00f1o conmemoramos este 8 de Marzo, que debe ser un d\u00eda de reflexi\u00f3n y an\u00e1lisis, especialmente en los tiempos actuales, por la situaci\u00f3n de pandemia, muy duros para toda la ciudadan\u00eda pero especialmente para las mujeres, seg\u00fan recoge un informe de la ONU.\u00a0 En este sentido, quiero se\u00f1alar que desde la Universidad de Granada nuestro compromiso es grande, para poner el conocimiento y la formaci\u00f3n en el centro de toda la actividad acad\u00e9mica.<\/p>\n<p style=\"text-align: justify;\">Adem\u00e1s, es necesario seguir adoptando medidas de discriminaci\u00f3n positiva que permitan a las mujeres estar en los lugares de toma de decisiones. Cada vez hay m\u00e1s decanas, directoras de centro, directoras de departamento y responsables de grupo de investigaci\u00f3n. Poco a poco estamos avanzando pero ojal\u00e1 que una mujer llegue a ser rectora deje de ser noticia.\u00a0<\/p>\n<p class=\"sumari\" style=\"text-align: justify;\">La media de mujeres catedr\u00e1ticas en Espa\u00f1a es del 22%, mientras que en la Universidad de Granada esta cifra asciende al 26%. Queremos ser l\u00edderes en mujeres directoras de departamento, decanas y directoras de centro, y que \u00e9stas puedan formarse en aspectos de gesti\u00f3n<\/p>\n<p style=\"text-align: justify;\">La media de mujeres catedr\u00e1ticas en Espa\u00f1a es del 22%, mientras que en la Universidad de Granada esta cifra asciende al 26%. Queremos ser l\u00edderes en mujeres directoras de departamento, decanas y directoras de centro, y que \u00e9stas puedan formarse en aspectos de gesti\u00f3n.<\/p>\n<p style=\"text-align: justify;\">A\u00fan as\u00ed es necesario visibilizar el trabajo de las mujeres para que las j\u00f3venes tengan referentes. En la Universidad no podemos bajar la guardia, aunque haya un mayor porcentaje de chicas en las aulas, los hombres siguen predominando en las carreras STEM y las mujeres en las carreras de la Salud y las relacionadas con los cuidados.\u00a0<\/p>\n<p style=\"text-align: justify;\">Adem\u00e1s, estamos aplicando ya el segundo Plan de Igualdad, y trabajamos para incorporar la igualdad al Plan Estrat\u00e9gico de la Universidad de Granada, al Plan Director, y a los contratos programa de los departamentos y los centros con la propia instituci\u00f3n.<\/p>\n<p style=\"text-align: justify;\">Otro programa en el que estamos trabajando es el de la corresponsabilidad, que no conciliaci\u00f3n, porque parece que la \u00fanica que debe conciliar es la mujer y creo que hay que educar a los varones en la importancia que tiene su participaci\u00f3n en el mundo de los cuidados. La igualdad es tarea de todos y es necesario que los hombres se convenzan de ello.<\/p>\n<h2 style=\"text-align: justify;\"><a href=\"http:\/\/www.elindependientedegranada.es\/ciudadania\/doble-discriminacion-mujeres-discapacitadas\"><em>&#8216;La doble discriminaci\u00f3n de las mujeres discapacitadas&#8217;<\/em><\/a><\/h2>\n<ul style=\"text-align: justify;\">\n<li>\n<h4>Marta Castillo, presidenta de Cermi Andaluc\u00eda, Comit\u00e9 de Entidades Representantes de las Personas con Discapacidad<\/h4>\n<\/li>\n<\/ul>\n<div class=\"media media-element-container media-default\" style=\"text-align: justify;\">\n<div id=\"file-63600\" class=\"file file-image file-image-jpeg\">\n<div class=\"content\"><img data-recalc-dims=\"1\" loading=\"lazy\" decoding=\"async\" class=\"media-element file-default\" src=\"https:\/\/i0.wp.com\/www.elindependientedegranada.es\/sites\/default\/files\/martacastillo.jpg?resize=640%2C480&#038;ssl=1\" alt=\"\" width=\"640\" height=\"480\" data-delta=\"5\" \/><\/div>\n<\/div>\n<\/div>\n<p style=\"text-align: justify;\">Vivimos una celebraci\u00f3n del 8 de Marzo muy especial por la necesidad de reivindicar este a\u00f1o con m\u00e1s fuerza la igualdad y los derechos de las mujeres, que se han tornado mucho m\u00e1s fr\u00e1giles por los efectos provocados por la pandemia Covid.\u00a0<\/p>\n<p style=\"text-align: justify;\">La crisis actual nos lo ha puesto todo mucho m\u00e1s dif\u00edcil, una adversidad que se acrecienta con mayor intensidad en las mujeres con discapacidad, ya que sufrimos una doble discriminaci\u00f3n que complica m\u00e1s a\u00fan nuestra lucha por una igualdad y derechos plenos como cualquier mujer. As\u00ed, tenemos que soportar la discriminaci\u00f3n por el mero hecho de ser mujeres y sumar a ello la marginaci\u00f3n a\u00f1adida por nuestra discapacidad.\u00a0<\/p>\n<p style=\"text-align: justify;\">Las mujeres, en general, siempre tienen que estar demostrando sus cualidades, valores y capacidades en el desempe\u00f1o de su trabajo, una exigencia que se incrementa mucho m\u00e1s cuando ocupamos cargos de responsabilidad. Todo esto se multiplica en el caso de las mujeres con discapacidad y con ello se hace m\u00e1s cuesta arriba nuestra batalla por la igualdad.<\/p>\n<p style=\"text-align: justify;\">Las mujeres con discapacidad queremos tambi\u00e9n ser madres y para ello necesitamos que los servicios de salud reproductiva sean totalmente accesibles y cubran todas nuestras necesidades para contar con todo el apoyo que nos garantice este derecho.\u00a0<\/p>\n<p class=\"sumari\" style=\"text-align: justify;\">Somos conscientes de los avances y hay leyes que reflejan esas conquistas, pero muchas no se cumplen de manera efectiva<\/p>\n<p style=\"text-align: justify;\">Somos conscientes de los avances producidos en los \u00faltimos tiempos en ese gran reto de la igualdad y hay muchas leyes y normas que reflejan con claridad esas conquistas para las mujeres con discapacidad, que hoy disfrutamos de muchos derechos antes impensables. Pese a ello, muchas de esas normas no se cumplen de manera efectiva y nos queda todav\u00eda mucho por hacer y por avanzar para que esa igualdad se convierta en una realidad plena en la pr\u00e1ctica.\u00a0<\/p>\n<p style=\"text-align: justify;\">En ese desaf\u00edo contamos con la fuerza de las m\u00e1s de dos millones y medio de mujeres con discapacidad de toda Espa\u00f1a, decididas a seguir luchando de forma incansable por hacer valer nuestras reivindicaciones, que son de justicia. Exigimos que se nos escuche y que se cumplan nuestros derechos y aspiraciones, porque somos, por encima de nuestra discapacidad, mujeres.<\/p>\n<h2 style=\"text-align: justify;\"><a href=\"http:\/\/www.elindependientedegranada.es\/ciudadania\/participacion-mujeres-sociedad\"><em>&#8216;La participaci\u00f3n de las mujeres en la sociedad&#8217;<\/em><\/a><\/h2>\n<ul style=\"text-align: justify;\">\n<li>\n<h4>Paqui Fuillerat, presidenta del Colectivo Independiente de Mujeres de Granada<\/h4>\n<\/li>\n<\/ul>\n<div class=\"media media-element-container media-default\" style=\"text-align: justify;\">\n<div id=\"file-63613\" class=\"file file-image file-image-jpeg\">\n<h2 class=\"element-invisible\"><img data-recalc-dims=\"1\" loading=\"lazy\" decoding=\"async\" class=\"media-element file-default\" src=\"https:\/\/i0.wp.com\/www.elindependientedegranada.es\/sites\/default\/files\/paqui_fuillerat_.jpg?resize=500%2C500&#038;ssl=1\" alt=\"\" width=\"500\" height=\"500\" data-delta=\"8\" \/><\/h2>\n<\/div>\n<\/div>\n<p style=\"text-align: justify;\">Natalia, Paca, M\u00aa Angeles, Magda, Marina, Marga, Ana, Conchi, Mercedes, Paqui, Encarna, Reme, Maril\u00f3, Dolores, Pilar,\u00a0 Luisa, M\u00aa Angustias, Eva M\u00aa, To\u00f1i, Arancha, Mariola, Roc\u00edo, Sonia, Yolanda, Carmen, Ani, \u2026<\/p>\n<p style=\"text-align: justify;\">El listado ser\u00eda interminable. Sus caras me pasan por la imaginaci\u00f3n y me traen tantos recuerdos, tantas luchas, tantas emociones, tanta fuerza, tanta <strong>uni\u00f3n<\/strong>. Toda una vida ocup\u00e1ndonos de los problemas de las dem\u00e1s, de mejorar el mundo, empe\u00f1adas en derribar los numerosos obst\u00e1culos con los que tropezamos las <strong>mujeres<\/strong>, y que durante unos a\u00f1os, nosotras mismas nos cre\u00edmos que lo \u00edbamos a conseguir&#8230;.La <strong>igualdad<\/strong>. As\u00ed a secas. O si se prefiere la <strong>igualdad entre mujeres y hombres<\/strong>.<\/p>\n<p style=\"text-align: justify;\">El mundo de la Pol\u00edtica nos invitaba a participar, nos facilitaba las herramientas precisas para empoderarnos, reuniones interminables, jornadas provinciales, auton\u00f3micas, estatales&#8230;no nos cans\u00e1bamos, todo era aprender y avanzar, y avanzar. Y empezamos a constituir <strong>asociaciones de mujeres<\/strong>. Solo de mujeres, porque los hombres acostumbran a invadir y colonizar todos los sitios donde entran, y nosotras necesit\u00e1bamos espacios donde el control fuera nuestro, la palabra, la organizaci\u00f3n la planificaci\u00f3n el desarrollo de nuestros proyectos.<\/p>\n<p class=\"sumari\" style=\"text-align: justify;\">Las asociaciones de mujeres han sido y son la mejor escuela del aprendizaje para la participaci\u00f3n. Junto con la Educaci\u00f3n de Personas Adultas<\/p>\n<p style=\"text-align: justify;\">Han sido y son la mejor escuela del aprendizaje para la <strong>participaci\u00f3n<\/strong>. Junto con la <strong>Educaci\u00f3n de Personas Adultas<\/strong>, eran los \u201cpasaportes seguros\u201d para salir de las casa, dejar las faenas denominadas en el D.N.I. como \u201csus labores\u201d, colgarse el bolso o la cartera y salir a encontrarse con la vida, si con esa vida que parec\u00eda solo le pertenec\u00eda a los hombres.<\/p>\n<p style=\"text-align: justify;\">Entre los logros m\u00e1s significativos, yo destaco: las elevadas cifras de <strong>concejalas, alcaldesas, delegadas, diputadas, directoras<\/strong>, etc. Aunque existen otros resultados, m\u00e1s dif\u00edciles de computar, y no por ello menos importantes, como son los millones de mujeres que en estos 30 \u00faltimos a\u00f1os, han hecho realidad que la <strong>uni\u00f3n hace la fuerza<\/strong>, que era verdad aquello que nos dec\u00edan las <strong>\u201cmaestras feministas\u201d<\/strong> <strong>en las charlas de la Asociaci\u00f3n<\/strong>. <strong>Que el Art\u00edculo 14 y tambi\u00e9n el 9.2 de la Constituci\u00f3n Espa\u00f1ola iba por nosotras y nuestros derechos, a la emancipaci\u00f3n, a vivir en libertad, a decidir nuestro destino<\/strong>.<\/p>\n<p style=\"text-align: justify;\">Y aqu\u00ed seguimos, <strong>veteranas<\/strong>, cargadas de experiencia y deseosas de pasar el relevo a las m\u00e1s j\u00f3venes y de entregarles un legado, sin el cual, situaciones que hoy ya no se cuestionan, seguir\u00edan impidiendo que las mujeres fu\u00e9ramos due\u00f1as de nuestra vida. Nos estamos modernizando y adaptando a las nuevas formas de <strong>participaci\u00f3n<\/strong>. Nos integramos en Plataformas intergeneracionales feministas, porque m\u00e1s tarde o m\u00e1s temprano, siempre hace falta un C.I.F. Y unos <strong>estatutos<\/strong>, y en eso si que somos unas <strong>expertas<\/strong>.<\/p>\n<h2 style=\"text-align: justify;\"><a href=\"https:\/\/www.elindependientedegranada.es\/ciudadania\/mujeres-lengua\"><em>&#8216;Las mujeres y la lengua&#8217;<\/em><\/a><\/h2>\n<ul style=\"text-align: justify;\">\n<li>\n<h4>Isabel Daza, fil\u00f3loga<\/h4>\n<\/li>\n<\/ul>\n<div class=\"media media-element-container media-default\" style=\"text-align: justify;\">\n<div id=\"file-63660\" class=\"file file-image file-image-jpeg\">\n<h2 class=\"element-invisible\"><img data-recalc-dims=\"1\" loading=\"lazy\" decoding=\"async\" class=\"media-element file-default\" src=\"https:\/\/i0.wp.com\/www.elindependientedegranada.es\/sites\/default\/files\/isabel_daza.jpg?resize=640%2C504&#038;ssl=1\" alt=\"\" width=\"640\" height=\"504\" data-delta=\"14\" \/><\/h2>\n<\/div>\n<\/div>\n<p style=\"text-align: justify;\">Hace unos d\u00edas, le\u00eda con mis estudiantes el poema de Rosario Castellanos sobre la Malinche. El texto nos sit\u00faa exactamente en el momento en que Malinche, hija de un cacique asesinado, es vendida por su madre a los se\u00f1ores de Yucat\u00e1n que, vencidos por Hern\u00e1n Cort\u00e9s, se la ofrecen como parte del bot\u00edn conquistado. Sin embargo, Malinalli (nombre por el que tambi\u00e9n se la conoce), aunque educada en el silencio de la esclava, hablaba popoluca, nahualt, maya y no tard\u00f3 en aprender espa\u00f1ol. La int\u00e9rprete, la traductora, \u201cla lengua\u201d, como la llaman los c\u00f3dices, consigui\u00f3 cierta posici\u00f3n a cambio de su trabajo. Medi\u00f3 entre Moctezuma y Cort\u00e9s con el que, adem\u00e1s, tuvo un hijo antes de ser entregada como esposa a un noble espa\u00f1ol y bautizada como Do\u00f1a Marina.\u00a0<\/p>\n<p class=\"sumari\" style=\"text-align: justify;\">Malinche, como Eva, es la madre pero una madre que nos deja hu\u00e9rfanos por su traici\u00f3n. Su lengua es representada a menudo como la de una serpiente por su capacidad de desdoblarse en varias lenguas pero, sobre todo, por considerar que hay algo venenoso en toda mujer que como Eva desea o como Malinche habla<\/p>\n<p style=\"text-align: justify;\">Octavio Paz escribi\u00f3 sobre la tragedia del mestizaje, el trauma de ser hijos de una mujer violada. De ser bastardos, dir\u00e1 m\u00e1s tarde Mar\u00eda Galindo en su \u201cFeminismo urgente, \u00a1a despatriarcar!\u201d. E. Galeano alabar\u00e1 a la mujer inteligente que super\u00f3 su destino a partir de un saber propio pero, en la calle, el t\u00e9rmino `malinchista\u00b4, el que prefiere la cultura\u00a0 ajena en detrimento de la propia, deja claras las connotaciones negativas con las que esta mujer, maldici\u00f3n de la patria, ha pasado al imaginario colectivo.\u00a0 \u00a0<\/p>\n<p style=\"text-align: justify;\">Malinche encarna lo imposible del para\u00edso y, como Lilith, Eva o Pandora, su querer saber entra\u00f1a todos los males conocidos. Malinche, como Eva, es la madre pero una madre que nos deja hu\u00e9rfanos por su traici\u00f3n. Su lengua es representada a menudo como la de una serpiente por su capacidad de desdoblarse en varias lenguas pero, sobre todo, por considerar que hay algo venenoso en toda mujer que como Eva desea o como Malinche habla.\u00a0<\/p>\n<p style=\"text-align: justify;\">Ense\u00f1a Olalla Castro que \u201cen el principio fue la misoginia\u201d y \u00e9sta se estructura sobre una dicotom\u00eda b\u00e1sica; Mar\u00eda como el ideal inalcanzable de feminidad, \u201clo que toda mujer deber\u00eda ser\u201d, frente a la desobediente, lenguaraz y sexualmente insaciable Eva que es, al fin, una (mujer) cualquiera. Hadas, sirenas, brujas, vampiras, hist\u00e9ricas o la moderna femme fatale son, en suma, desdoblamientos de esta imagen pervertida y perversa que, en diferentes coyunturas hist\u00f3ricas, ha producido una idea determinada de las mujeres. Es sabido, el sue\u00f1o de la raz\u00f3n produce monstruos y la mujeres se han venido dibujando como lo otro de esa Raz\u00f3n (blanca, burguesa y patriarcal).<\/p>\n<p class=\"sumari\" style=\"text-align: justify;\">La historia del patriarcado, en el sistema feudal y en el capitalista, ha sido la historia de la usurpaci\u00f3n violenta de la tierra y de la violaci\u00f3n sistem\u00e1tica de las mujeres. Sin met\u00e1foras. De las hijas del Cid al Western americano, piensen ustedes cu\u00e1ntas veces nos lo han contado<\/p>\n<p style=\"text-align: justify;\">Por eso, los hombres hacen las guerras pero las mujeres las provocan en todos los relatos fundacionales. La historia del patriarcado, en el sistema feudal y en el capitalista, ha sido la historia de la usurpaci\u00f3n violenta de la tierra y de la violaci\u00f3n sistem\u00e1tica de las mujeres. Sin met\u00e1foras. De las hijas del Cid al Western americano, piensen ustedes cu\u00e1ntas veces nos lo han contado.\u00a0<\/p>\n<p style=\"text-align: justify;\">No obstante, y a pesar de los esfuerzos por silenciarnos, \u201cel \u00e1ngel del hogar\u201d del s. XIX lucha por dejar de ser \u201cuna raza sentada\u201d (cabe se\u00f1alar que las campesinas, jornaleras y obreras nunca lo fueron) para alzar la voz y la mirada. En el s. XX, el goce de la mujer, \u201cese insondable misterio\u201d a decir de Iris Zavala, irrumpe en la escena p\u00fablica dejando en el aire la pregunta para la que Sigmund Freud, seg\u00fan \u00e9l mismo reconoce, nunca tuvo respuesta: \u00bfQu\u00e9 quiere una mujer? La inc\u00f3gnita por excelencia de la modernidad. Lo que se dio en llamar \u201cel problema de la mujer\u201d nuclea a buena parte de nuestra intelectualidad (Ortega y Gasset o G. Mara\u00f1\u00f3n, etc) que no dudan en advertir del enorme peligro que supon\u00eda que las mujeres desearan transgredir el lugar que la sociedad les hab\u00eda asignado.\u00a0<\/p>\n<p style=\"text-align: justify;\">En 1932 y como consejera de la CNT, Federica Montseny en su gira por los pueblos de Andaluc\u00eda es recibida por los ni\u00f1os asombrados al grito de \u00a1Ah\u00ed va, ah\u00ed va la mujer que habla!. Una mujer que hablase no hab\u00eda dejado de ser un hecho sorprendente y nuevo. Esta incorporaci\u00f3n a la lengua, materializada en la toma de la palabra, escenifica esa precisa conquista, la conquista del espacio subjetivo.\u00a0<\/p>\n<p style=\"text-align: justify;\">Desde entonces, el hablar de las mujeres ha instaurado lo anti-can\u00f3nico, la anti-norma y ha hecho tambalearse los cimientos del poder que dice yo. Mas, la conquista de la subjetividad, reivindicaci\u00f3n por excelencia del feminismo cl\u00e1sico, es una conquista hermen\u00e9uticamente sospechosa pues no hay yo, en ninguna de sus muchas formulaciones, que no est\u00e9 segregado desde una estructura ideol\u00f3gica dominante y hegem\u00f3nica. Reivindicarse como sujetos, nos ense\u00f1\u00f3 \u00c1ngela Olalla, no es hacerlo como personas, como seres humanos. Tal vez, por eso, celebro ese salto que propone Cristina Morales; de bovaristas a bastardistas que a\u00fan hay mucho por despatriarcar.\u00a0<\/p>\n<p style=\"text-align: justify;\">Feliz d\u00eda de las mujeres hist\u00f3ricas.\u00a0\u00a0<\/p>\n<h2 style=\"text-align: justify;\"><a href=\"https:\/\/www.elindependientedegranada.es\/ciudadania\/compromiso-mujer-memoria\"><em>&#8216;Compromiso, Mujer y Memoria&#8217;<\/em><\/a><\/h2>\n<ul style=\"text-align: justify;\">\n<li>\n<h4>Jacqueline L\u00f3pez Ligero y Silvia Gonz\u00e1lez Alcalde, activistas del movimiento memorialista<\/h4>\n<\/li>\n<\/ul>\n<div class=\"media media-element-container media-default\" style=\"text-align: justify;\">\n<div id=\"file-63646\" class=\"file file-image file-image-jpeg\">\n<div class=\"content\"><img data-recalc-dims=\"1\" loading=\"lazy\" decoding=\"async\" class=\"media-element file-default\" src=\"https:\/\/i0.wp.com\/www.elindependientedegranada.es\/sites\/default\/files\/jacquelinelopez_silviagonzalez.jpg?resize=544%2C296&#038;ssl=1\" alt=\"\" width=\"544\" height=\"296\" data-delta=\"10\" \/><\/div>\n<\/div>\n<\/div>\n<div style=\"text-align: justify;\">\n<p>Este #8M no hemos querido hacer un art\u00edculo de investigaci\u00f3n sin m\u00e1s, es un d\u00eda de reivindicaci\u00f3n y hemos considerado oportuno hacer un breve an\u00e1lisis sobre la situaci\u00f3n de la mujer en varios aspectos relativos a la Memoria Hist\u00f3rica o Democr\u00e1tica y dar nuestra visi\u00f3n sobre ellos.\u00a0<\/p>\n<p>Siendo mujeres que hemos trabajado de forma constante el tema de la mujer represaliada no deja de sorprendernos la invisibilizaci\u00f3n a la que hemos sido sometidas las mujeres a lo largo de la historia, por parte de los historiadores (en su mayor\u00eda) a la hora de reconstruir el relato hist\u00f3rico, dentro de las organizaciones pol\u00edticas, y actualmente por el movimiento memorialista, ya que en su mayor\u00eda son espacios donde predomina la figura p\u00fablica masculina.<\/p>\n<p>Son muchas las causas por las que las mujeres, que tan importante papel desempe\u00f1aron en la lucha antifranquista, han sido minusvaloradas, invisibilizadas o incluso ignoradas. Sin duda una de ellas ha sido el enfoque a la hora de la reconstrucci\u00f3n del relato hist\u00f3rico.<\/p>\n<p>A la hora de abordar la represi\u00f3n franquista ha primado la \u00e9pica; hablar de mujeres antifascistas, mujeres comprometidas pol\u00edticamente, o las mujeres milicianas, dejando a un lado, o en un segundo orden al grupo mayoritariamente represaliado compuesto por las mujeres familiares de hombres del bando republicano, la mayor\u00eda de ellas de procedencia rural.<\/p>\n<p>Muchas de estas mujeres a pesar de todas las dificultades y en un medio rural que, la mayor\u00eda de las veces era m\u00e1s conservador, y en ausencia de verdaderas organizaciones pol\u00edticas, ya que casi todas hab\u00edan sido desmanteladas, fueron las que dieron un paso al frente comprometi\u00e9ndose en la lucha, siendo un factor fundamental en la vertebraci\u00f3n de la resistencia y ayuda a la Guerrilla.<\/p>\n<p><strong>Tambi\u00e9n es de justicia recordar el papel que en muchos lugares tuvieron las mujeres en la reconstrucci\u00f3n de las organizaciones antifranquistas en la clandestinidad.<\/strong><\/p>\n<p>Las experiencias de las mujeres en la resistencia antifranquista de posguerra son m\u00faltiples, pero todas ellas tienen elementos en com\u00fan: el peso de la represi\u00f3n, la continuaci\u00f3n de una tradici\u00f3n pol\u00edtica familiar, la responsabilidad asumida por las mujeres cuando hay un lazo de parentesco de por medio, la dificultad de integrar las organizaciones en pie de igualdad con los hombres y la tremenda voluntad de lucha y resistencia a pesar de esta u otras dificultades, como el miedo a la represi\u00f3n, la penuria econ\u00f3mica o las responsabilidades dom\u00e9sticas y familiares.<\/p>\n<p class=\"sumari\">No podemos decir que la historiograf\u00eda no se ha ocupado de la mujer, pero tambi\u00e9n es cierto que, en muchos casos, como el de la guerrilla, ha ocupado un lugar secundiario o invisibiliz\u00e1ndola por completo<\/p>\n<p>No podemos decir que la historiograf\u00eda no se ha ocupado de la mujer, pero tambi\u00e9n es cierto que, en muchos casos, como el de la guerrilla, ha ocupado un lugar secundario o invisibiliz\u00e1ndola por completo. La construcci\u00f3n del relato historiogr\u00e1fico sobre la Guerrilla, basado sobre todo en sus aspectos b\u00e9licos, dejando un lado aspectos sociales y culturales; es una de las causas de la casi total ausencia de perspectiva de g\u00e9nero y por tanto de la invisibilizaci\u00f3n tanto de las mujeres que se integraron en los grupos armados como tambi\u00e9n de aquellas, mucho m\u00e1s numerosas, que tuvieron un papel determinante en la estructuraci\u00f3n de las redes de apoyo y abastecimiento a la guerrilla. (En torno al 50 por ciento de los enlaces eran mujeres).<\/p>\n<p>Los enlaces han sido los m\u00e1s olvidados en la revisi\u00f3n hist\u00f3rica que se ha vivido en los \u00faltimos a\u00f1os en Espa\u00f1a. Y, de alguna manera, su hero\u00edsmo callado ha sido si cabe mayor que el de los que se echaban al monte. Porque si los que combat\u00edan al r\u00e9gimen franquista en las sierras de Espa\u00f1a ten\u00edan armas para defenderse, muchas veces mujeres y ni\u00f1os estaban indefensos ante la represi\u00f3n franquista.\u00a0<\/p>\n<p>La invisibilizaci\u00f3n de la mujer en la Guerrilla es una constante, quiz\u00e1s en este campo de la Memoria hist\u00f3rica m\u00e1s que en cualquier otro. Por poner un ejemplo: Varios historiadores han abordado la Huida de los 6 guerrilleros del VII Batall\u00f3n de la Agrupaci\u00f3n Guerrillera de Granada (AGG) a Francia, pero a excepci\u00f3n de Pascual Mart\u00ednez Mansilla en su libro \u201cLa Guerrilla el \u00fanico camino\u201d en homenaje a Miguel Salado, uno de los seis guerrilleros que emprenden la huida, no se ha profundizado en la figura de\u00a0<strong>Mar\u00eda Cecilia Cecilia<\/strong>, madre de este guerrillero, dos veces encarcelada, una en el a\u00f1o 1938, denunciada por colaboraci\u00f3n con los \u201cNi\u00f1os de la Noche\u201d y otra en el a\u00f1o 1947, denunciada por colaboraci\u00f3n con los Guerrilleros, tema que desarrollaremos en un pr\u00f3ximo trabajo que estamos realizando, dedicado a Mar\u00eda Cecilia Cecilia y a tantas otras mujeres, que bien por su colaboraci\u00f3n o por el simple hecho de ser familiares de guerrilleros se vieron sometidas a la m\u00e1s cruel represi\u00f3n, tanto institucional como sexual, ya que la mujer era objeto de una \u201cdoble represi\u00f3n\u201d.<\/p>\n<div class=\"divdest\">\n<div class=\"media media-element-container media-default\">\n<div id=\"file-63647\" class=\"file file-image file-image-jpeg\">\n<h2 class=\"element-invisible\"><img data-recalc-dims=\"1\" loading=\"lazy\" decoding=\"async\" class=\"media-element file-default\" src=\"https:\/\/i0.wp.com\/www.elindependientedegranada.es\/sites\/default\/files\/mariaceciliacecilia_0.jpg?resize=640%2C731&#038;ssl=1\" alt=\"\" width=\"640\" height=\"731\" data-delta=\"11\" \/><\/h2>\n<\/div>\n<\/div>\n<p><strong>Foto de Mar\u00eda Cecilia Cecilia, tomada del libro \u201cLa Guerrilla, el \u00fanico camino\u201d de Pascual Mart\u00ednez Mansilla.<\/strong><\/div>\n<div>La sexualidad fue utilizada como un arma de denigraci\u00f3n y represi\u00f3n por parte de las autoridades franquistas. Por lo anteriormente expuesto, creemos tan necesario hablar de los que huyeron para salvar la vida, como de las que se quedaron sufriendo lo indecible.<\/div>\n<div>\n<p class=\"sumari\">Adem\u00e1s de la violencia f\u00edsica que sufrieron las mujeres durante la represi\u00f3n, tambi\u00e9n es sumamente importante hablar de la violencia institucional. Inscribir a los fallecidos fue un suplicio, igual que hacer frente sin recursos a las incautaciones o atender a los encarcelados<\/p>\n<p>Adem\u00e1s de la violencia f\u00edsica que sufrieron las mujeres durante la represi\u00f3n, tambi\u00e9n es sumamente importante hablar de la violencia institucional que sufrieron las que perdieron la guerra, a las que se quedaron: \u201cno se les o las dejaba tranquilas\u201d. Inscribir a los fallecidos fue un suplicio, igual que hacer frente sin recursos a las incautaciones o atender a los encarcelados. Otra prueba m\u00e1s de la violencia institucional de la represi\u00f3n franquista sobre la mujer, violencia en todos su grados y \u00f3rdenes, fue la imposibilidad de solicitar cualquier tipo de prestaci\u00f3n o ayuda al Estado para poder subsistir, ya que no fue hasta principio de los 80 cuando las mujeres represaliadas, viudas de fusilados y combatientes, pueden tramitar la pensi\u00f3n de viudedad, lo que las obligaba a depender de sus hijas o familiares hasta recibir dicha ayuda. En el caso de ejecuciones extrajudiciales jam\u00e1s pudieron solicitar ayuda alguna.<\/p>\n<div class=\"divdest\">\n<div class=\"media media-element-container media-default\">\n<div id=\"file-63648\" class=\"file file-image file-image-jpeg\">\n<h2 class=\"element-invisible\"><img data-recalc-dims=\"1\" loading=\"lazy\" decoding=\"async\" class=\"media-element file-default\" src=\"https:\/\/i0.wp.com\/www.elindependientedegranada.es\/sites\/default\/files\/recorteprensa_mujeresrapadas_0.jpg?resize=511%2C847&#038;ssl=1\" alt=\"\" width=\"511\" height=\"847\" data-delta=\"12\" \/><\/h2>\n<\/div>\n<\/div>\n<p><strong>Foto de El Popular de M\u00e1laga de octubre de 1936 recogiendo la noticia de la huida de dos mujeres que fueron rapadas y maltratadas tras el asesinato de sus familiares. Recogidas y atendidas por las milicias, son conducidas a Colomera.<\/strong><\/div>\n<\/div>\n<div>\n<p>Otra de las cuestiones m\u00e1s perjudiciales en la reconstrucci\u00f3n del relato ha sido la reproducci\u00f3n sistem\u00e1tica de las causas del franquismo en muchos casos sin contextualizar o explicar con una visi\u00f3n cr\u00edtica los hechos, castigando y convirtiendo a las mujeres en \u201cv\u00edctimas de la experiencia vivida y a la vez culpables de ella\u201d de una manera vergonzosa.<\/p>\n<p>Finalmente, no deja de ser parad\u00f3jico que como podemos comprobar en el d\u00eda a d\u00eda que, mientras son mayor\u00eda las nietas y bisnietas guardianas de la memoria, siendo muchas mujeres las que trabajamos esta parte de la historia, nuestros compa\u00f1eros sigan, en su mayor\u00eda, repitiendo patrones de conductas patriarcales, releg\u00e1ndonos a un lugar secundario, y haya que repetir de forma machacona que no se pueden realizar reivindicaciones o representaciones sin una parte esencial del movimiento memorialista.\u00a0<\/p>\n<h3>Conclusiones<\/h3>\n<p>&#8211; La mujer tuvo una gran participaci\u00f3n e implicaci\u00f3n en la resistencia antifranquista, a pesar de que en la elaboraci\u00f3n del relato hist\u00f3rico no se las haya tratado con justicia.\u00a0<\/p>\n<p>&#8211; Nuestro compromiso con la Memoria y la Mujer es firme. Tenemos la certeza que conocer nuestro pasado en profundidad, nos ayuda a comprender el presente y la situaci\u00f3n actual de la mujer,\u00a0 y a luchar por un futuro m\u00e1s justo e igualitario.<\/p>\n<p><strong>Fuentes consultadas<\/strong><\/p>\n<ul>\n<li>Encarnaci\u00f3n Barranquero.<\/li>\n<li>Mercedes Yusta, \u201cHombres armados y mujeres invisibles. G\u00e9nero y sexualidad en la guerrilla antifranquista(1936-1952).<\/li>\n<li>Pascual Mart\u00ednez Mansilla, \u201cLa Guerrilla, el \u00fanico camino\u201d.<\/li>\n<\/ul>\n<\/div>\n<\/div>\n<h2 style=\"text-align: justify;\"><a href=\"https:\/\/www.elindependientedegranada.es\/ciudadania\/esenciales-0\"><em>&#8216;Esenciales&#8217;<\/em><\/a><\/h2>\n<ul style=\"text-align: justify;\">\n<li>\n<h4>Encarna Vargas Puga. Secretaria General UGT en el Ayuntamiento de Granada<\/h4>\n<\/li>\n<\/ul>\n<div class=\"media media-element-container media-default\" style=\"text-align: justify;\">\n<div id=\"file-63659\" class=\"file file-image file-image-jpeg\">\n<h2 class=\"element-invisible\"><img data-recalc-dims=\"1\" loading=\"lazy\" decoding=\"async\" class=\"media-element file-default\" src=\"https:\/\/i0.wp.com\/www.elindependientedegranada.es\/sites\/default\/files\/encarna_1.jpg?resize=640%2C359&#038;ssl=1\" alt=\"\" width=\"640\" height=\"359\" data-delta=\"13\" \/><\/h2>\n<\/div>\n<\/div>\n<p style=\"text-align: justify;\">Desde UGT en el Ayuntamiento de Granada queremos poner en valor nuestro compromiso con la igualdad entre las trabajadoras y los trabajadores. No solo por el hecho de que la desigualdad salarial y los datos sobre esta sean escandalosos (una brecha en torno a un 22,9 % de media, que pueden aumentar considerablemente si se tienen en cuenta variables como sector de actividad, edad, puestos directivos\u2026).\u00a0<\/p>\n<p style=\"text-align: justify;\">A todas ellas, que han puesto no solo el \u201ccuerpo\u201d, tambi\u00e9n \u201cel alma\u201d en la primera l\u00ednea de \u201cpelea\u201d. A todas ellas, que trabajan en sectores que est\u00e1n altamente feminizados y desarrollan su trabajo en condiciones laborales de gran precariedad<\/p>\n<p style=\"text-align: justify;\">No solo porque el 8 de marzo es el D\u00eda Internacional de las Mujeres, sino porque en UGT reconocemos el trabajo que realiza m\u00e1s del 50% de la poblaci\u00f3n y no debemos permitir la precariedad en la que se encuentran (mayores tasas de paro, mayor temporalidad, mayor parcialidad, menores salarios\u2026).\u00a0<\/p>\n<p style=\"text-align: justify;\">Por todo ello, tenemos que defender un trabajo digno para mujeres y hombres, tenemos las herramientas y las vamos a usar. Hay que desarrollar los planes de igualdad en las empresas, apoyar, difundir, trabajar por y para garantizar la igualdad de trato y de oportunidades entre hombres y mujeres en el empleo y en la ocupaci\u00f3n, los protocolos contra el acoso sexual y por raz\u00f3n de sexo.<\/p>\n<p class=\"sumari\" style=\"text-align: justify;\">Este 8 de marzo es importante visibilizar y hacer protagonistas a todas las trabajadoras, reconocer su trabajo y exigir mejoras en las condiciones laborales<\/p>\n<p style=\"text-align: justify;\">Este 8 de marzo es importante visibilizar y hacer protagonistas a todas las trabajadoras, reconocer su trabajo y exigir mejoras en las condiciones laborales. A todas ellas, que han sido Esenciales, como siempre, a lo largo de este \u00faltimo a\u00f1o de pandemia, donde si cabe, las condiciones laborales han sido mucho m\u00e1s dif\u00edciles. A todas ellas, que han puesto no solo el \u201ccuerpo\u201d, tambi\u00e9n \u201cel alma\u201d en la primera l\u00ednea de \u201cpelea\u201d. A todas ellas, que trabajan en sectores que est\u00e1n altamente feminizados y desarrollan su trabajo en condiciones laborales de gran precariedad.<\/p>\n<p style=\"text-align: justify;\">A todas ellas, con todas ellas y por todas ellas, seguiremos poniendo todo nuestro esfuerzo para frenar el ataque a nuestras conquistas. Ataque que lo es a la calidad de la democracia y sus valores: libertad, igualdad, justicia, solidaridad y rechazo de la violencia.<\/p>\n<h2 style=\"text-align: justify;\"><em>&#8216;<a href=\"https:\/\/www.elindependientedegranada.es\/ciudadania\/todas-cogidas-mano-luchando-igualdad\">Todas, cogidas de la mano, luchando por la igualdad&#8217;<\/a><\/em><\/h2>\n<ul style=\"text-align: justify;\">\n<li>\n<h4>Carmen Caballos, activista por los derechos humanos<\/h4>\n<\/li>\n<\/ul>\n<div class=\"media media-element-container media-default\" style=\"text-align: justify;\">\n<div id=\"file-63601\" class=\"file file-image file-image-jpeg\">\n<div class=\"content\"><img data-recalc-dims=\"1\" loading=\"lazy\" decoding=\"async\" class=\"media-element file-default\" src=\"https:\/\/i0.wp.com\/www.elindependientedegranada.es\/sites\/default\/files\/carmencaballosdiamarianapineda.jpg?resize=640%2C480&#038;ssl=1\" alt=\"\" width=\"640\" height=\"480\" data-delta=\"6\" \/><\/div>\n<\/div>\n<\/div>\n<p style=\"text-align: justify;\">Cuando pienso en el D\u00eda de la Mujer, acude a mi mente de inmediato que es el d\u00eda de mujeres muy concretas con las que me encuentro d\u00eda a d\u00eda y con las que quisiera compartir el siguiente deseo para conseguir una sociedad realmente igualitaria&#8230;<\/p>\n<p style=\"text-align: justify;\">&#8230;Mujeres inmigrantes temporeras, trabajadoras del servicio dom\u00e9stico con horarios interminables, camareras de pisos, mujeres deterioradas por a\u00f1os de sufrimiento que viven, duermen y mueren en nuestras calles, mujeres roma intentando sobrevivir en una sociedad hostil muy diferente a la suya, mujeres con cargas familiares en paro de larga duraci\u00f3n, trabajadoras del sexo, mujeres maltratadas invisibilizadas, mujeres en prisi\u00f3n, mujeres refugiadas&#8230; Todas las mujeres granadinas, cogidas de la mano y codo a codo, luchando por la igualdad.<\/p>\n<p style=\"text-align: justify;\">\u00a0<\/p>\n<h2 style=\"text-align: justify;\"><a href=\"http:\/\/www.elindependientedegranada.es\/ciudadania\/urgente-necesidad-agenda-feminista\"><em>&#8216;La urgente necesidad de una agenda feminista&#8217;<\/em><\/a><\/h2>\n<div>\n<ul style=\"text-align: justify;\">\n<li>\n<h4>Emilia Barrio Rodr\u00edguez. Historiadora, Feminista y Vicepresidenta del Consejo Municipal de la Mujer<\/h4>\n<\/li>\n<\/ul>\n<div class=\"media media-element-container media-default\" style=\"text-align: justify;\">\n<div id=\"file-63539\" class=\"file file-image file-image-jpeg\">\n<div class=\"content\"><img data-recalc-dims=\"1\" loading=\"lazy\" decoding=\"async\" class=\"media-element file-default\" src=\"https:\/\/i0.wp.com\/www.elindependientedegranada.es\/sites\/default\/files\/emilia_2.jpg?resize=500%2C461&#038;ssl=1\" alt=\"\" width=\"500\" height=\"461\" data-delta=\"3\" \/><\/div>\n<\/div>\n<\/div>\n<p style=\"text-align: justify;\">El 8 de marzo se conmemora el D\u00eda Internacional de las Mujeres. Aunque inicialmente comenz\u00f3 como una lucha obrera de las mujeres, hist\u00f3ricamente se han ido ampliando sus demandas.<\/p>\n<p style=\"text-align: justify;\">Este d\u00eda fue institucionalizado por la ONU en 1975. Con ello se oficializaron las reivindicaciones de las mujeres por la igualdad de oportunidades respecto de los hombres.<\/p>\n<p style=\"text-align: justify;\">De acuerdo con la ONU, el objetivo principal de la conmemoraci\u00f3n del D\u00eda Internacional de las Mujeres es la b\u00fasqueda de la igualdad y la no discriminaci\u00f3n por raz\u00f3n de sexo.\u00a0<\/p>\n<p class=\"sumari\" style=\"text-align: justify;\">Con las luchas colectivas de las mujeres, hemos ido abriendo espacios y consiguiendo cambiar las mentalidades, as\u00ed como ampliando derechos para mejorar nuestras vidas, pero no todos los derechos ni para todas las mujeres, porque nuestras vidas siguen marcadas por las desigualdades basadas en el sexo, la clase social y la raza, as\u00ed como vivir en pa\u00edses con mayor o menor estados del bienestar<\/p>\n<p style=\"text-align: justify;\">Con las luchas colectivas de las mujeres, hemos ido abriendo espacios y consiguiendo cambiar las mentalidades, as\u00ed como ampliando derechos para mejorar nuestras vidas, pero no todos los derechos ni para todas las mujeres, porque nuestras vidas siguen marcadas por las desigualdades basadas en el sexo, la clase social y la raza, as\u00ed como vivir en pa\u00edses con mayor o menor estados del bienestar. Las violencias machistas, la precariedad laboral -por procesos de exclusi\u00f3n derivados de nuestros empleos- la expulsi\u00f3n de nuestras viviendas, el racismo y la no corresponsabilidad de los hombres ni del Estado en los trabajos de cuidados, son los efectos de sociedades patriarcales que nos consideran a las mujeres ciudadanas de segundo orden.<\/p>\n<p style=\"text-align: justify;\">Durante la pandemia, hemos constatado que los servicios esenciales -en los que mayoritariamente trabajamos las mujeres- han sido fundamentales para dar respuesta a las necesidades b\u00e1sicas de supervivencia. Hemos estado en primera fila en salud, educaci\u00f3n de nuestros ni\u00f1os y ni\u00f1as confinadas, en atenci\u00f3n a dependientes, en alimentaci\u00f3n, limpiezas y cuidados dentro y fuera de los hogares. Tambi\u00e9n hemos sufrido y sobrevivido a situaciones de violencia durante el confinamiento y a una crisis de los cuidados, que se han visto aumentados por el teletrabajo y otros factores que afectan de forma espec\u00edfica a las mujeres mayores por la debilidad de las redes de asistencia por parte de sus familiares y miedo al contagio. Adem\u00e1s, en los centros de d\u00eda y centros de salud, no han podido compensar dicha p\u00e9rdida con el uso de nuevas tecnolog\u00edas por la gran dificultad que suponen para el colectivo de mayores. Toda esta realidad, ha aumentado los efectos psicol\u00f3gicos da\u00f1inos de una soledad no deseada.<\/p>\n<p class=\"sumari\" style=\"text-align: justify;\">Con un enfoque feminista, debemos velar para que las brechas entre mujeres y hombres desaparezcan, pero han aumentado porque las sociedades patriarcales no est\u00e1n preparadas para compensar el impacto de una crisis sobre las mujeres, atravesada por los tipos de empleo, la etnia, la vivencia de violencias m\u00faltiples, tener hijas e hijos a nuestro cargo, padecer alguna discapacidad, edad y pa\u00edses de procedencia<\/p>\n<p style=\"text-align: justify;\">Con un enfoque feminista, debemos velar para que las brechas entre mujeres y hombres desaparezcan, pero han aumentado porque las sociedades patriarcales no est\u00e1n preparadas para compensar el impacto de una crisis sobre las mujeres, atravesada por los tipos de empleo, la etnia, la vivencia de violencias m\u00faltiples, tener hijas e hijos a nuestro cargo, padecer alguna discapacidad, edad y pa\u00edses de procedencia.<\/p>\n<p style=\"text-align: justify;\">El Ocho de Marzo, y todos los d\u00edas del a\u00f1o, apelamos a la conciencia de toda la sociedad para la consecuci\u00f3n de la Igualdad real, por eso, tenemos que conocer todas estas situaciones: analizar el impacto econ\u00f3mico, social y emocional que ha producido esta crisis en las mujeres para poder aplicar acciones concretas desde todos los \u00e1mbitos institucionales.<\/p>\n<p style=\"text-align: justify;\">Las pol\u00edticas p\u00fablicas deben procurar planes de acci\u00f3n contra la crisis en tiempos de pandemia, y deben ser transversales. Citar\u00e9 algunos de los ejes fundamentales:<\/p>\n<p style=\"text-align: justify;\"><strong>1.- Violencias contra las mujeres: prevenci\u00f3n, protecci\u00f3n social y garant\u00eda de derechos fundamentales.<\/strong><\/p>\n<p style=\"text-align: justify;\">Desde la aparici\u00f3n del coronavirus, la pandemia nos ha golpeado con extraordinaria dureza. En los dos primeros meses de confinamiento, las llamadas al 016 -tel\u00e9fono de atenci\u00f3n para las v\u00edctimas de violencia machista- aumentaron un 60%, evidencia del terror de quienes se vieron obligadas a encerrarse con sus maltratadores.<\/p>\n<p style=\"text-align: justify;\">Ante el previsible aumento de las violencias hacia las mujeres, reivindicamos:<\/p>\n<ul style=\"text-align: justify;\">\n<li>Que se consideren las violencias hacia las mujeres como una cuesti\u00f3n que ata\u00f1e a toda la sociedad, que se tengan en cuenta sus distintas causas y dimensiones, acabando con aquellas que sufrimos cotidianamente en todos los \u00e1mbitos y espacios vitales (hogar, trabajo, espacios p\u00fablicos, pareja, familia, entorno laboral, sociedad e instituciones del Estado).\u00a0<\/li>\n<li>Que haya cambios culturales en las ideas, actitudes, relaciones, imaginario colectivo\u2026que incluya una ciudad amable que contemple los espacios y tiempos p\u00fablicos con perspectiva de g\u00e9nero.<\/li>\n<li>Que la justicia haga su trabajo desde el compromiso \u00e9tico-constitucional de la igualdad y deje de aplicar la l\u00f3gica patriarcal para que las leyes contra las violencias machistas se apliquen de forma justa y sean efectivas para la protecci\u00f3n, reparaci\u00f3n y justicia hacia las v\u00edctimas de estas violencias<\/li>\n<\/ul>\n<p style=\"text-align: justify;\">Para ello, es necesario el acompa\u00f1amiento y protecci\u00f3n a las mujeres v\u00edctimas de violencia machista, formaci\u00f3n para todos los agentes implicados, creaci\u00f3n de juzgados especializados y unidades de valoraci\u00f3n forense integrales.\u00a0<\/p>\n<p style=\"text-align: justify;\"><strong>2.- Coeducaci\u00f3n: Educar en Igualdad es una tarea que compete a toda la sociedad.\u00a0<\/strong><\/p>\n<p style=\"text-align: justify;\">El sexismo es la discriminaci\u00f3n de personas de un sexo por considerarlo inferior al otro. Alude a un conjunto de nociones, expresiones y pr\u00e1cticas sociales que, con base en la diferencia sexual, legitima y afianza la desigualdad social entre las personas.<\/p>\n<p style=\"text-align: justify;\">Lo contrario al sexismo es la coeducaci\u00f3n, que supone desterrar los roles impuestos socialmente. Para ello, hay que identificar nuestros propios sesgos, cuestionar y reflexionar sobre los modelos sociales que tenemos alrededor y los valores que transmitimos para conducirnos a la acci\u00f3n promotora de la igualdad. Todas las personas que participamos en la vida de nuestra infancia, tenemos la responsabilidad y el compromiso de educarlos en igualdad para lograr que participen de una ciudadan\u00eda plena en derechos y libertades.<\/p>\n<p style=\"text-align: justify;\">La coeducaci\u00f3n, por tanto, es labor de todos los agentes sociales: familias, escuelas, medios de comunicaci\u00f3n\u2026 para conseguir una sociedad libre de roles sexistas y para la prevenci\u00f3n de la violencia contra las mujeres y las ni\u00f1as. El objetivo es la despatriarcalizaci\u00f3n social, incluyendo como agente socializador fundamental a todo el Sistema Educativo.<\/p>\n<p class=\"sumari\" style=\"text-align: justify;\">Rechazamos tajantemente todo intento de invisibilizar el sexo como eje de opresi\u00f3n, as\u00ed como los intentos de pulverizar el significado de la palabra \u201cmujer\u201d<\/p>\n<p style=\"text-align: justify;\">La educaci\u00f3n afectivo-sexual est\u00e1 contemplada en el curr\u00edculo escolar; debe ser integral, libre de estereotipos sexistas y sin catalogar a la infancia en categor\u00edas ni orientaciones sexuales preestablecidas y propias de personas adultas.<\/p>\n<p style=\"text-align: justify;\">Por todo lo dicho, rechazamos tajantemente todo intento de invisibilizar el sexo como eje de opresi\u00f3n, as\u00ed como los intentos de pulverizar el significado de la palabra \u201cmujer\u201d.<\/p>\n<p style=\"text-align: justify;\">La prevenci\u00f3n de la violencia machista pasa por promover, en las diferentes etapas educativas, espacios de formaci\u00f3n y reflexi\u00f3n con el objetivo de concienciar al alumnado de la aceptaci\u00f3n propia y del otro, as\u00ed como aprender a reconocer las actitudes violentas y erradicarlas. Debemos garantizar que nuestra infancia y juventud sean formadas en un sistema de valores, comportamientos, normas y expectativas que no est\u00e9n jerarquizados en funci\u00f3n del sexo, valorando y respetando las diferencias individuales y cualidades personales.<\/p>\n<p style=\"text-align: justify;\">Para ello, demandamos una formaci\u00f3n y compromiso de toda la sociedad para que todos los espacios educativos est\u00e9n libres de sexismo, as\u00ed como un Pacto no Sexista de los Medios de Comunicaci\u00f3n para eliminar el sexismo en la publicidad, en las series infantiles y resto de producciones audiovisuales que vayan dirigidas a nuestra infancia y juventud.<\/p>\n<p style=\"text-align: justify;\">Vindicamos el valor de nuestra aportaci\u00f3n al acervo com\u00fan en la creaci\u00f3n y el conocimiento. Es una gran misi\u00f3n de rescate colocar a las viejas maestras en las p\u00e1ginas de la historia, abrir los c\u00e1nones de la academia y verlas como referentes. El reconocimiento del talento de las mujeres tambi\u00e9n es hacer justicia y reparaci\u00f3n.\u00a0 Es preciso, adem\u00e1s, hacer cumplir la Ley de Igualdad, con la presencia equitativa de ambos sexos en los espacios de poder p\u00fablicos y privados.<\/p>\n<p style=\"text-align: justify;\"><strong>3.- Feminizaci\u00f3n de la pobreza durante el confinamiento<\/strong><\/p>\n<p style=\"text-align: justify;\">Con el aumento del paro, las redes familiares tienen menos capacidad de respuesta econ\u00f3mica; es necesario atender a las personas m\u00e1s necesitadas de protecci\u00f3n, y las mujeres somos mayor\u00eda en todas las categor\u00edas excluidas de dicha protecci\u00f3n.\u00a0<\/p>\n<p style=\"text-align: justify;\">Las mujeres padecemos m\u00e1s paro, precariedad y discriminaci\u00f3n laboral -como la brecha salarial- que se ha agravado durante la Pandemia. Es imprescindible, por tanto, romper la divisi\u00f3n sexual del trabajo incorporando la realizaci\u00f3n de los trabajos no remunerados invisibles e ilegales, mayoritariamente desarrollados por mujeres. Toda esta realidad, produce un impacto mucho mayor en las mujeres con discapacidad y mujeres migrantes.\u00a0<\/p>\n<p class=\"sumari\" style=\"text-align: justify;\">Las mujeres ganamos al a\u00f1o casi 6.000 euros menos que los hombres. Tenemos la mayor parte de contratos a tiempo parcial y una tasa de paro casi diez puntos m\u00e1s alta que los varones. Somos el m\u00e1ximo exponente de la precariedad en nuestro pa\u00eds, porque el patriarcado y el capitalismo se aseguran de mantenernos con las peores condiciones laborales y con la carga casi en exclusiva de los cuidados y las tareas del hogar<\/p>\n<p style=\"text-align: justify;\">Las mujeres ganamos al a\u00f1o casi 6.000 euros menos que los hombres. Tenemos la mayor parte de contratos a tiempo parcial y una tasa de paro casi diez puntos m\u00e1s alta que los varones. Somos el m\u00e1ximo exponente de la precariedad en nuestro pa\u00eds, porque el patriarcado y el capitalismo se aseguran de mantenernos con las peores condiciones laborales y con la carga casi en exclusiva de los cuidados y las tareas del hogar.<\/p>\n<p style=\"text-align: justify;\">Adem\u00e1s, las pensiones de los hombres ser\u00e1n superiores a las de las mujeres (m\u00e1s del 50%). Con esta crudeza, muestran las estad\u00edsticas c\u00f3mo se acumulan en nuestra vejez las desigualdades por el hecho de nacer mujeres. Curiosamente, se nos otorga un menor derecho a ser cuidadas por una sociedad que, parad\u00f3jicamente, nos reserva para ser cuidadoras.<\/p>\n<p style=\"text-align: justify;\">En otro terreno, es muy relevante saber de primera mano la verg\u00fcenza que se experimenta cuando se acude a C\u00e1ritas, Cruz Roja o en el momento de formar colas para acceder al Banco de Alimentos. \u00bfHabr\u00edamos imaginado lo que significa pedir ayuda y arrastrar un sentimiento de humillaci\u00f3n? Reconocer esa pobreza, lleva consigo la culpabilidad, como si esta situaci\u00f3n fuera una prueba del fracaso personal y no un fallo estructural de nuestras econom\u00edas y los d\u00e9ficits en la protecci\u00f3n social. Por eso:<\/p>\n<ul style=\"text-align: justify;\">\n<li>La administraci\u00f3n debe tener un censo de personas vulnerables y un fondo de ayudas para la situaci\u00f3n de emergencia alimentaria y habitacional ante la pobreza agravada por la pandemia.\u00a0<\/li>\n<li>Exigimos que se visibilice y reconozca el valor y dignidad del trabajo de los hogares y de cuidados que realizamos las mujeres, los derechos de quienes los realizamos y que se asuma la corresponsabilidad por parte de los hombres, la sociedad y el Estado.<\/li>\n<li>Para que podamos tener vidas dignas, las Administraciones P\u00fablicas deben garantizar de forma irrenunciable y prioritaria los servicios p\u00fablicos y de protecci\u00f3n social: sanidad, educaci\u00f3n, servicios sociales, ayuda a la dependencia y acceso a la vivienda social.<\/li>\n<\/ul>\n<p style=\"text-align: justify;\"><strong>4.- Mercantilizaci\u00f3n de nuestros cuerpos<\/strong><\/p>\n<p style=\"text-align: justify;\">En la realidad actual, comprobamos que los cuerpos de las mujeres se est\u00e1n fragmentando para los fines de explotaci\u00f3n en un patriarcado global: el transhumanismo secciona nuestros cuerpos para el mercado y nos deshumaniza.<\/p>\n<p style=\"text-align: justify;\">Existen los \u201ccuerpos objeto\u201d para la publicidad sexista que constituyen una proyecci\u00f3n magnificada de \u201clo otro\u201d sexual, cultural, \u00e9tnico, etc. que mueve a nivel transnacional redes de prostituci\u00f3n, tr\u00e1fico de personas y pornograf\u00eda, con beneficios extraordinarios para los responsables directos de esos negocios.<\/p>\n<p style=\"text-align: justify;\">Los \u00e9xodos migratorios son consecuencia de la extrema pobreza de las mujeres en los pa\u00edses de origen. La prostituci\u00f3n se nutre mayoritariamente de la trata de mujeres, ni\u00f1as y ni\u00f1os. Es uno de los delitos m\u00e1s comunes, que mueve mayor cantidad de dinero en todo el mundo tras el del tr\u00e1fico de drogas y de armas.\u00a0<\/p>\n<p style=\"text-align: justify;\">La pandemia pone a\u00fan m\u00e1s en evidencia que las mujeres en situaci\u00f3n de prostituci\u00f3n somos las esclavas del siglo XXI. Varias organizaciones feministas han detectado que, durante el confinamiento, el 80% de los pisos donde se las explota, han seguido en activo. Las medidas anunciadas por el Gobierno apenas fueron parches y no han llegado a las v\u00edctimas. La mayor\u00eda de esas mujeres, en situaci\u00f3n irregular, no conocen sus derechos ni tienen acceso a la salud, ahora bajo mayores riesgos personales y de contagio.<\/p>\n<p style=\"text-align: justify;\">Estas son ofensivas del machismo sin fronteras, pero hay mucho m\u00e1s. Los vientres de alquiler se producen por la utilizaci\u00f3n de los cuerpos de mujeres pobres en los pa\u00edses de origen para el mercado de venta de beb\u00e9s destinados a personas que pueden pagar a las empresas que se lucran con estos negocios.<\/p>\n<p style=\"text-align: justify;\">Proponemos abolir la pornograf\u00eda, los vientres de alquiler y la prostituci\u00f3n porque son violaciones de los derechos humanos que atacan no s\u00f3lo la libertad y dignidad de mujeres y ni\u00f1as, sino tambi\u00e9n su integridad f\u00edsica y emocional.\u00a0<\/p>\n<p style=\"text-align: justify;\">En cuanto a las pol\u00edticas de igualdad del \u00e1mbito municipal, se deber\u00edan ejecutar las siguientes medidas:<\/p>\n<ul style=\"text-align: justify;\">\n<li>Combatir la hipersexualizaci\u00f3n de las ni\u00f1as para no encasillarlas en identidades sexuales propias de personas adultas y que la pornograf\u00eda no sea escuela de violencia sexual.<\/li>\n<li>Sensibilizaci\u00f3n social para modificar la percepci\u00f3n que tenemos ante la prostituci\u00f3n y obtener una repulsa social del comercio sexual y de los proxenetas.<\/li>\n<li>Formaci\u00f3n para la prevenci\u00f3n y atenci\u00f3n a las personas profesionales que atienden a mujeres que ejercen la prostituci\u00f3n.<\/li>\n<li>Que se persigan estos delitos poniendo el foco en los demandantes de prostituci\u00f3n y a los proxenetas responsables ante la justicia.<\/li>\n<li>Programa de Atenci\u00f3n Integral a la Mujer prostituida: una alternativa encaminada a promover el abandono de dicho ejercicio. Estos programas, deben incluir sanaci\u00f3n ps\u00edquica y f\u00edsica, acompa\u00f1amiento, medidas de formaci\u00f3n, inserci\u00f3n laboral, acceso a subsidios, acceso a vivienda y acciones de informaci\u00f3n y asesoramiento sobre los recursos existentes.<\/li>\n<\/ul>\n<p style=\"text-align: justify;\">Las mujeres somos necesarias, hoy m\u00e1s que nunca, como trabajadoras y como ciudadanas. A diferencia de otras crisis, en las que tambi\u00e9n se nos presion\u00f3 a las mujeres para que nos retir\u00e1ramos del mercado de trabajo, hoy estamos preparadas para resistir. Hemos adquirido derechos civiles y un alto grado de formaci\u00f3n. Hemos demostrado nuestra competencia para desempe\u00f1ar todo tipo de profesiones, para dirigir bancos y pa\u00edses, para participar en todos los deportes y actividades, para producir conocimientos con excelencia. Muchas familias dependen de los salarios femeninos y, adem\u00e1s, las mujeres desempleadas tienen mayor nivel educativo que los hombres desempleados. Por otro lado, los hombres son necesarios, m\u00e1s que nunca, para arrimar el hombro en las tareas de cuidados y convencer a los dem\u00e1s hombres para que abandonen sus privilegios como hombres y hagan de la Igualdad su pr\u00e1ctica cotidiana: esa es la tarea principal que tienen quienes se acercan al Feminismo y se comprometen con \u00e9l.\u00a0<\/p>\n<p style=\"text-align: justify;\">Hoy, a diferencia de otras \u00e9pocas, sabemos que ninguna diferencia biol\u00f3gica justifica la exclusi\u00f3n de las mujeres del empleo, de la pol\u00edtica, del ocio\u2026ni la de los hombres en los trabajos de cuidados. Equilibremos la balanza y que nadie nos desv\u00ede de nuestra agenda feminista.<\/p>\n<ul>\n<li>\n<div class=\"blq-img mainImg\">\n<div class=\"img\">\u00a0<\/div>\n<div class=\"txt\">\n<div class=\"firma\">IndeGranada<\/div>\n<div class=\"pie\">FOTO: Firmas imprescindibles.IndeGranada<\/div>\n<div class=\"pie\">Palabra de Mujer, en diez firmas, en nombre de todas.\u00a0 Para que sean escuchadas por mujeres y hombres, hoy y todos los d\u00edas. <br \/>\nCon nuestro agradecimiento y admiraci\u00f3n.<\/div>\n<\/div>\n<\/div>\n<\/li>\n<\/ul>\n<p>http:\/\/www.elindependientedegranada.es\/ciudadania\/8m-reflexiones-imprescindibles-con-firma-mujer<\/p>\n<p>&nbsp;<\/p>\n<p>&nbsp;<\/p>\n<p>&nbsp;<\/p>\n<p>&nbsp;<\/p>\n<p>&nbsp;<\/p>\n<p>&nbsp;<\/p>\n<p>&nbsp;<\/p>\n<p>&nbsp;<\/p>\n<p>&nbsp;<\/p>\n<p>&nbsp;<\/p>\n<p>&nbsp;<\/p>\n<p>&nbsp;<\/p>\n<p>&nbsp;<\/p>\n<p>&nbsp;<\/p>\n<p>&nbsp;<\/p>\n<p>&nbsp;<\/p>\n<p>&nbsp;<\/p>\n<\/div>\n<\/div>\n<\/div>\n<\/div>\n<\/div>\n<\/div>\n","protected":false},"excerpt":{"rendered":"<p>En el D\u00eda Internacional de la Mujer, te ofrecemos el pensamiento, la reflexi\u00f3n sosegada y&#8230;<\/p>\n","protected":false},"author":1,"featured_media":67715,"comment_status":"closed","ping_status":"closed","sticky":false,"template":"","format":"standard","meta":{"_coblocks_attr":"","_coblocks_dimensions":"","_coblocks_responsive_height":"","_coblocks_accordion_ie_support":"","jetpack_post_was_ever_published":false,"_jetpack_newsletter_access":"","_jetpack_dont_email_post_to_subs":false,"_jetpack_newsletter_tier_id":0,"_jetpack_memberships_contains_paywalled_content":false,"_jetpack_memberships_contains_paid_content":false,"footnotes":"","jetpack_publicize_message":"","jetpack_publicize_feature_enabled":true,"jetpack_social_post_already_shared":true,"jetpack_social_options":{"image_generator_settings":{"template":"highway","default_image_id":0,"enabled":false},"version":2}},"categories":[14,44,6937],"tags":[],"class_list":["post-67714","post","type-post","status-publish","format-standard","has-post-thumbnail","hentry","category-feminismo","category-noticias-de-hoy","category-sociedad"],"jetpack_publicize_connections":[],"jetpack_featured_media_url":"https:\/\/i0.wp.com\/miradordeatarfe.es\/wp-content\/uploads\/2024\/03\/ok_0.jpg?fit=750%2C479&ssl=1","jetpack_likes_enabled":true,"jetpack_sharing_enabled":true,"_links":{"self":[{"href":"https:\/\/miradordeatarfe.es\/index.php?rest_route=\/wp\/v2\/posts\/67714","targetHints":{"allow":["GET"]}}],"collection":[{"href":"https:\/\/miradordeatarfe.es\/index.php?rest_route=\/wp\/v2\/posts"}],"about":[{"href":"https:\/\/miradordeatarfe.es\/index.php?rest_route=\/wp\/v2\/types\/post"}],"author":[{"embeddable":true,"href":"https:\/\/miradordeatarfe.es\/index.php?rest_route=\/wp\/v2\/users\/1"}],"replies":[{"embeddable":true,"href":"https:\/\/miradordeatarfe.es\/index.php?rest_route=%2Fwp%2Fv2%2Fcomments&post=67714"}],"version-history":[{"count":3,"href":"https:\/\/miradordeatarfe.es\/index.php?rest_route=\/wp\/v2\/posts\/67714\/revisions"}],"predecessor-version":[{"id":67718,"href":"https:\/\/miradordeatarfe.es\/index.php?rest_route=\/wp\/v2\/posts\/67714\/revisions\/67718"}],"wp:featuredmedia":[{"embeddable":true,"href":"https:\/\/miradordeatarfe.es\/index.php?rest_route=\/wp\/v2\/media\/67715"}],"wp:attachment":[{"href":"https:\/\/miradordeatarfe.es\/index.php?rest_route=%2Fwp%2Fv2%2Fmedia&parent=67714"}],"wp:term":[{"taxonomy":"category","embeddable":true,"href":"https:\/\/miradordeatarfe.es\/index.php?rest_route=%2Fwp%2Fv2%2Fcategories&post=67714"},{"taxonomy":"post_tag","embeddable":true,"href":"https:\/\/miradordeatarfe.es\/index.php?rest_route=%2Fwp%2Fv2%2Ftags&post=67714"}],"curies":[{"name":"wp","href":"https:\/\/api.w.org\/{rel}","templated":true}]}}