{"id":67756,"date":"2024-03-10T08:52:44","date_gmt":"2024-03-10T07:52:44","guid":{"rendered":"https:\/\/miradordeatarfe.es\/?p=67756"},"modified":"2024-03-09T16:57:15","modified_gmt":"2024-03-09T15:57:15","slug":"el-gobierno-recupera-la-ley-de-trata-y-amplia-la-proteccion-de-las-victimas-de-violencia-machista","status":"publish","type":"post","link":"https:\/\/miradordeatarfe.es\/?p=67756","title":{"rendered":"El Gobierno recupera la ley de trata y ampl\u00eda la protecci\u00f3n de las v\u00edctimas de violencia machista"},"content":{"rendered":"<h3 class=\"a_st\" style=\"text-align: justify;\">El Ejecutivo aprueba un paquete de medidas en un Consejo de Ministros extraordinario celebrado con motivo del D\u00eda Internacional de la Mujer<\/h3>\n<p class=\"\" style=\"text-align: justify;\">La ley de trata ser\u00e1 una realidad esta legislatura. El Gobierno ha recuperado del caj\u00f3n <a href=\"https:\/\/elpais.com\/sociedad\/2022-11-30\/claves-de-la-ley-de-trata-centrada-en-las-victimas-y-proteccion-integral.html\" target=\"_blank\" rel=\"noopener\" data-link-track-dtm=\"\" data-mrf-link=\"https:\/\/elpais.com\/sociedad\/2022-11-30\/claves-de-la-ley-de-trata-centrada-en-las-victimas-y-proteccion-integral.html\">el anteproyecto de la Ley Org\u00e1nica Integral contra la Trata<\/a> y la explotaci\u00f3n de seres humanos impulsado en el anterior mandato, pero que decay\u00f3 por la convocatoria de elecciones generales. La ministra de Igualdad, Ana Redondo, ha confirmado este viernes el desarrollo de la norma. \u201cEs una ley que no es punitivista, es una ley fundamentalmente centrada en la prevenci\u00f3n, en la sensibilizaci\u00f3n de las v\u00edctimas\u201d, ha expresado Redondo en rueda de prensa tras el Consejo de Ministros extraordinario celebrado por el D\u00eda Internacional de la Mujer y convocado para aprobar una bater\u00eda de medidas en materia de igualdad. El Ejecutivo ha anunciado adem\u00e1s el reforzamiento del sistema VioG\u00e9n para evitar que las v\u00edctimas de violencia machista se queden sin protecci\u00f3n policial de manera \u201cprematura\u201d y la concesi\u00f3n de ayudas econ\u00f3micas destinadas a v\u00edctimas de violencia sexual. \u201cEl Gobierno de Espa\u00f1a sit\u00faa la igualdad, la perspectiva de g\u00e9nero y la erradicaci\u00f3n de la violencia contra las mujeres como prioridades absolutas y transversales en su actividad institucional y en todas sus iniciativas\u201d, ha a\u00f1adido Redondo.<\/p>\n<p class=\"\" style=\"text-align: justify;\">Entre las principales novedades que traer\u00e1 la ley de trata est\u00e1n el derecho de las v\u00edctimas a percibir el Ingreso M\u00ednimo Vital (IMV), ser consideradas como colectivo prioritario para acceder a una vivienda p\u00fablica, recibir asistencia letrada durante todo el proceso, percibir indemnizaciones con cargo a los bienes decomisados y obtener un certificado temporal de residencia y trabajo. Todas estas prerrogativas se otorgar\u00e1n a las v\u00edctimas sin la necesidad de que presenten denuncia.<\/p>\n<p class=\"\" style=\"text-align: justify;\">El anteproyecto de ley de trata fue aprobado en primera lectura en Consejo de Ministros en noviembre de 2022, cuando la dirigente de Unidas Podemos Irene Montero era todav\u00eda ministra de Igualdad. Pero la tramitaci\u00f3n de la norma qued\u00f3 interrumpida por el 23-J. En su primera comparecencia en el Congreso, la nueva ministra del ramo pas\u00f3 por alto el texto y no lo mencion\u00f3 dentro de los deberes de su cartera. Posteriormente, <a href=\"https:\/\/elpais.com\/sociedad\/2024-02-10\/ana-redondo-mi-compromiso-es-reconstruir-y-recomponer-el-movimiento-feminista.html\" target=\"_blank\" rel=\"noopener\" data-link-track-dtm=\"\" data-mrf-link=\"https:\/\/elpais.com\/sociedad\/2024-02-10\/ana-redondo-mi-compromiso-es-reconstruir-y-recomponer-el-movimiento-feminista.html\">en una entrevista en EL PA\u00cdS<\/a>, Redondo afirm\u00f3 al respecto que estaba \u201cen el caj\u00f3n\u201d porque no estaba \u201clo suficientemente madura\u201d. \u201cMientras no se avance en cuanto a t\u00e9cnica legislativa y se vea exactamente qu\u00e9 solapamientos se pueden generar con otras leyes, no vamos a avanzar\u201d, indic\u00f3. \u201cToda la legislaci\u00f3n en esta legislatura tiene que ir absolutamente cerrada y muy correcta desde el punto de vista de t\u00e9cnica normativa y jur\u00eddica\u201d, apunt\u00f3 en referencia velada a <a href=\"https:\/\/elpais.com\/espana\/2023-03-07\/el-psoe-impone-su-reforma-de-la-ley-del-solo-si-es-si-a-su-socio-en-el-congreso.html\" target=\"_blank\" rel=\"noopener\" data-link-track-dtm=\"\" data-mrf-link=\"https:\/\/elpais.com\/espana\/2023-03-07\/el-psoe-impone-su-reforma-de-la-ley-del-solo-si-es-si-a-su-socio-en-el-congreso.html\">los problemas generados en la rebaja de las penas de los agresores y las excarcelaciones por la <i>ley del<\/i> <i>solo s\u00ed es s\u00ed<\/i><\/a><i>.<\/i><\/p>\n<p class=\"\" style=\"text-align: justify;\">Pero la ministra ha querido tambi\u00e9n poner hoy el foco en lo \u201cpositivo\u201d de la <i>ley del solo s\u00ed es s\u00ed. <\/i>Dentro de la bater\u00eda de nuevas medidas en materia de igualdad, el Gobierno ha dado un paso m\u00e1s en el desarrollo del art\u00edculo 41 de la norma. Dicho apartado establece ayudas econ\u00f3micas no solo para v\u00edctimas de violencia machista, sino para v\u00edctimas de todas las violencias sexuales. El Gobierno ha aprobado este viernes que las v\u00edctimas que tengan rentas inferiores al salario m\u00ednimo interprofesional (SMI) podr\u00e1n percibir una cantidad que equivale a casi seis meses del subsidio por desempleo, que se podr\u00e1 cobrar en una \u00fanica paga o mes a mes. Tambi\u00e9n se renovar\u00e1 y reforzar\u00e1 el protocolo de actuaci\u00f3n frente al acoso y abuso sexual dentro de la Administraci\u00f3n del Estado. \u201cEra l\u00f3gico, necesario y coherente\u201d, ha agregado Redondo, pues desde el Gobierno se vienen denunciando este tipo de conductas en otros \u00e1mbitos, como el cinematogr\u00e1fico y el del deporte.<\/p>\n<h3 class=\"\" style=\"text-align: justify;\">V\u00edctimas de violencia machista<\/h3>\n<p class=\"\" style=\"text-align: justify;\">Junto a la ministra de Igualdad ha comparecido tambi\u00e9n el ministro del Interior, Fernando Grande-Marlaska, para explicar otra de las medidas que afectan a su departamento. Interior actualizar\u00e1 los criterios que llevan a inactivar la protecci\u00f3n policial de las v\u00edctimas bajo el paraguas del sistema VioG\u00e9n. En funci\u00f3n del riesgo, el mecanismo se podr\u00e1 mantener activo incluso hasta un a\u00f1o despu\u00e9s de que el agresor haya cumplido su condena. \u201cConseguimos prolongar el tiempo de ese seguimiento policial y evitar que pueda sufrir una situaci\u00f3n de riesgo prematura\u201d, ha dicho Grande-Marlaska.<\/p>\n<p class=\"\" style=\"text-align: justify;\">En esa l\u00ednea, Interior crea una nueva modalidad, la \u201cinactivaci\u00f3n supervisada\u201d, que fija mecanismos de control policial durante un periodo de seis meses, prorrogable a un a\u00f1o, e impide la inactivaci\u00f3n completa del caso en supuestos de alta complejidad o en los que en alg\u00fan momento se haya detectado un riesgo cualificado. En los casos en que los expertos policiales no hayan apreciado la existencia de riesgo para la mujer, o este sea bajo, solo podr\u00e1n considerarse inactivos si no existen medidas judiciales de protecci\u00f3n en vigor y los agentes consideran que no hay circunstancias de vulnerabilidad de la mujer o de peligrosidad del agresor que aconsejen mantenerlo activo.<\/p>\n<p class=\"\" style=\"text-align: justify;\">Las reuniones peri\u00f3dicas y mesas de trabajo en las que han intervenido tanto Interior como Igualdad han identificado el fin de esa protecci\u00f3n policial como una de las causas principales de que los cr\u00edmenes machis<\/p>\n<div class=\"a_c clearfix\" data-dtm-region=\"articulo_cuerpo\">\n<p class=\"\" style=\"text-align: justify;\">tas no cesen. Y de ah\u00ed el paso dado hoy con estas nuevas medidas. \u201cRecogen la experiencia que hemos ido adquiriendo en todo lo relacionado con los asesinatos machistas y con la mesa de evaluaci\u00f3n que creamos en enero de 2023\u2033, ha asegurado el ministro.<\/p>\n<\/div>\n<p><a class=\"a_md_a_n\" title=\"Ver todas las noticias de Virginia Mart\u00ednez\" href=\"https:\/\/elpais.com\/autor\/virginia-martinez-crespo\/#?rel=author_top\" data-mrf-link=\"https:\/\/elpais.com\/autor\/virginia-martinez-crespo\/\"><strong>Virginia Mart\u00ednez<\/strong><\/a><\/p>\n<p>FOTO: Desde la izquierda, las ministras de Educaci\u00f3n, Pilar Alegr\u00eda; Inclusi\u00f3n, Seguridad Social y Migraciones, Elma Saiz, e Igualdad, Ana Redondo, y el titular de Interior, Fernando Grande-Marlaska, comparec\u00edan este viernes tras el Consejo de Ministros.<span class=\"a_m_m\">Foto: EFE | V\u00eddeo: EPV<\/span><\/p>\n<p>https:\/\/elpais.com\/sociedad\/2024-03-08\/el-gobierno-recupera-la-ley-de-trata-y-amplia-la-proteccion-de-las-victimas-de-violencia-machista.html#?rel=mas<\/p>\n<div class=\"a_md _g _g-xs \">\n<figure class=\"a_md_i a_m-h c_m--nf\"><span class=\"a_m_w _db\">\u00a0<\/span><\/figure>\n<div class=\"a_md_txt\">\n<div class=\"a_md_a\" data-dtm-region=\"articulo_firma\">\u00a0<\/div>\n<\/div>\n<\/div>\n","protected":false},"excerpt":{"rendered":"<p>El Ejecutivo aprueba un paquete de medidas en un Consejo de Ministros extraordinario celebrado con&#8230;<\/p>\n","protected":false},"author":1,"featured_media":67757,"comment_status":"closed","ping_status":"closed","sticky":false,"template":"","format":"standard","meta":{"_coblocks_attr":"","_coblocks_dimensions":"","_coblocks_responsive_height":"","_coblocks_accordion_ie_support":"","jetpack_post_was_ever_published":false,"_jetpack_newsletter_access":"","_jetpack_dont_email_post_to_subs":false,"_jetpack_newsletter_tier_id":0,"_jetpack_memberships_contains_paywalled_content":false,"_jetpack_memberships_contains_paid_content":false,"footnotes":"","jetpack_publicize_message":"","jetpack_publicize_feature_enabled":true,"jetpack_social_post_already_shared":true,"jetpack_social_options":{"image_generator_settings":{"template":"highway","default_image_id":0,"enabled":false},"version":2}},"categories":[1161,14,44],"tags":[],"class_list":["post-67756","post","type-post","status-publish","format-standard","has-post-thumbnail","hentry","category-ciudadania","category-feminismo","category-noticias-de-hoy"],"jetpack_publicize_connections":[],"jetpack_featured_media_url":"https:\/\/i0.wp.com\/miradordeatarfe.es\/wp-content\/uploads\/2024\/03\/Screenshot-2024-03-09-at-16-53-26-El-Gobierno-recupera-la-ley-de-trata-y-amplia-la-proteccion-de-las-victimas-de-violencia-machista.png?fit=775%2C469&ssl=1","jetpack_likes_enabled":true,"jetpack_sharing_enabled":true,"_links":{"self":[{"href":"https:\/\/miradordeatarfe.es\/index.php?rest_route=\/wp\/v2\/posts\/67756","targetHints":{"allow":["GET"]}}],"collection":[{"href":"https:\/\/miradordeatarfe.es\/index.php?rest_route=\/wp\/v2\/posts"}],"about":[{"href":"https:\/\/miradordeatarfe.es\/index.php?rest_route=\/wp\/v2\/types\/post"}],"author":[{"embeddable":true,"href":"https:\/\/miradordeatarfe.es\/index.php?rest_route=\/wp\/v2\/users\/1"}],"replies":[{"embeddable":true,"href":"https:\/\/miradordeatarfe.es\/index.php?rest_route=%2Fwp%2Fv2%2Fcomments&post=67756"}],"version-history":[{"count":1,"href":"https:\/\/miradordeatarfe.es\/index.php?rest_route=\/wp\/v2\/posts\/67756\/revisions"}],"predecessor-version":[{"id":67758,"href":"https:\/\/miradordeatarfe.es\/index.php?rest_route=\/wp\/v2\/posts\/67756\/revisions\/67758"}],"wp:featuredmedia":[{"embeddable":true,"href":"https:\/\/miradordeatarfe.es\/index.php?rest_route=\/wp\/v2\/media\/67757"}],"wp:attachment":[{"href":"https:\/\/miradordeatarfe.es\/index.php?rest_route=%2Fwp%2Fv2%2Fmedia&parent=67756"}],"wp:term":[{"taxonomy":"category","embeddable":true,"href":"https:\/\/miradordeatarfe.es\/index.php?rest_route=%2Fwp%2Fv2%2Fcategories&post=67756"},{"taxonomy":"post_tag","embeddable":true,"href":"https:\/\/miradordeatarfe.es\/index.php?rest_route=%2Fwp%2Fv2%2Ftags&post=67756"}],"curies":[{"name":"wp","href":"https:\/\/api.w.org\/{rel}","templated":true}]}}