{"id":67759,"date":"2024-03-11T11:01:03","date_gmt":"2024-03-11T10:01:03","guid":{"rendered":"https:\/\/miradordeatarfe.es\/?p=67759"},"modified":"2024-06-02T12:04:46","modified_gmt":"2024-06-02T10:04:46","slug":"nosotras-por-remedios-sanchez","status":"publish","type":"post","link":"https:\/\/miradordeatarfe.es\/?p=67759","title":{"rendered":"\u00abNOSOTRAS\u00bb por Remedios S\u00e1nchez"},"content":{"rendered":"<p style=\"text-align: justify;\">Hay un rumor de mirlos en el viento fr\u00edo y un t\u00edmido sonido de campanas cuando el Triunfo granadino se convierte, como cada ocho de marzo, en punto de encuentro,\u00a0en un lugar de complicidad de la ciudadan\u00eda que sabe que ser feminista implica reivindicar la igualdad de derechos, romper el supremacismo que ha sostenido la prevalencia del hombre sobre la mujer. Y como la lluvia es traviesa y le gusta enterarse bien de lo que pasa, ha venido a curiosear un rato. Luego, alegre, se ha marchado a jugar a otra parte, dejando un arco\u00edris sobre la antigua Escuela Normal, una met\u00e1fora de que hasta la ultim\u00edsima luz y las\u00a0postreras gotas de lluvia se hermanan con la gente coherente que busca desbaratarle los planes al patriarcado.<\/p>\n<p style=\"text-align: justify;\">Con infinita lentitud cambian los tiempos, se abren progresivamente a un pensamiento social donde quepamos todos y todas; evidentemente no es un proceso de transformaci\u00f3n social f\u00e1cil ni que surja de la nada. Ha supuesto un gran sacrificio para mujeres que se han esforzado por ense\u00f1arnos a pensar y a pensarnos a lo largo de la Historia, para que comprendamos los mecanismos de violencia expl\u00edcita\/impl\u00edcita y los engranajes de invisibilizaci\u00f3n que a\u00fan hay a quien le cuesta ver. Y sorprende escuchar a supuestos lideres -y lideresas- de opini\u00f3n mostrando la incapacidad manifiesta que los caracteriza de palabra, pensamiento, malas obras y omisiones. Ser\u00e1 que les faltan lecturas para comprender tanto como desconocen y, por ende, desprecian.<\/p>\n<p style=\"text-align: justify;\">Me refiero por una parte a estos \u201cneomachistas\u201d que juegan con el significado de \u2018feminismo\u2019 ampli\u00e1ndolo o reduci\u00e9ndolo para ajustarlo a su beneficio y, por otro, a quienes como D\u00edaz Ayuso se preguntan cu\u00e1ndo se celebra el d\u00eda del hombre. Los dos extremos est\u00e1n integrados por gente peligrosa por irresponsable y acaban convergiendo en una ignorancia interesada que, aferrada a su poder y para sostener sus privilegios, intentan negar el espacio a la pluralidad que somos las mujeres. Por eso convendr\u00eda que en este pa\u00eds se leyera m\u00e1s y mejor, a ver si se piensa antes de hablar; por ejemplo, ser\u00eda \u00fatil que algunos\/as reflexionaran aprovechando \u2018Nosotras\u2019, el valios\u00edsimo ensayo que acaba de publicar la jurista y pol\u00edtica Carmen Calvo que, con su proverbial y amistosa generosidad, me hizo llegar hace unos d\u00edas.<\/p>\n<p style=\"text-align: justify;\">Este nuevo trabajo de la referente indiscutible que es Calvo -tan acostumbrada a romper sorpresivamente las urdimbres estructurales-, evidencia que hay libros ineludibles para interpretar eficazmente las claves sociohist\u00f3ricas que vienen marcando el maquiav\u00e9lico debate de g\u00e9nero y para asentar\u00a0el v\u00ednculo indisoluble entre democracia y feminismo. Audaz y revolucionaria, Calvo ha logrado con \u2018Nosotras\u2019 aclarar conceptos esenciales. Y ese es el poder que necesita el feminismo militante que el viernes sali\u00f3 a la calle para construir un verdadero futuro de igualdad.<\/p>\n<p>FOTO: https:\/\/www.heraldo.es\/noticias\/nacional\/2024\/02\/26\/carmen-calvo-presentacion-libro-nosotras-hombres-feminismo-1714381.html<\/p>\n","protected":false},"excerpt":{"rendered":"<p>Hay un rumor de mirlos en el viento fr\u00edo y un t\u00edmido sonido de campanas&#8230;<\/p>\n","protected":false},"author":1,"featured_media":67760,"comment_status":"closed","ping_status":"closed","sticky":false,"template":"","format":"standard","meta":{"_coblocks_attr":"","_coblocks_dimensions":"","_coblocks_responsive_height":"","_coblocks_accordion_ie_support":"","jetpack_post_was_ever_published":false,"_jetpack_newsletter_access":"","_jetpack_dont_email_post_to_subs":false,"_jetpack_newsletter_tier_id":0,"_jetpack_memberships_contains_paywalled_content":false,"_jetpack_memberships_contains_paid_content":false,"footnotes":"","jetpack_publicize_message":"","jetpack_publicize_feature_enabled":true,"jetpack_social_post_already_shared":true,"jetpack_social_options":{"image_generator_settings":{"template":"highway","default_image_id":0,"enabled":false},"version":2}},"categories":[1161,14,44,6914],"tags":[],"class_list":["post-67759","post","type-post","status-publish","format-standard","has-post-thumbnail","hentry","category-ciudadania","category-feminismo","category-noticias-de-hoy","category-opinion-de-reme-sanchez"],"jetpack_publicize_connections":[],"jetpack_featured_media_url":"https:\/\/i0.wp.com\/miradordeatarfe.es\/wp-content\/uploads\/2024\/03\/editorial-planeta-y-ateneo-de-madrid-presentan-nosotras-de-carmen-calvo.webp?fit=1920%2C1080&ssl=1","jetpack_likes_enabled":true,"jetpack_sharing_enabled":true,"_links":{"self":[{"href":"https:\/\/miradordeatarfe.es\/index.php?rest_route=\/wp\/v2\/posts\/67759","targetHints":{"allow":["GET"]}}],"collection":[{"href":"https:\/\/miradordeatarfe.es\/index.php?rest_route=\/wp\/v2\/posts"}],"about":[{"href":"https:\/\/miradordeatarfe.es\/index.php?rest_route=\/wp\/v2\/types\/post"}],"author":[{"embeddable":true,"href":"https:\/\/miradordeatarfe.es\/index.php?rest_route=\/wp\/v2\/users\/1"}],"replies":[{"embeddable":true,"href":"https:\/\/miradordeatarfe.es\/index.php?rest_route=%2Fwp%2Fv2%2Fcomments&post=67759"}],"version-history":[{"count":1,"href":"https:\/\/miradordeatarfe.es\/index.php?rest_route=\/wp\/v2\/posts\/67759\/revisions"}],"predecessor-version":[{"id":67761,"href":"https:\/\/miradordeatarfe.es\/index.php?rest_route=\/wp\/v2\/posts\/67759\/revisions\/67761"}],"wp:featuredmedia":[{"embeddable":true,"href":"https:\/\/miradordeatarfe.es\/index.php?rest_route=\/wp\/v2\/media\/67760"}],"wp:attachment":[{"href":"https:\/\/miradordeatarfe.es\/index.php?rest_route=%2Fwp%2Fv2%2Fmedia&parent=67759"}],"wp:term":[{"taxonomy":"category","embeddable":true,"href":"https:\/\/miradordeatarfe.es\/index.php?rest_route=%2Fwp%2Fv2%2Fcategories&post=67759"},{"taxonomy":"post_tag","embeddable":true,"href":"https:\/\/miradordeatarfe.es\/index.php?rest_route=%2Fwp%2Fv2%2Ftags&post=67759"}],"curies":[{"name":"wp","href":"https:\/\/api.w.org\/{rel}","templated":true}]}}