{"id":67762,"date":"2024-03-14T09:46:21","date_gmt":"2024-03-14T08:46:21","guid":{"rendered":"https:\/\/miradordeatarfe.es\/?p=67762"},"modified":"2024-03-13T13:14:20","modified_gmt":"2024-03-13T12:14:20","slug":"el-precio-del-aceite-de-oliva-virgen-extra-sigue-subiendo-y-acumula-ya-un-incremento-interanual-del-73","status":"publish","type":"post","link":"https:\/\/miradordeatarfe.es\/?p=67762","title":{"rendered":"El precio del aceite de oliva virgen extra sigue subiendo y acumula ya un incremento interanual del 73%"},"content":{"rendered":"<header class=\"wp-block-group px-6 pr-8 md:pr-0\">\n<h2 class=\"mb-4 mt-2 font-serif !text-xl font-normal lg:!text-2xl\" style=\"text-align: justify;\">Las manzanas fuji, las fresas y las peras conferencia son, tras el aceite de oliva, los alimentos con el IVA rebajado que m\u00e1s se han encarecido en los \u00faltimos 12 meses.<\/h2>\n<\/header>\n<section class=\"entry-content wp-block-post-content px-6\">\n<p style=\"text-align: justify;\">El aceite de oliva virgen extra contin\u00faa su escalada de precios en los supermercados y ya acumula un incremento interanual del 72,8% (un <a href=\"https:\/\/facua.org\/noticias\/el-aceite-de-oliva-virgen-extra-se-ha-encarecido-un-70-de-media-en-los-supermercados-a-lo-largo-del-ultimo-ano\/\" target=\"_blank\" rel=\"noreferrer noopener\">4% m\u00e1s<\/a> que hace un mes). Este es una de las conclusiones que se extrae del estudio realizado por FACUA-Consumidores en Acci\u00f3n en el que analiza la evoluci\u00f3n de los precios en el \u00faltimo a\u00f1o en una serie de productos b\u00e1sicos afectados por la rebaja del IVA entre los que se encuentran frutas, verduras, huevos, lentejas, arroz y aceites de oliva y girasol (<a href=\"https:\/\/facua.org\/es\/documentos\/Estudio_FACUA_-_comparativa_precios_febrero_23_vs_24.pdf\" target=\"_blank\" rel=\"noreferrer noopener\">ver tabla completa<\/a>).<\/p>\n<p style=\"text-align: justify;\">El <strong>aceite de oliva virgen extra<\/strong> ha registrado un encarecimiento medio del 72,8% entre febrero de 2023 y febrero de 2024. La subida m\u00e1s elevada ha sido la del litro de virgen extra Carbonell en Eroski, nada menos que un 171,4%. La asociaci\u00f3n ha tenido en cuenta un total de 58 precios de diferentes formatos a la venta en ocho grandes cadenas de distribuci\u00f3n del pa\u00eds: Mercadona, Carrefour, Eroski, Alcampo, Hipercor, Lidl, Aldi y Dia.<\/p>\n<p style=\"text-align: justify;\">Adem\u00e1s, el aceite de oliva virgen extra ha subido un 4,3% en los puntos de venta en el \u00faltimo mes (<a href=\"https:\/\/facua.org\/es\/documentos\/Estudio_FACUA_-_precios_enero_24_vs._febrero_24.pdf\" target=\"_blank\" rel=\"noreferrer noopener\">ver tabla completa<\/a>). El producto que m\u00e1s se ha encarecido entre enero y febrero de 2024 ha sido el virgen extra Alcampo Gourmet Arbequina en formato de 500 mililitros, que ha pasado de 6,24 a 9,94 euros (un 59,3% m\u00e1s caro).<\/p>\n<p style=\"text-align: justify;\">El kilo de <strong>manzanas fuji<\/strong> ha registrado una subida media interanual del 37%. En el caso concreto de Hipercor, el encarecimiento de esta fruta ha sido del 50,8%. La<strong> bandeja de fresas<\/strong> de 500 gramos ha aumentado su precio en los supermercados un 27,5% en los \u00faltimos 12 meses. Este 27,5% de subida acumulada se ha suavizado gracias a la bajada de precio del 24% que han registrado de media las fresas en las primeras semanas de este a\u00f1o.<\/p>\n<p style=\"text-align: justify;\">El kilo de <strong>peras conferencia<\/strong> ha subido un 23,6% entre febrero de 2023 y febrero de 2024. La mayor subida se ha dado en Alcampo, donde ha pasado de 1,89 euros a 2,39 euros en este periodo, un 43% m\u00e1s. S\u00f3lo en el \u00faltimo mes, el encarecimiento de esta fruta ha sido de un 6,3%.<\/p>\n<p style=\"text-align: justify;\">El kilo de <strong>manzanas golden<\/strong> tambi\u00e9n cuesta en los supermercados un 19,1% m\u00e1s que hace un a\u00f1o. La mayor subida se ha registrado en Alcampo, donde el kilo de esta fruta cuesta un 53,1% m\u00e1s que en febrero de 2023. La bandeja de <strong>champi\u00f1\u00f3n laminado<\/strong>, por su parte, ha subido de media un 15,5% en un a\u00f1o pese a que en el \u00faltimo mes ha registrado una bajada del 5,5%. En el caso de Alcampo, esta subida ha sido del 34,7% en los \u00faltimos 12 meses.<\/p>\n<p style=\"text-align: justify;\">El kilo de <strong>lentejas pardina<\/strong> ha subido de media un 13,3%. La mayor subida se ha dado en el kilo de lenteja pardina marca La Asturiana, que ha pasado en Hipercor de 4,13 en febrero de 2023 a 5,29 euros en febrero de 2024 (un 28% m\u00e1s).<\/p>\n<p style=\"text-align: justify;\">El <strong>kilo de cebollas<\/strong> tambi\u00e9n ha aumentado su precio un 13,2% en los supermercados en este mismo periodo de tiempo. En Carrefour, el encarecimiento de esta verdura ha sido del 24,2%. Un 12,3% de subida interanual ha registrado el <strong>kilo de zanahorias<\/strong> (un 3,1% de este acumulado ha sido en el \u00faltimo mes). Donde m\u00e1s ha aumentado el precio del kilo de zanahorias ha sido en Dia, con un incremento del 25,3%.<\/p>\n<p style=\"text-align: justify;\">Por su parte, la <strong>lechuga iceberg<\/strong> ha bajado un 3,2% en el primer mes de 2024, aunque desde febrero del a\u00f1o pasado su precio en el supermercado ha crecido un 5,9%. En Alcampo, esta subida alcanza el 17,6%. En el caso de las <strong>patatas<\/strong>, la malla de cinco kilos cuesta actualmente de media un 4,1% m\u00e1s que hace un a\u00f1o.<\/p>\n<p style=\"text-align: justify;\">El kilo de <strong>arroz redondo<\/strong> ha registrado una subida media interanual del 2,5%. Esta cifra se dispara hasta el 47,2% en el caso del arroz Brillante Sabroz en Dia. La <strong>docena de huevos M<\/strong> lo ha hecho un 2,4% de media, aunque esta subida alcanza el 28% en el caso concreto de Eroski. La bandeja de 500 gramos de <strong>uva blanca<\/strong> acumula un encarecimiento del 1,5% en el \u00faltimo a\u00f1o tras haber bajado su precio un 3,7% el pasado mes de enero.<\/p>\n<p style=\"text-align: justify;\"><strong>El aceite de girasol, el producto que m\u00e1s ha bajado<\/strong><\/p>\n<p style=\"text-align: justify;\">De los productos analizados por FACUA, el <strong>aceite de girasol<\/strong> es el que m\u00e1s ha bajado de precio en el \u00faltimo a\u00f1o. En concreto, lo ha hecho de media un 27,8%. La mayor bajada se ha dado en el litro de aceite de girasol Ondosol en Alcampo, que ha pasado de 3,14 euros en febrero de 2023 a 1,99 euros en febrero de 2024 (un 36,6% menos).<\/p>\n<p style=\"text-align: justify;\">Los <strong>limones<\/strong>, por su parte, acumulan una bajada del 11,3% en los \u00faltimos 12 meses mientras que la malla de<strong> naranjas<\/strong> de 4 kilos cuesta actualmente un 9,6% menos que en febrero del a\u00f1o pasado. En el caso de las naranjas, el 9% de esta bajada acumulada se ha registrado en el \u00faltimo mes.<\/p>\n<p style=\"text-align: justify;\"><strong>Consumo atiende las denuncias de FACUA<\/strong><\/p>\n<p style=\"text-align: justify;\">FACUA viene denunciando las subidas desde el pasado septiembre ante la Direcci\u00f3n General de Consumo, que depende ahora de la cartera del ministro\u00a0<strong>Pablo Bustinduy<\/strong>. Atendiendo a las denuncias de la asociaci\u00f3n, el ministerio anunci\u00f3 el pasado 21 de febrero que hab\u00eda enviado <a href=\"https:\/\/facua.org\/noticias\/tras-las-denuncias-de-facua-por-las-subidas-de-los-alimentos-consumo-envia-un-requerimiento-a-las-principales-cadenas-de-supermercados\/\" target=\"_blank\" rel=\"noreferrer noopener\">un requerimiento<\/a> a las principales cadenas de supermercados e hipermercados para solicitarles que acrediten que las subidas que han aplicado desde enero de 2023 a los precios de numerosos alimentos b\u00e1sicos no han implicado aumentos en sus m\u00e1rgenes de beneficio, una pr\u00e1ctica prohibida en los productos afectados por la rebaja del IVA.<\/p>\n<p style=\"text-align: justify;\">Seg\u00fan el real decreto-ley por el que est\u00e1 vigente esta rebaja del IVA, ninguno de los productos analizados pod\u00eda subir de precio salvo que se hubiesen producido incrementos en los costes.<\/p>\n<p style=\"text-align: justify;\">Tanto el Ministerio de Derechos Sociales, Consumo y Agenda 2030 como las autoridades de protecci\u00f3n al consumidor auton\u00f3micas tienen competencias sancionadoras ante estas pr\u00e1cticas. Se las otorga el art\u00edculo 47 del real decreto legislativo por el que se aprueba el texto refundido de la ley general para la defensa de los consumidores. En \u00e9l se definen las<em>\u00a0\u201cinfracciones en materia de defensa de los consumidores\u201d<\/em>. Y en la letra f de su apartado 1 indica que lo son\u00a0<em>\u201cel incumplimiento de las normas reguladoras de precios (\u2026) o cualquier otro tipo de intervenci\u00f3n o actuaci\u00f3n il\u00edcita que suponga un incremento de los precios o m\u00e1rgenes comerciales\u201d<\/em><\/p>\n<div class=\"flex flex-row items-center justify-start gap-2 text-xs md:gap-4\" style=\"text-align: justify;\"><strong><span class=\"py-1 font-bold text-black lg:block\">FACUA.org<\/span><\/strong><\/div>\n<div style=\"text-align: justify;\">\u00a0<\/div>\n<div>https:\/\/facua.org\/noticias\/el-precio-del-aceite-de-oliva-virgen-extra-sigue-subiendo-y-acumula-ya-un-incremento-interanual-del-73\/<\/div>\n<div class=\"flex flex-wrap items-end justify-end gap-2\">\u00a0<\/div>\n<\/section>\n","protected":false},"excerpt":{"rendered":"<p>Las manzanas fuji, las fresas y las peras conferencia son, tras el aceite de oliva,&#8230;<\/p>\n","protected":false},"author":1,"featured_media":67763,"comment_status":"closed","ping_status":"closed","sticky":false,"template":"","format":"standard","meta":{"_coblocks_attr":"","_coblocks_dimensions":"","_coblocks_responsive_height":"","_coblocks_accordion_ie_support":"","jetpack_post_was_ever_published":false,"_jetpack_newsletter_access":"","_jetpack_dont_email_post_to_subs":false,"_jetpack_newsletter_tier_id":0,"_jetpack_memberships_contains_paywalled_content":false,"_jetpack_memberships_contains_paid_content":false,"footnotes":"","jetpack_publicize_message":"","jetpack_publicize_feature_enabled":true,"jetpack_social_post_already_shared":true,"jetpack_social_options":{"image_generator_settings":{"template":"highway","default_image_id":0,"enabled":false},"version":2}},"categories":[1161,44,10],"tags":[],"class_list":["post-67762","post","type-post","status-publish","format-standard","has-post-thumbnail","hentry","category-ciudadania","category-noticias-de-hoy","category-salud"],"jetpack_publicize_connections":[],"jetpack_featured_media_url":"https:\/\/i0.wp.com\/miradordeatarfe.es\/wp-content\/uploads\/2024\/03\/noticia14211h_2-2.webp?fit=1300%2C904&ssl=1","jetpack_likes_enabled":true,"jetpack_sharing_enabled":true,"_links":{"self":[{"href":"https:\/\/miradordeatarfe.es\/index.php?rest_route=\/wp\/v2\/posts\/67762","targetHints":{"allow":["GET"]}}],"collection":[{"href":"https:\/\/miradordeatarfe.es\/index.php?rest_route=\/wp\/v2\/posts"}],"about":[{"href":"https:\/\/miradordeatarfe.es\/index.php?rest_route=\/wp\/v2\/types\/post"}],"author":[{"embeddable":true,"href":"https:\/\/miradordeatarfe.es\/index.php?rest_route=\/wp\/v2\/users\/1"}],"replies":[{"embeddable":true,"href":"https:\/\/miradordeatarfe.es\/index.php?rest_route=%2Fwp%2Fv2%2Fcomments&post=67762"}],"version-history":[{"count":1,"href":"https:\/\/miradordeatarfe.es\/index.php?rest_route=\/wp\/v2\/posts\/67762\/revisions"}],"predecessor-version":[{"id":67764,"href":"https:\/\/miradordeatarfe.es\/index.php?rest_route=\/wp\/v2\/posts\/67762\/revisions\/67764"}],"wp:featuredmedia":[{"embeddable":true,"href":"https:\/\/miradordeatarfe.es\/index.php?rest_route=\/wp\/v2\/media\/67763"}],"wp:attachment":[{"href":"https:\/\/miradordeatarfe.es\/index.php?rest_route=%2Fwp%2Fv2%2Fmedia&parent=67762"}],"wp:term":[{"taxonomy":"category","embeddable":true,"href":"https:\/\/miradordeatarfe.es\/index.php?rest_route=%2Fwp%2Fv2%2Fcategories&post=67762"},{"taxonomy":"post_tag","embeddable":true,"href":"https:\/\/miradordeatarfe.es\/index.php?rest_route=%2Fwp%2Fv2%2Ftags&post=67762"}],"curies":[{"name":"wp","href":"https:\/\/api.w.org\/{rel}","templated":true}]}}