{"id":67785,"date":"2024-03-13T09:05:51","date_gmt":"2024-03-13T08:05:51","guid":{"rendered":"https:\/\/miradordeatarfe.es\/?p=67785"},"modified":"2024-03-10T20:13:15","modified_gmt":"2024-03-10T19:13:15","slug":"vivir-en-guerra-la-realidad-de-miles-de-ninos-y-ninas-que-nunca-deberian-vivir","status":"publish","type":"post","link":"https:\/\/miradordeatarfe.es\/?p=67785","title":{"rendered":"Vivir en guerra, la realidad de miles de ni\u00f1os y ni\u00f1as que nunca deber\u00edan vivir"},"content":{"rendered":"<div class=\"c-header\">\n<div class=\"news-header\">\n<h3 style=\"text-align: justify;\">Cientos de miles de menores de edad est\u00e1n atrapados en conflictos armados a lo largo de todo el mundo. UNICEF trabaja en terreno para defender y proteger su seguridad y derechos b\u00e1sicos<picture class=\"news-image\"> <\/picture><\/h3>\n<\/div>\n<\/div>\n<div class=\"content-container col-12 col-lg-8\">\n<div class=\"c-content\">\n<div class=\"partner-wrapper article-page__body-row\">\n<div class=\"second-col\">\n<p class=\"article-text\" style=\"text-align: justify;\">En los pasillos de un hospital abarrotado, Majed, un ni\u00f1o peque\u00f1o de unos tres a\u00f1os pregunta llorando y desorientado por su hermanita Rima, una beb\u00e9 herida que est\u00e1 tumbada cerca suya. El personal trata de identificar a estos ni\u00f1os y ni\u00f1as y agruparlos por familias. \u201c\u00bfC\u00f3mo te llamas? \u00bfEs tu hermano?\u201d, le preguntan a Assil, la mayor de esta familia que asegura que no puede moverse. Han sobrevivido a uno de los <strong>bombardeos que caen sin cesar en Gaza en los \u00faltimos cinco meses y que han acabado con la vida de alrededor de 29.500 mil personas<\/strong>, de las cuales se calcula que 13.000 son ni\u00f1os y ni\u00f1as.\u00a0<\/p>\n<p class=\"article-text\" style=\"text-align: justify;\">Mientras, los supervivientes de esta masacre, como Majed, Rima y Assil, se enfrentan a un contexto que ning\u00fan ni\u00f1o o ni\u00f1a deber\u00eda vivir. Se convierten en infancias robadas a las que se les niega cada d\u00eda derechos b\u00e1sicos a la vida y a la salud. Hospitales, barrios, colegios, refugios son destruidos y la situaci\u00f3n se vuelve cada vez m\u00e1s insostenible para la poblaci\u00f3n civil que se enfrenta al aumento de enfermedades y de hambre, pero tambi\u00e9n a la b\u00fasqueda constante de un lugar seguro en el que refugiarse, aunque es evidente que en toda la Franja de Gaza no existe un rinc\u00f3n fuera de peligro.<\/p>\n<p class=\"article-text\" style=\"text-align: justify;\"><strong>Se estima que<\/strong> <strong>hay alrededor de 1,7 millones de desplazados internos debido a la guerra, y la mitad de esas personas son ni\u00f1os y ni\u00f1as.<\/strong> Las familias que buscan desesperadamente un refugio se est\u00e1n viendo obligadas a desplazarse hacia zonas muy peque\u00f1as y superpobladas que carecen de servicios adecuados de agua, y donde tampoco es f\u00e1cil encontrar alimentos ni protecci\u00f3n.\u00a0<\/p>\n<p class=\"article-text\" style=\"text-align: justify;\">Seg\u00fan el informe \u00a0<em>An\u00e1lisis de la situaci\u00f3n y vulnerabilidad nutricional en Gaza,<\/em> la situaci\u00f3n humanitaria es particularmente extrema en el norte de la Franja. All\u00ed comenzaron los ataques del ej\u00e9rcito israel\u00ed y provocaron el desplazamiento de buena parte de la poblaci\u00f3n a otras zonas del sur. Con el transcurso del conflicto esta zona norte se ha ido aislando y la poca ayuda que consigue burlar el bloqueo que mantiene Israel no llega, provocando el hambre y la falta de suministros b\u00e1sicos de su poblaci\u00f3n.\u00a0<\/p>\n<p class=\"article-text\" style=\"text-align: justify;\">Esta devastadora situaci\u00f3n se ve reflejada en los resultados de los ex\u00e1menes nutricionales realizados en refugios y centros de salud en el norte, que revelaron que el 15,6% \u2014o uno de cada seis ni\u00f1os menores de dos a\u00f1os\u2014 sufre desnutrici\u00f3n aguda. De ellos, casi el 3% presenta desnutrici\u00f3n aguda grave, <strong>la forma de desnutrici\u00f3n que pone a los ni\u00f1os peque\u00f1os en mayor riesgo de sufrir complicaciones m\u00e9dicas y muerte<\/strong>, a menos que reciban tratamiento urgente. Como los datos se recogieron en enero, es probable que la situaci\u00f3n sea a\u00fan m\u00e1s grave hoy.<\/p>\n<p class=\"article-text\" style=\"text-align: justify;\">Sin embargo, en Rafah, la zona sur y lim\u00edtrofe con Egipto, la situaci\u00f3n no es mucho m\u00e1s esperanzadora. Se calcula que el 5% de ni\u00f1os y ni\u00f1as menores de dos a\u00f1os sufren desnutrici\u00f3n aguda. Esta es una prueba clara de que el acceso a la ayuda humanitaria es urgente y que puede contribuir a prevenir los peores resultados. Tambi\u00e9n refuerza los llamamientos de las agencias internacionales de ayuda para proteger a Rafah de la amenaza de operaciones militares m\u00e1s intensas.<\/p>\n<figure style=\"text-align: justify;\"><picture class=\"news-image\"><source srcset=\"https:\/\/static.eldiario.es\/clip\/90aa2c27-b336-4b50-9822-f92d64bf7586_16-9-discover-aspect-ratio_50p_0.webp\" type=\"image\/webp\" media=\"(max-width: 576px)\" \/><source srcset=\"https:\/\/static.eldiario.es\/clip\/90aa2c27-b336-4b50-9822-f92d64bf7586_16-9-discover-aspect-ratio_50p_0.jpg\" type=\"image\/jpg\" media=\"(max-width: 576px)\" \/><source srcset=\"https:\/\/static.eldiario.es\/clip\/90aa2c27-b336-4b50-9822-f92d64bf7586_16-9-discover-aspect-ratio_75p_0.webp\" type=\"image\/webp\" media=\"(max-width: 767px)\" \/><source srcset=\"https:\/\/static.eldiario.es\/clip\/90aa2c27-b336-4b50-9822-f92d64bf7586_16-9-discover-aspect-ratio_75p_0.jpg\" type=\"image\/jpg\" media=\"(max-width: 767px)\" \/><source srcset=\"https:\/\/static.eldiario.es\/clip\/90aa2c27-b336-4b50-9822-f92d64bf7586_16-9-discover-aspect-ratio_default_0.webp\" type=\"image\/webp\" media=\"(min-width: 768px)\" \/><source srcset=\"https:\/\/static.eldiario.es\/clip\/90aa2c27-b336-4b50-9822-f92d64bf7586_16-9-discover-aspect-ratio_default_0.jpg\" type=\"image\/jpg\" media=\"(min-width: 768px)\" \/><source srcset=\"https:\/\/static.eldiario.es\/clip\/90aa2c27-b336-4b50-9822-f92d64bf7586_16-9-discover-aspect-ratio_default_0.webp\" type=\"image\/webp\" \/><img data-recalc-dims=\"1\" decoding=\"async\" class=\"lazy entered loaded\" src=\"https:\/\/i0.wp.com\/static.eldiario.es\/clip\/90aa2c27-b336-4b50-9822-f92d64bf7586_16-9-discover-aspect-ratio_default_0.jpg?w=640&#038;ssl=1\" alt=\"\" data-src=\"https:\/\/static.eldiario.es\/clip\/90aa2c27-b336-4b50-9822-f92d64bf7586_16-9-discover-aspect-ratio_default_0.jpg\" data-ll-status=\"loaded\" \/> <\/picture><figcaption class=\"image-footer\"><span class=\"title\"> Trabajadora de UNICEF con ni\u00f1o en brazo <span class=\"author\"> \u00a9 UNICEF\/UN0523339\/Fuad<\/span> <\/span><\/figcaption><\/figure>\n<p class=\"article-text\" style=\"text-align: justify;\">\u201cLa Franja de Gaza est\u00e1 a punto de presenciar una explosi\u00f3n de muertes infantiles evitables que agravar\u00eda el ya insoportable nivel de muertes infantiles en Gaza\u201d, ha afirmado el director ejecutivo adjunto de Acci\u00f3n Humanitaria y Operaciones de Suministros de UNICEF, Ted Chaiban. \u201cLlevamos semanas advirtiendo de que la Franja de Gaza est\u00e1 al borde de una crisis nutricional. Si el conflicto no termina ahora, la nutrici\u00f3n de los ni\u00f1os y ni\u00f1as seguir\u00e1 cayendo en picado, lo que provocar\u00e1 muertes evitables o problemas de salud que afectar\u00e1n a los ni\u00f1os y ni\u00f1as de Gaza por el resto de sus vidas y tendr\u00e1n posibles consecuencias intergeneracionales\u201d, ha a\u00f1adido.<\/p>\n<p class=\"article-text\" style=\"text-align: justify;\">Kareem es uno de los miles de ni\u00f1os que se ha quedado sin casa despu\u00e9s de ser bombardeada y se ha visto obligado a buscar refugio de la noche a la ma\u00f1ana, con lo puesto, pero expuesto al trauma y al temor de perder a los suyos. \u201cQuiero much\u00edsimo a mi familia y tengo miedo de perderla en la guerra. Tengo miedo de que un d\u00eda los maten. No puedo dejar de pensar en eso\u201d, dice el peque\u00f1o. Aunque los ni\u00f1os y ni\u00f1as no tienen ninguna responsabilidad sobre la guerra, sufren las cicatrices m\u00e1s profundas y pagan el precio m\u00e1s alto. Lo vemos en Gaza, Ucrania, Siria o Sud\u00e1n.<\/p>\n<p class=\"article-text\" style=\"text-align: justify;\">En los \u00faltimos dos a\u00f1os, la poblaci\u00f3n infantil de las ciudades situadas en las zonas de primera l\u00ednea de <a class=\"link\" href=\"https:\/\/www.unicef.es\/noticia\/2-anos-de-guerra-en-ucrania-5000-horas-bajo-tierra?ac=AC-9296&amp;ch=CH-107&amp;utm_source=ESDIARIO&amp;utm_medium=DIS&amp;utm_campaign=SOCIOS_UNICEF-SOCIOS-EDITORIALES-2024&amp;utm_content=BNR_1X1_ELDIARIO-BRANDEDCONTENT\" target=\"_blank\" rel=\"noopener\" data-mrf-recirculation=\"links-noticia\" data-mrf-link=\"https:\/\/www.unicef.es\/noticia\/2-anos-de-guerra-en-ucrania-5000-horas-bajo-tierra?ac=AC-9296&amp;ch=CH-107&amp;utm_source=ESDIARIO&amp;utm_medium=DIS&amp;utm_campaign=SOCIOS_UNICEF-SOCIOS-EDITORIALES-2024&amp;utm_content=BNR_1X1_ELDIARIO-BRANDEDCONTENT\">Ucrania<\/a> se ha visto obligada a pasar entre 3.000 y 5.000 horas \u2014lo que equivale a entre cuatro y casi siete meses\u2014<strong>\u00a0<\/strong>refugiados en s\u00f3tanos y estaciones de metro subterr\u00e1neas, mientras suenan las alertas de ataque a\u00e9reo, desatando un\u00a0impacto devastador en la salud mental de los ni\u00f1os\u00a0y ni\u00f1as. En todo el pa\u00eds, el\u00a040% de los menores ucranianos no pueden acceder a la educaci\u00f3n\u00a0de forma continua por falta de instalaciones y en las zonas m\u00e1s cercanas a la l\u00ednea del frente, la mitad de los ni\u00f1os en edad escolar no pueden ir a clase.<\/p>\n<p class=\"article-text\" style=\"text-align: justify;\">A veces el silencio internacional cerca a\u00fan m\u00e1s el horror de quienes se ven atrapados en las guerras. Es lo que ocurre en <a class=\"link\" href=\"https:\/\/www.unicef.es\/causas\/emergencias\/sudan?ac=AC-9296&amp;ch=CH-107&amp;utm_source=ESDIARIO&amp;utm_medium=DIS&amp;utm_campaign=SOCIOS_UNICEF-SOCIOS-EDITORIALES-2024&amp;utm_content=BNR_1X1_ELDIARIO-BRANDEDCONTENT\" target=\"_blank\" rel=\"noopener\" data-mrf-recirculation=\"links-noticia\" data-mrf-link=\"https:\/\/www.unicef.es\/causas\/emergencias\/sudan?ac=AC-9296&amp;ch=CH-107&amp;utm_source=ESDIARIO&amp;utm_medium=DIS&amp;utm_campaign=SOCIOS_UNICEF-SOCIOS-EDITORIALES-2024&amp;utm_content=BNR_1X1_ELDIARIO-BRANDEDCONTENT\">Sud\u00e1n<\/a>, donde el pasado 15 de abril estallaron en la capital\u00a0intensos enfrentamientos entre dos facciones militares, extendi\u00e9ndose a otras partes del pa\u00eds. Este conflicto armado no solo ha provocado importantes flujos migratorios en busca de un lugar seguro que ya se salda con\u00a04,8 millones desplazados internos, sino que tambi\u00e9n ha acentuado una crisis humanitaria que ya era insostenible y que afecta gravemente a la poblaci\u00f3n infantil. Y es que los brotes de sarampi\u00f3n, dengue, c\u00f3lera y paludismo son continuos y <a class=\"link\" href=\"https:\/\/www.unicef.es\/hazte-socio-desnutricion?ac=AC-9157&amp;ch=CH-107&amp;utm_source=ESDIARIO&amp;utm_medium=DIS&amp;utm_campaign=SOCIOS_UNICEF-SOCIOS-EDITORIALES-2024&amp;utm_content=BNR_1X1_ELDIARIO-BRANDEDCONTENT\" target=\"_blank\" rel=\"noopener\" data-mrf-recirculation=\"links-noticia\" data-mrf-link=\"https:\/\/www.unicef.es\/hazte-socio-desnutricion?ac=AC-9157&amp;ch=CH-107&amp;utm_source=ESDIARIO&amp;utm_medium=DIS&amp;utm_campaign=SOCIOS_UNICEF-SOCIOS-EDITORIALES-2024&amp;utm_content=BNR_1X1_ELDIARIO-BRANDEDCONTENT\"><strong>m\u00e1s de tres millones de ni\u00f1os y ni\u00f1as sufren desnutrici\u00f3n<\/strong><\/a>, de los cuales 621.600 est\u00e1n gravemente desnutridos y corren un alto riesgo de muerte.<\/p>\n<p class=\"article-text\" style=\"text-align: justify;\">El hijo de Sitna es una de las miles de vidas detr\u00e1s de las cifras. \u201cLos m\u00e9dicos le derivaron al departamento de nutrici\u00f3n cuando empez\u00f3 con v\u00f3mitos y diarreas. Recibi\u00f3 comida \u2014un alimento terap\u00e9utico listo para usar\u2014 y pudo empezar a alimentarse, a recuperar el apetito y ahora est\u00e1 mejor que antes\u201d, explica esta madre mientras sostiene en su regazo al peque\u00f1o.<\/p>\n<p class=\"article-text\" style=\"text-align: justify;\"><strong>En Siria, despu\u00e9s de 12 a\u00f1os de guerra, hay una generaci\u00f3n de ni\u00f1os y ni\u00f1as que no conoce otra realidad<\/strong> que no sea inmersa en una crisis humanitaria y un paisaje rodeado de escombros y destrucci\u00f3n. Se calcula que a d\u00eda de hoy casi 7,5 millones de ni\u00f1os necesitan ayuda y alrededor del 90% de las familias del pa\u00eds viven en la pobreza, mientras que m\u00e1s de la mitad sufren inseguridad alimentaria. Es el caso de Ryan, una ni\u00f1a que hasta hace poco no ten\u00eda agua corriente en su casa y ten\u00eda que esperar largas colas para llenar algunas garrafas. \u201cLas tuber\u00edas se romp\u00edan por los bombardeos y se cortaba el agua\u201d, recuerda la ni\u00f1a.\u00a0<\/p>\n<p class=\"article-text\" style=\"text-align: justify;\">A pesar de las dificultades y hostilidades en los contextos de guerra, en los que los ni\u00f1os y ni\u00f1as son blanco directo e indirecto de los ataques, Unicef \u2014el Fondo de Naciones Unidas para la Infancia\u2014 est\u00e1 presente antes, durante y despu\u00e9s de las emergencias, anticipando soluciones, incidiendo en las causas de la vulnerabilidad y buscando la recuperaci\u00f3n de las poblaciones afectadas. Para ello disponen de un Fondo de Emergencias que permite dar respuesta a aquellas m\u00e1s puntuales y seguir trabajando en las crisis cr\u00f3nicas. Una labor que tambi\u00e9n es posible gracias a personas de la sociedad civil que deciden hacerse <a class=\"link\" href=\"https:\/\/www.unicef.es\/ninos-en-guerra?ac=AC-9157&amp;ch=CH-107&amp;utm_source=ESDIARIO&amp;utm_medium=DIS&amp;utm_campaign=SOCIOS_UNICEF-SOCIOS-EDITORIALES-2024&amp;utm_content=BNR_1X1_ELDIARIO-BRANDEDCONTENT\" target=\"_blank\" rel=\"noopener\" data-mrf-recirculation=\"links-noticia\" data-mrf-link=\"https:\/\/www.unicef.es\/ninos-en-guerra?ac=AC-9157&amp;ch=CH-107&amp;utm_source=ESDIARIO&amp;utm_medium=DIS&amp;utm_campaign=SOCIOS_UNICEF-SOCIOS-EDITORIALES-2024&amp;utm_content=BNR_1X1_ELDIARIO-BRANDEDCONTENT\">socias de UNICEF<\/a>. De esta manera, apoyan su labor humanitaria destinada a la poblaci\u00f3n m\u00e1s castigada en conflictos: los ni\u00f1os y ni\u00f1as\u00a0 supervivientes como Majed, Kareem o Rayan.\u00a0<\/p>\n<p><strong>Fabiola Barranco<\/strong><\/p>\n<p><span class=\"title\">FOTO: Ni\u00f1a ucraniana viendo la destrucci\u00f3n causada por las bombas. <span class=\"author\"> \u00a9 UNICEF\/UN0597997\/Skyba for The Globe and Mail<\/span> <\/span><\/p>\n<div class=\"news-info\" data-mrf-recirculation=\"firma\">\n<div class=\"info-wrapper\">\n<p>https:\/\/www.eldiario.es\/edcreativo\/vivir-guerra-realidad-miles-ninos-ninas-deberian-vivir_1_10989453.html<\/p>\n<div class=\"date-comments-wrapper\"><time class=\"date\" datetime=\"2024-03-08T06:00:43+01:00\"> <span class=\"day\"><br \/>\n<\/span><\/time><\/div>\n<\/div>\n<\/div>\n<\/div>\n<\/div>\n<\/div>\n<\/div>\n","protected":false},"excerpt":{"rendered":"<p>Cientos de miles de menores de edad est\u00e1n atrapados en conflictos armados a lo largo&#8230;<\/p>\n","protected":false},"author":1,"featured_media":67787,"comment_status":"closed","ping_status":"closed","sticky":false,"template":"","format":"standard","meta":{"_coblocks_attr":"","_coblocks_dimensions":"","_coblocks_responsive_height":"","_coblocks_accordion_ie_support":"","jetpack_post_was_ever_published":false,"_jetpack_newsletter_access":"","_jetpack_dont_email_post_to_subs":false,"_jetpack_newsletter_tier_id":0,"_jetpack_memberships_contains_paywalled_content":false,"_jetpack_memberships_contains_paid_content":false,"footnotes":"","jetpack_publicize_message":"","jetpack_publicize_feature_enabled":true,"jetpack_social_post_already_shared":true,"jetpack_social_options":{"image_generator_settings":{"template":"highway","default_image_id":0,"enabled":false},"version":2}},"categories":[1161,44,7671],"tags":[],"class_list":["post-67785","post","type-post","status-publish","format-standard","has-post-thumbnail","hentry","category-ciudadania","category-noticias-de-hoy","category-politica"],"jetpack_publicize_connections":[],"jetpack_featured_media_url":"https:\/\/i0.wp.com\/miradordeatarfe.es\/wp-content\/uploads\/2024\/03\/1635e397-40a2-4067-88e9-5f5ed8913f04_16-9-discover-aspect-ratio_default_0.webp?fit=1200%2C675&ssl=1","jetpack_likes_enabled":true,"jetpack_sharing_enabled":true,"_links":{"self":[{"href":"https:\/\/miradordeatarfe.es\/index.php?rest_route=\/wp\/v2\/posts\/67785","targetHints":{"allow":["GET"]}}],"collection":[{"href":"https:\/\/miradordeatarfe.es\/index.php?rest_route=\/wp\/v2\/posts"}],"about":[{"href":"https:\/\/miradordeatarfe.es\/index.php?rest_route=\/wp\/v2\/types\/post"}],"author":[{"embeddable":true,"href":"https:\/\/miradordeatarfe.es\/index.php?rest_route=\/wp\/v2\/users\/1"}],"replies":[{"embeddable":true,"href":"https:\/\/miradordeatarfe.es\/index.php?rest_route=%2Fwp%2Fv2%2Fcomments&post=67785"}],"version-history":[{"count":2,"href":"https:\/\/miradordeatarfe.es\/index.php?rest_route=\/wp\/v2\/posts\/67785\/revisions"}],"predecessor-version":[{"id":67788,"href":"https:\/\/miradordeatarfe.es\/index.php?rest_route=\/wp\/v2\/posts\/67785\/revisions\/67788"}],"wp:featuredmedia":[{"embeddable":true,"href":"https:\/\/miradordeatarfe.es\/index.php?rest_route=\/wp\/v2\/media\/67787"}],"wp:attachment":[{"href":"https:\/\/miradordeatarfe.es\/index.php?rest_route=%2Fwp%2Fv2%2Fmedia&parent=67785"}],"wp:term":[{"taxonomy":"category","embeddable":true,"href":"https:\/\/miradordeatarfe.es\/index.php?rest_route=%2Fwp%2Fv2%2Fcategories&post=67785"},{"taxonomy":"post_tag","embeddable":true,"href":"https:\/\/miradordeatarfe.es\/index.php?rest_route=%2Fwp%2Fv2%2Ftags&post=67785"}],"curies":[{"name":"wp","href":"https:\/\/api.w.org\/{rel}","templated":true}]}}