{"id":67789,"date":"2024-03-15T11:15:09","date_gmt":"2024-03-15T10:15:09","guid":{"rendered":"https:\/\/miradordeatarfe.es\/?p=67789"},"modified":"2024-03-13T10:57:56","modified_gmt":"2024-03-13T09:57:56","slug":"cuentos-para-el-vinopor-alberto-granados","status":"publish","type":"post","link":"https:\/\/miradordeatarfe.es\/?p=67789","title":{"rendered":"\u00abCUENTOS PARA EL VINO\u00bb por Alberto Granados"},"content":{"rendered":"<div id=\"content\">\n<div class=\"hfeed\">\n<div id=\"post-6463\" class=\"post-6463 post type-post status-publish format-standard hentry category-complicidades tag-lourdes-ortega-puche tag-alberto-granados-palacios tag-alejandro-moreno tag-alejandro-perez-garcia tag-ana-maria-tomas tag-ayes-tortosa tag-angel-alcala-galve tag-angel-olgoso-jose-manuel-vidal-ortuno tag-angela-reyes tag-oscar-hernando tag-beatriz-villacanas tag-carlos-murciano tag-carolina-molina tag-celia-correa-gongora tag-cuentos-para-el-vino tag-emilio-porta tag-esteban-de-las-heras-balbas tag-fernando-de-villena tag-francisco-gil-craviotto tag-hilario-barrero tag-jose-enrique-salcedo tag-jose-lopez-martinez tag-jose-lopez-rueda tag-juan-ruiz-de-torres tag-julia-gallo-sanz tag-julio-alfredo-egea tag-lola-vicente tag-luis-arrillaga tag-maria-manuela-dolon tag-medardo-fraile tag-mercedes-molina-mir tag-resena-de-cuentos-para-el-vino tag-sir-henry-willowy tag-valeriano-franco\">\n<div class=\"entry-content\">\n<h3 style=\"text-align: justify;\">La cultura del vino ha ocupado la cuenca mediterr\u00e1nea desde los tiempos m\u00e1s remotos de que se tienen vestigios. El mosto de la uva, convenientemente fermentado, ha servido de ofrenda a los dioses,\u00a0\u00a0 agasajo a los hu\u00e9spedes, producto medicinal e incluso met\u00e1fora transustanciada de la sangre del hijo de un dios.<\/h3>\n<p style=\"text-align: justify;\">Cultivo de la vid, cosecha y producci\u00f3n del vino forman parte de la cultura universal, por lo que el vino ha generado una abundante presencia en la\u00a0 literatura, que arranca en episodios del Antiguo Testamento o La Il\u00edada para llegar a Baudelaire o Neruda, pasando por Omar Khayyam, Berceo, La Celestina, el Arcipreste de Hita, Quevedo, Tirso de Molina, El Lazarillo de Tormes, Baltasar del Alc\u00e1zar, Espronceda, Poe, Villaespesa, los hermanos Machado, Valle-Incl\u00e1n, Blasco Ib\u00e1\u00f1ez, Caballero Bonald, Borges o Claudio Rodr\u00edguez, por mencionar s\u00f3lo una m\u00ednima muestra de los autores que han contado con el alcoh\u00f3lico jugo como motivo literario.<\/p>\n<p style=\"text-align: justify;\" data-adtags-visited=\"true\"><a href=\"https:\/\/albertogranados.files.wordpress.com\/2014\/03\/presentacic3b3n-cuentos-para-el-vino.jpg\"><img data-recalc-dims=\"1\" loading=\"lazy\" decoding=\"async\" class=\"aligncenter size-full wp-image-6464\" src=\"https:\/\/albertogranados.files.wordpress.com\/2014\/03\/presentacic3b3n-cuentos-para-el-vino.jpg?w=560&#038;h=308&#038;fit=560%2C308&#038;resize=560%2C308\" sizes=\"auto, (max-width: 560px) 100vw, 560px\" srcset=\"https:\/\/albertogranados.files.wordpress.com\/2014\/03\/presentacic3b3n-cuentos-para-el-vino.jpg?w=560&amp;h=308 560w, https:\/\/albertogranados.files.wordpress.com\/2014\/03\/presentacic3b3n-cuentos-para-el-vino.jpg?w=150&amp;h=83 150w, https:\/\/albertogranados.files.wordpress.com\/2014\/03\/presentacic3b3n-cuentos-para-el-vino.jpg?w=300&amp;h=165 300w, https:\/\/albertogranados.files.wordpress.com\/2014\/03\/presentacic3b3n-cuentos-para-el-vino.jpg?w=768&amp;h=423 768w, https:\/\/albertogranados.files.wordpress.com\/2014\/03\/presentacic3b3n-cuentos-para-el-vino.jpg 1007w\" alt=\"Presentaci\u00f3n Cuentos para el vino\" width=\"560\" height=\"308\" data-attachment-id=\"6464\" data-permalink=\"https:\/\/albertogranados.wordpress.com\/2014\/03\/17\/cuentos-para-el-vino\/presentacion-cuentos-para-el-vino\/\" data-orig-file=\"https:\/\/albertogranados.files.wordpress.com\/2014\/03\/presentacic3b3n-cuentos-para-el-vino.jpg\" data-orig-size=\"1007,554\" data-comments-opened=\"1\" data-image-meta=\"{&quot;aperture&quot;:&quot;0&quot;,&quot;credit&quot;:&quot;&quot;,&quot;camera&quot;:&quot;&quot;,&quot;caption&quot;:&quot;&quot;,&quot;created_timestamp&quot;:&quot;0&quot;,&quot;copyright&quot;:&quot;&quot;,&quot;focal_length&quot;:&quot;0&quot;,&quot;iso&quot;:&quot;0&quot;,&quot;shutter_speed&quot;:&quot;0&quot;,&quot;title&quot;:&quot;&quot;}\" data-image-title=\"Presentaci\u00f3n Cuentos para el vino\" data-image-description=\"\" data-image-caption=\"\" data-medium-file=\"https:\/\/albertogranados.files.wordpress.com\/2014\/03\/presentacic3b3n-cuentos-para-el-vino.jpg?w=300\" data-large-file=\"https:\/\/albertogranados.files.wordpress.com\/2014\/03\/presentacic3b3n-cuentos-para-el-vino.jpg?w=560\" \/><\/a><\/p>\n<p style=\"text-align: justify;\">En ese largo contexto, aparece \u201cCuentos para el vino\u201d (Segovia,\u00a0 Cylea Ediciones, 2013), <a href=\"https:\/\/albertogranados.wordpress.com\/2012\/05\/11\/cuentos-para-granada\/\">un nuevo empe\u00f1o editorial de Lola Vicente<\/a>, quien en su justificaci\u00f3n preliminar del libro, parte de una pregunta: \u00bfPor qu\u00e9 escribir cuentos para el vino? Responde a su propia indagaci\u00f3n aportando distintas justificaciones: por el car\u00e1cter de cultura ancestral que el vino conlleva; o por el seductor colorido que ofrece; o por asociarlo al amor, a la desinhibici\u00f3n, a la cordialidad y a la alegr\u00eda; y tambi\u00e9n porque el vino es un l\u00edquido natural que necesita una encendida defensa frente a otras bebidas no aut\u00f3ctonas; o porque incita a vivir\u2026 Tambi\u00e9n pesa, nos dice, el hecho de haberse criado junto a una bodega de su Yecla natal.<\/p>\n<p style=\"text-align: justify;\">\u201cCuentos para el vino\u201d se presenta hoy, 17 de marzo, a las 20,00 h., en el sal\u00f3n de actos del Instituto Padre Su\u00e1rez. Est\u00e1 formado por veintinueve relatos que abordan el fen\u00f3meno de la viticultura desde distintos enfoques, con estilos radicalmente distintos y centrando las tramas y sus personajes en diversos \u00e1mbitos geogr\u00e1ficos y temporales.<\/p>\n<p style=\"text-align: justify;\">Incluye tambi\u00e9n una breve secci\u00f3n sobre las variedades de la uva. Se trata de una imaginaria cata llamada \u201cVivencias del vino\u201d, escrita por el sumiller \u00d3scar Hernando. Hay tambi\u00e9n un emocionado ep\u00edlogo de \u00a0dedicado a la memoria de Medardo Fraile, a cargo de Jos\u00e9 L\u00f3pez Rueda, que fue su amigo y compa\u00f1ero de estudios, de teatro, de creaci\u00f3n y de la vida. Se cierra con una m\u00ednima nota biogr\u00e1fica de cada uno de los firmantes, que aparecemos por riguroso orden cronol\u00f3gico de nacimiento.<\/p>\n<p style=\"text-align: justify;\">Para rese\u00f1ar este libro he optado por hacer una clasificaci\u00f3n tem\u00e1tica, ni m\u00e1s ni menos acertada que otra cualquiera y en ning\u00fan caso estanca. He establecido seis categor\u00edas o divisiones, que son las siguientes:<\/p>\n<h3 style=\"text-align: justify;\">EL VINO COMO DESENCADENANTE DE PROCESOS AN\u00cdMICOS<\/h3>\n<p style=\"text-align: justify;\" data-adtags-visited=\"true\"><a href=\"https:\/\/albertogranados.files.wordpress.com\/2014\/03\/edward-hopper-halcones-de-la-noche-1942.jpg\"><img data-recalc-dims=\"1\" loading=\"lazy\" decoding=\"async\" class=\"aligncenter size-full wp-image-6465\" src=\"https:\/\/albertogranados.files.wordpress.com\/2014\/03\/edward-hopper-halcones-de-la-noche-1942.jpg?w=560&#038;h=305&#038;fit=560%2C305&#038;resize=560%2C305\" sizes=\"auto, (max-width: 560px) 100vw, 560px\" srcset=\"https:\/\/albertogranados.files.wordpress.com\/2014\/03\/edward-hopper-halcones-de-la-noche-1942.jpg?w=560&amp;h=305 560w, https:\/\/albertogranados.files.wordpress.com\/2014\/03\/edward-hopper-halcones-de-la-noche-1942.jpg?w=150&amp;h=82 150w, https:\/\/albertogranados.files.wordpress.com\/2014\/03\/edward-hopper-halcones-de-la-noche-1942.jpg?w=300&amp;h=163 300w, https:\/\/albertogranados.files.wordpress.com\/2014\/03\/edward-hopper-halcones-de-la-noche-1942.jpg 736w\" alt=\"Edward Hopper, Halcones de la noche,-1942\" width=\"560\" height=\"305\" data-attachment-id=\"6465\" data-permalink=\"https:\/\/albertogranados.wordpress.com\/2014\/03\/17\/cuentos-para-el-vino\/edward-hopper-halcones-de-la-noche-1942\/\" data-orig-file=\"https:\/\/albertogranados.files.wordpress.com\/2014\/03\/edward-hopper-halcones-de-la-noche-1942.jpg\" data-orig-size=\"736,401\" data-comments-opened=\"1\" data-image-meta=\"{&quot;aperture&quot;:&quot;0&quot;,&quot;credit&quot;:&quot;&quot;,&quot;camera&quot;:&quot;&quot;,&quot;caption&quot;:&quot;&quot;,&quot;created_timestamp&quot;:&quot;1129896034&quot;,&quot;copyright&quot;:&quot;&quot;,&quot;focal_length&quot;:&quot;0&quot;,&quot;iso&quot;:&quot;0&quot;,&quot;shutter_speed&quot;:&quot;0&quot;,&quot;title&quot;:&quot;&quot;}\" data-image-title=\"Edward Hopper, Halcones de la noche,-1942\" data-image-description=\"\" data-image-caption=\"\" data-medium-file=\"https:\/\/albertogranados.files.wordpress.com\/2014\/03\/edward-hopper-halcones-de-la-noche-1942.jpg?w=300\" data-large-file=\"https:\/\/albertogranados.files.wordpress.com\/2014\/03\/edward-hopper-halcones-de-la-noche-1942.jpg?w=560\" \/><\/a><\/p>\n<p style=\"text-align: justify;\">\u00a0<strong>Edward Hopper, Halcones de la noche,1942<\/strong><\/p>\n<p style=\"text-align: justify;\">Empezar\u00e9 por el tema que mayor presencia tiene en el libro: <i>el vino como desencadenante de procesos an\u00edmicos<\/i>, en el que he situado hasta ocho relatos, en los que el vino sirve de consuelo al dolor de una ruptura, ayuda al olvido, sirve de est\u00edmulo para rehabilitarse, ayuda en una relaci\u00f3n humana, despierta empat\u00edas, relaja las tensiones de lo cotidiano, recupera recuerdos\u2026<\/p>\n<p style=\"text-align: justify;\"><b>\u201cGran reserva\u201d<\/b>, de <b>Valeriano Franco<\/b>. Una botella de Pesquera Gran Reserva 2002 y una amable conversaci\u00f3n con una desconocida sirven para que el protagonista cambie la siniestra intenci\u00f3n con que ha llegado a un hotel. El vino tiene efectos terap\u00e9uticos muy positivos. Un aire de literatura negra y nocturna, perfectamente conseguida, llena este cuento.<\/p>\n<p style=\"text-align: justify;\"><b>\u201cLa hora del rioja\u201d,<\/b> firmado por <b>Hilario Barrero<\/b> nos habla de dos soledades conectadas a trav\u00e9s de internet. Una periodista, casada y madre de dos hijas, encuentra una renovada ilusi\u00f3n cuando se conecta con \u201cel hombre del rioja\u201d, un profesor de Nueva York que le traduce poemas y que tiene problemas de salud. As\u00ed de simple. Un cuento breve donde se sugiere m\u00e1s que se cuenta, dejando abiertas mil posibilidades argumentales. Sencillo, denso, estil\u00edsticamente perfecto.<\/p>\n<p style=\"text-align: justify;\">En este grupo tem\u00e1tico hay que situar mi propio relato, <a href=\"https:\/\/albertogranados.wordpress.com\/2013\/11\/28\/la-copa-del-viajero\/\"><b>\u201cLa copa del viajero\u201d<\/b><\/a>. He optado por una casa noble de la Grecia cl\u00e1sica en la que es acogido un viajero. Cuando cena con los due\u00f1os de la casa, comparten el vino y \u00e9ste obra el milagro: aparecen la amistad, la conversaci\u00f3n, lo noticioso, el deseo, la empat\u00eda\u2026 El vino como desencadenante de procesos afectivos, tan comunes e intemporales como complejos.<\/p>\n<p style=\"text-align: justify;\">El siguiente en esta categor\u00eda es <b>\u201cLa verdad que le brind\u00f3 el vino\u201d,<\/b> de <b>Alejandro P\u00e9rez Garc\u00eda<\/b>, centrado en la rehabilitaci\u00f3n de Jos\u00e9, un hijo pr\u00f3digo que regresa a sus or\u00edgenes para recuperar un vi\u00f1edo y una bodega. El trabajo tenaz, la vieja voz de su padre en su conciencia y la necesidad de superaci\u00f3n hacen de \u00e9l un notable cosechero, que encuentra su verdad en el vino.\u00a0 <b>\u00a0<\/b><\/p>\n<p style=\"text-align: justify;\"><b>\u201cDin\u00e1mica de un\u00a0 d\u00eda cualquiera\u201d<\/b>, de <b>Julia Gallo Sanz<\/b> t\u00edtulo que no enga\u00f1a, ya que se trata de la fatigosa rutina de una mujer, costumbre que alivia \u201cuna gotilla\u201d de vino con que acompa\u00f1a su almuerzo junto a su marido. La moderada ingesta de vino como un h\u00e1bito saludable y grato. Sencillez y realidad cotidiana en tierna simbiosis.<\/p>\n<p style=\"text-align: justify;\">Tambi\u00e9n he adscrito a esta categor\u00eda el relato <b>\u201cFuera de cobertura\u201d<\/b>, de <b>Jos\u00e9 Manuel Vidal Ortu\u00f1o<\/b>,\u00a0 en que un hombre entretiene la espera de su compa\u00f1era paladeando un vino, leyendo la etiqueta de la botella y reflexionando sobre su relaci\u00f3n. Los tres planos se mezclan con sabia maestr\u00eda en este cuento de soledades y copas de vino. El vino aparece aqu\u00ed como paliativo de la ausencia y como remedio para conseguir el olvido.<\/p>\n<p style=\"text-align: justify;\">En <b>\u201cMeditar en el vino\u201d<\/b>, de <b>Beatriz Villaca\u00f1as<\/b>, la semejanza de los colores de un ocaso y del vino que hay en una copa hace que a un poeta anciano se \u201cle subleve la melancol\u00eda\u201d y regrese su infancia para iniciar el repaso de su biograf\u00eda. Vino y recuerdos, con una voz sensorial, colorista y de un tono intimista muy emotivo.<\/p>\n<p style=\"text-align: justify;\">En mi opini\u00f3n, el \u00faltimo relato del libro tambi\u00e9n debe adscribirse a este grupo. Es obra de un autor afincado en Granada. Se trata de <b>\u201cCurioso viaje\u201d<\/b>, que firma alguien que se oculta tras su seud\u00f3nimo habitual: <b>Sir Henry Willowy<\/b>. Narra el azaroso viaje de Eduardo Rienzi desde Padua a Constantza. Autob\u00fas, presencia de viajeros desagradables, el cruce en barco del Danubio\u2026 son situaciones que permiten al viajero ir conociendo gentes, costumbres y vinos. Tal vez haya demasiado autobiogr\u00e1fico en el relato\u2026<\/p>\n<h3 style=\"text-align: justify;\">VINO E INFANCIA<\/h3>\n<p style=\"text-align: justify;\">Otra categor\u00eda que establezco, <i>vino e infancia<\/i>, muy cercana a la anterior, est\u00e1 formada por un total de cinco relatos, en los que la ingesta de vino, haciendo el mismo efecto que aquella magdalena de Proust, lleva al bebedor a su infancia, a sus ra\u00edces y sus recuerdos.<\/p>\n<p style=\"text-align: justify;\">Es el caso del relato del prol\u00edfico <b>Carlos Murciano<\/b><b><\/b>,\u00a0 \u00abSor Mar\u00eda\u00bb<b> , <\/b>lleno de claves bodegueras: una jovenc\u00edsima monja, al apurar el vino de consagrar, revive su infancia en una familia vinculada a la producci\u00f3n de vino. Intimismo, un eficaz tratamiento del proceso psicol\u00f3gico de la protagonista y una pregunta final, cuya respuesta resume la vida de toda persona.<\/p>\n<p style=\"text-align: justify;\">En \u00a0<b>\u201cEl marinero de Noja\u201d<\/b>, del madrile\u00f1o <b>Juan Ruiz de Torres<\/b>, se<b> <\/b>exponen las diferencias de percepci\u00f3n entre un ni\u00f1o de Noja y un ni\u00f1o manchego de Tomelloso centran la trama, que supone un proceso inici\u00e1tico del c\u00e1ntabro en el territorio de la degustaci\u00f3n del vino manchego. Costumbrista, etnogr\u00e1fico y enol\u00f3gico, sutil y agradable, como una buena copa de vino manchego.<\/p>\n<p style=\"text-align: justify;\">El relato de la propia editora, <b>Lola Vicente<\/b>, se llama <b>\u201cPan con vino y az\u00facar\u201d<\/b>: una mujer destinada lejos de su origen yeclano cuenta vivencias de su infancia que al principio aburren a quienes la rodean. Sin embargo la machaconer\u00eda de la protagonista (\u00bfquiz\u00e1s la misma autora?) termina por infundir complacencia en sus compa\u00f1eros. Un relato que asocia vino y recuerdos, en ese siempre eficaz retorno literario a esa feliz arcadia que es la evocaci\u00f3n de la infancia.\u00a0<\/p>\n<p style=\"text-align: justify;\"><b>\u201cPasadito de pan, vino y az\u00facar\u201d, <\/b>firmado por <b>Mercedes Molina Mir<\/b>, hace referencia a un tema doloroso: las personas extra\u00f1as a las que se encomienda el cuidado de nuestros enfermos seniles. En el cuento, Damiana, que cuida a don Enrique, intercambia con \u00e9l la vieja merienda de su infancia a cambio de viejas historias, en realidad la memoria familiar, con sus inconfesables chismorreos, por imprudencia puestos en manos de una extra\u00f1a. Sentido del humor para un problema humano, fina iron\u00eda y tres generaciones cada una con su fase vital y sus problemas.<\/p>\n<p style=\"text-align: justify;\">El \u00faltimo relato de esta categor\u00eda es obra de <b>Carolina Molina<\/b>. Se llama <b>\u201cLa siesta\u201d<\/b> y est\u00e1 dedicado a la memoria del desaparecido Medardo Fraile. Oportuna dedicatoria, ya que trata de la muerte de un personaje, el abuelo Isacio, que a los ojos de su nieto es el poseedor de todas las sabidur\u00edas y de un chaleco que contiene la llave de la bodega, el \u00e1mbito donde ambos participan de una tierna complicidad. El abuelo lo inicia en el sabor del vino y, con su muerte, en los misterios insondables del ser humano. Un tono contenido, m\u00e1gico y di\u00e1fano, impregna de ternura este delicioso cuento.<\/p>\n<p style=\"text-align: justify;\" data-adtags-visited=\"true\"><a href=\"https:\/\/albertogranados.files.wordpress.com\/2014\/03\/figuras-de-una-vasija-griega.jpg\"><img data-recalc-dims=\"1\" loading=\"lazy\" decoding=\"async\" class=\"aligncenter size-full wp-image-6466\" src=\"https:\/\/albertogranados.files.wordpress.com\/2014\/03\/figuras-de-una-vasija-griega.jpg?w=560&#038;h=294&#038;fit=560%2C294&#038;resize=560%2C294\" sizes=\"auto, (max-width: 560px) 100vw, 560px\" srcset=\"https:\/\/albertogranados.files.wordpress.com\/2014\/03\/figuras-de-una-vasija-griega.jpg?w=560&amp;h=294 560w, https:\/\/albertogranados.files.wordpress.com\/2014\/03\/figuras-de-una-vasija-griega.jpg?w=150&amp;h=79 150w, https:\/\/albertogranados.files.wordpress.com\/2014\/03\/figuras-de-una-vasija-griega.jpg?w=300&amp;h=158 300w, https:\/\/albertogranados.files.wordpress.com\/2014\/03\/figuras-de-una-vasija-griega.jpg 600w\" alt=\"Figuras de una vasija griega\" width=\"560\" height=\"294\" data-attachment-id=\"6466\" data-permalink=\"https:\/\/albertogranados.wordpress.com\/2014\/03\/17\/cuentos-para-el-vino\/figuras-de-una-vasija-griega\/\" data-orig-file=\"https:\/\/albertogranados.files.wordpress.com\/2014\/03\/figuras-de-una-vasija-griega.jpg\" data-orig-size=\"600,315\" data-comments-opened=\"1\" data-image-meta=\"{&quot;aperture&quot;:&quot;0&quot;,&quot;credit&quot;:&quot;&quot;,&quot;camera&quot;:&quot;&quot;,&quot;caption&quot;:&quot;&quot;,&quot;created_timestamp&quot;:&quot;0&quot;,&quot;copyright&quot;:&quot;&quot;,&quot;focal_length&quot;:&quot;0&quot;,&quot;iso&quot;:&quot;0&quot;,&quot;shutter_speed&quot;:&quot;0&quot;,&quot;title&quot;:&quot;&quot;}\" data-image-title=\"Figuras de una vasija griega\" data-image-description=\"\" data-image-caption=\"\" data-medium-file=\"https:\/\/albertogranados.files.wordpress.com\/2014\/03\/figuras-de-una-vasija-griega.jpg?w=300\" data-large-file=\"https:\/\/albertogranados.files.wordpress.com\/2014\/03\/figuras-de-una-vasija-griega.jpg?w=560\" \/><\/a><\/p>\n<p style=\"text-align: justify;\">\u00a0<strong>Figuras de una vasija griega<\/strong><\/p>\n<h3 style=\"text-align: justify;\">VINO Y HUMOR<\/h3>\n<p style=\"text-align: justify;\">En los cuentos que he incluido en la tercera categor\u00eda, predomina el sentido l\u00fadico y desenfadado de la vida. La he llamado <i>vino y humor<\/i> e incluye cuatro cuentos.<\/p>\n<p style=\"text-align: justify;\">El segundo cuento del libro, llamado <b>\u201cCuento de vino y m\u00fasica\u201d<\/b>, de <b>\u00c1ngel Alcal\u00e1<\/b>, es todo un ejercicio de metaliteratura: un profesor tiene que enfrentarse al siempre imprevisible reto de escribir un cuento. Evoca a sus fuentes literarias (el Quijote, Stevenson, Cecilia Thaxter, la Celestina\u2026) y escucha su m\u00fasica favorita (Schumann) en busca de inspiraci\u00f3n, pero el folio en blanco impone su tiran\u00eda. Hasta que sigue el consejo del nieto\u2026 Iron\u00eda, sentido del humor, desmitificaci\u00f3n de la escritura, puro ejercicio l\u00fadico.<\/p>\n<p style=\"text-align: justify;\">En <b>\u201cQu\u00e9 naufragio m\u00e1s tonto\u201d<\/b>, de <b>\u00c1ngela Reyes<\/b>, se cuenta la sorprendente lucha por sobrevivir a un impreciso naufragio de Lila y Poncho, quienes a la desesperada, intentan salir a flote de una situaci\u00f3n que los amenaza y que s\u00f3lo al final del cuento queda aclarada. Humor, iron\u00eda, un poco de angustia y un golpe de efecto final son los rasgos de este poco convencional y divertido relato.\u00a0<\/p>\n<p style=\"text-align: justify;\">La granadina <b>Ayes Tortosa<\/b> firma el cuento llamado <b>\u201c\u00bfC\u00f3mo es posible que quepan tantas cosas en la tienda de Nicol\u00e1s?\u201d<\/b>. De nuevo, la autora va a las calles del Albayz\u00edn granadino en busca de un universo narrativo. En el viejo barrio sit\u00faa a un personaje entra\u00f1able y m\u00e1gico, Nicol\u00e1s, due\u00f1o de una exigua tienda donde se puede encontrar todo cuanto se necesite, por impensable que parezca. Fino humor, un personaje perfectamente trazado y una tierna trama que remite al realismo m\u00e1gico narrativo.<\/p>\n<p style=\"text-align: justify;\"><b>\u201cEl velatorio\u201d<\/b>, del poeta y novelista <b>Fernando de Villena<\/b>. En el relato aparece el viajante de comercio y fil\u00f3sofo dom\u00e9stico de los a\u00f1os sesenta Bernardo Ambroz, un personaje de su creaci\u00f3n que pronto volver\u00e1 a ofrecer nuevos cuentos. En esta ocasi\u00f3n, el protagonista y su acompa\u00f1ante comparten amistad y copas de vino con un viejo se\u00f1or de Priego, al que visita cada vez que su ruta lo lleva a la elegante villa cordobesa. Una de las veces que llega al pueblo, \u201cen su flamante seiscientos\u201d, su amigo acaba de fallecer y le deja una curiosa herencia: un barril de vino. Costumbrismo de una \u00e9poca, soltura narrativa y ternura, en la siempre eficaz l\u00ednea narrativa de Villena.<\/p>\n<h3 style=\"text-align: justify;\">TRATAMIENTO ANTROPOL\u00d3GICO DE LA A VITICULTURA<\/h3>\n<p style=\"text-align: justify;\">Y una nueva categor\u00eda que, de un modo u otro, lleva consigo el <i>tratamiento antropol\u00f3gico de la a viticultura<\/i>: el proceso fabril, la angustia de la cosecha, las herramientas, usos y costumbres, personajes, el mundo de la bodega\u2026 enfocados desde distintas perspectivas, llevan al lector a la exacta percepci\u00f3n de que el vino lleva tras s\u00ed una larga y rigurosa historia de afanes y desvelos. Seis cuentos conforman esta categor\u00eda, que \u2013lo repito- no considero estanca respecto a las dem\u00e1s, ya que estos relatos tambi\u00e9n suelen ir de la mano de un regreso a la infancia.<\/p>\n<p style=\"text-align: justify;\">es obra de <b>Jos\u00e9 L\u00f3pez Mart\u00ednez<\/b>, y nos explica la s\u00f3lida amistad entre Joaqu\u00edn, un hombre viudo, y Candelero, un soltero, que por ser poco gregarios, cultivan su amistad compartiendo charla y copas. Una tarde de procesi\u00f3n se a\u00edslan y hablan de poes\u00eda y vinos. Aparecen, c\u00f3mo no, las <i>rubbayat<\/i> de Omar Khayyan. Copas y conversaci\u00f3n llevan a todo un intercambio de ideas sobre la viticultura, un tesoro aprendido en la ni\u00f1ez, tan lejana y rica como algunas cuartetas del poeta persa.<\/p>\n<p style=\"text-align: justify;\">El periodista <b>Esteban de las Heras Balb\u00e1s<\/b>, burgal\u00e9s de nacimiento, parece rendirle homenaje a nuestro idioma castellano, surgido en un monasterio cercano a su propio lugar de origen. Para ello, despliega un brillante l\u00e9xico relacionado con la viticultura. Son nobles voces patrimoniales (ubio, garia, dalle, escabuche, garillo, ca\u00f1izadera\u2026), algunas no reconocidas por la RAE, que dan al cuento un sabor noble y primigenio\u00a0 En su cuento, llamado <b>\u201cEl garillo\u201d<\/b><b><\/b>,la sencilla trama (de nuevo, una entra\u00f1able vuelta al pasado, a las complicidades antiguas) parece estar al servicio de la muestra de vocabulario aut\u00f3ctono, sin perder un \u00e1pice de\u00a0 frescura o eficacia en el planteamiento o el tono narrativos. Me ha parecido uno de los mejores del conjunto.<\/p>\n<p style=\"text-align: justify;\"><b>\u201cEl largo ritual\u201d<\/b>, de <b>Lourdes Ortega Puche<\/b>, ahonda en el calvario que supone lograr unas buenas cosechas y un buen un buen nombre en el mundo del vino. En la inauguraci\u00f3n de un restaurante, alguien establece la diferencia entre el ritual de los invitados, que esperan degustar un magn\u00edfico vino y otro mucho m\u00e1s largo y doliente, de luchar durante muchas d\u00e9cadas con el campo para arrancarle el mejor vino. El relato va dedicado al padre de la autora, que es (o fue) cosechero de Yecla, y ese recuerdo lo impregna de ternura.<\/p>\n<p style=\"text-align: justify;\">En <b>\u201cBaquito, el de las botellas\u201d,<\/b> relato de <b>Emilio Porta<\/b>, aparece una perspectiva diferente del vino: el paladar de un sumiller. En efecto, Paquito, despu\u00e9s llamado Baquito por su profesi\u00f3n, desarrolla desde la ni\u00f1ez su sentido del gusto y se especializa en vinos, campo en el que obtiene un notable \u00e9xito profesional. Ignoro si se trata de un personaje real. Si no lo es, deber\u00eda serlo.<\/p>\n<p style=\"text-align: justify;\"><b>\u00c1ngel Olgoso<\/b> firma el relato <b>\u201cLos buenos caldos\u201d<\/b>.<b> <\/b>Un cuento m\u00ednimo en extensi\u00f3n, pero lleno de enjundia. No es precisamente nueva la destreza de Olgoso para resolver con absoluta eficacia el binomio brevedad\/intensidad, aqu\u00ed magn\u00edficamente aplicado a un terrible rito de preparaci\u00f3n de la vendimia.\u00a0<\/p>\n<p style=\"text-align: justify;\">Tambi\u00e9n entra dentro de este grupo <b>\u201cGu\u00e1rdame el secreto\u201d,<\/b> de <b>Ana Mar\u00eda Tom\u00e1s<\/b>, que ahonda en esa \u201cfilosof\u00eda\u201d especial, tan pr\u00f3xima de la alquimia, del bodeguero. La muerte del abuelo de la protagonista la hace regresar a la infancia y tomar una decisi\u00f3n dr\u00e1stica que cambie su vida.<\/p>\n<h3 style=\"text-align: justify;\">EL VINO COMO INSTRUMENTO DEL FATUM<\/h3>\n<p style=\"text-align: justify;\">He encontrado un cuento que por s\u00ed mismo establece una categor\u00eda: <i>el vino como instrumento del fatum<\/i>. Se trata de <b>\u201cEllas\u2026\u201d<\/b>, de la ceut\u00ed <b>Mar\u00eda Manuela Dol\u00f3n<\/b>, relato que habla de literatura. De teatro, concretamente: un autor y actor teatral debe tomar un autob\u00fas que lo tendr\u00eda que conducir al papel de su vida. Ellas, las botellas de vino, le hacen perder su ocasi\u00f3n, aunque\u2026 La vida juega con las criaturas desde los dos lados del espejo en este cuento de vivo fatalismo.<\/p>\n<h3 style=\"text-align: justify;\">EL VINO COMO CAMINO DE PERDICI\u00d3N<\/h3>\n<p style=\"text-align: justify;\" data-adtags-visited=\"true\"><a href=\"https:\/\/albertogranados.files.wordpress.com\/2014\/03\/el-triunfo-de-baco-o-los-borrachos.jpg\"><img data-recalc-dims=\"1\" loading=\"lazy\" decoding=\"async\" class=\"aligncenter size-full wp-image-6467\" src=\"https:\/\/albertogranados.files.wordpress.com\/2014\/03\/el-triunfo-de-baco-o-los-borrachos.jpg?w=560&#038;h=406&#038;fit=560%2C406&#038;resize=560%2C406\" sizes=\"auto, (max-width: 560px) 100vw, 560px\" srcset=\"https:\/\/albertogranados.files.wordpress.com\/2014\/03\/el-triunfo-de-baco-o-los-borrachos.jpg?w=560&amp;h=406 560w, https:\/\/albertogranados.files.wordpress.com\/2014\/03\/el-triunfo-de-baco-o-los-borrachos.jpg?w=150&amp;h=109 150w, https:\/\/albertogranados.files.wordpress.com\/2014\/03\/el-triunfo-de-baco-o-los-borrachos.jpg?w=300&amp;h=218 300w, https:\/\/albertogranados.files.wordpress.com\/2014\/03\/el-triunfo-de-baco-o-los-borrachos.jpg?w=768&amp;h=558 768w, https:\/\/albertogranados.files.wordpress.com\/2014\/03\/el-triunfo-de-baco-o-los-borrachos.jpg 800w\" alt=\"''El triunfo de Baco o Los borrachos''\" width=\"560\" height=\"406\" data-attachment-id=\"6467\" data-permalink=\"https:\/\/albertogranados.wordpress.com\/2014\/03\/17\/cuentos-para-el-vino\/el-triunfo-de-baco-o-los-borrachos\/\" data-orig-file=\"https:\/\/albertogranados.files.wordpress.com\/2014\/03\/el-triunfo-de-baco-o-los-borrachos.jpg\" data-orig-size=\"800,581\" data-comments-opened=\"1\" data-image-meta=\"{&quot;aperture&quot;:&quot;0&quot;,&quot;credit&quot;:&quot;&quot;,&quot;camera&quot;:&quot;&quot;,&quot;caption&quot;:&quot;&quot;,&quot;created_timestamp&quot;:&quot;0&quot;,&quot;copyright&quot;:&quot;&quot;,&quot;focal_length&quot;:&quot;0&quot;,&quot;iso&quot;:&quot;0&quot;,&quot;shutter_speed&quot;:&quot;0&quot;,&quot;title&quot;:&quot;&quot;}\" data-image-title=\"\u00bbEl triunfo de Baco o Los borrachos\u00bb\" data-image-description=\"\" data-image-caption=\"\" data-medium-file=\"https:\/\/albertogranados.files.wordpress.com\/2014\/03\/el-triunfo-de-baco-o-los-borrachos.jpg?w=300\" data-large-file=\"https:\/\/albertogranados.files.wordpress.com\/2014\/03\/el-triunfo-de-baco-o-los-borrachos.jpg?w=560\" \/><\/a><\/p>\n<p style=\"text-align: justify;\">\u00a0Vel\u00e1zquez, <strong>\u00bbEl triunfo de Baco\u00bb o \u00abLos borrachos\u00bb<\/strong><\/p>\n<p style=\"text-align: justify;\">He dejado para el final el aspecto menos amable del vino: su dimensi\u00f3n negativa, es decir, el vino como camino de perdici\u00f3n, como vicio o viaje a la degradaci\u00f3n del ser humano. El fen\u00f3meno aparece retratado desde distintos puntos de vista (etnogr\u00e1fico, costumbrista, fatalista,\u00a0 moralista e incluso religioso). He encontrado cinco cuentos para esta categor\u00eda.<\/p>\n<p style=\"text-align: justify;\">\u00a0\u00a0\u00a0\u00a0\u00a0\u00a0\u00a0 <b>Julio Alfredo Egea<\/b> abre el libro con su relato <b>\u201cCasimiro el tuerto\u201d<\/b>, premio Ciudad de Hell\u00edn en 1989, en que el protagonista inicia el camino imparable a su propio infierno por el abuso del vino. El amor, el desenga\u00f1o, el cante flamenco, el ambiente gitano\u2026 completan el universo perfecto de este amen\u00edsimo cuento, que fluye con un sabio estilo literario. Un magn\u00edfico inicio del libro, indudablemente.<\/p>\n<p style=\"text-align: justify;\">\u00a0\u00a0\u00a0\u00a0\u00a0\u00a0\u00a0 <b>\u201cCarmen\u201d<\/b> es la aportaci\u00f3n de <b>Francisco Gil Craviotto<\/b>. Cuento ambientado en Les Mureaux, pueblo de la regi\u00f3n parisina que el autor conoce tan bien (ha sido su lugar de residencia durante dos d\u00e9cadas), nos muestra el proceso autodestructivo de una <i>clocharde<\/i> apodada Carmen. La mujer encuentra en el vino un paliativo para su \u00edntima tragedia, un camino directo e irreversible hacia la muerte. Ternura, milim\u00e9trica exactitud en el trazado del personaje y de los que la rodean\u2026 y un denso aire tr\u00e1gico que envuelve la trama y al personaje. Otro de los hitos de este libro.<\/p>\n<p style=\"text-align: justify;\">\u00a0\u00a0\u00a0\u00a0\u00a0\u00a0\u00a0 <b>\u201cPatricia Lobillo\u201d<\/b>, de <b>Alejandro Moreno Romero<\/b>, tambi\u00e9n se ocupa de id\u00e9ntico argumento: la bajada a los infiernos de una alcoh\u00f3lica irrecuperable. En este caso, bodeguera, lo que le da a la trama un aire fatalista, de camino sin retorno. Ritmo narrativo muy exacto y un personaje s\u00f3lidamente trazado.<\/p>\n<p style=\"text-align: justify;\">\u00a0\u00a0\u00a0\u00a0\u00a0\u00a0\u00a0 En <b>\u201cUn vasito de vino\u201d<\/b>, del te\u00f3logo Luis Arrillaga, un hombre de 47 a\u00f1os, aquejado de una minusval\u00eda ps\u00edquica, abandona su met\u00f3dica vida de lecturas, cine y conciertos cuando se deja llevar por las disciplinas de pensamiento oriental y cae en el alcoholismo destructor. Tambi\u00e9n deja a sus viejos amigos y su medicaci\u00f3n.<\/p>\n<p style=\"text-align: justify;\">Y cierra esta rese\u00f1a un relato de la granadina <b>Celia Correa G\u00f3ngora<\/b>. Su cuento, <b>\u201cMortalmente vivo\u201d<\/b>, trata de la ca\u00edda en picado de un hombre\u00a0 que, de ejercer la cirug\u00eda y tener prestigio, pasa a la indigencia callejera. Una situaci\u00f3n que, lamentablemente, se nos presenta cada vez con m\u00e1s frecuencia. Dram\u00e1tico, denso, escueto, realista\u2026 entra perfectamente en esta categor\u00eda.<\/p>\n<p style=\"text-align: justify;\">El libro, considerado globalmente, supone una indagaci\u00f3n literaria muy completa sobre el mundo y la cultura del vino y un conjunto de una calidad ciertamente notable. Si es verdad que en el vino est\u00e1 la verdad, en este libro est\u00e1n casi todas las verdades del vino.<\/p>\n<h2 style=\"text-align: justify;\">Alberto Granados<\/h2>\n<p style=\"text-align: justify;\"><span class=\"sep\">Publicado por <span class=\"author vcard\"><a class=\"url fn n\" title=\"Ver todas las entradas de Alberto Granados\" href=\"https:\/\/albertogranados.wordpress.com\/author\/albertogranados\/\">Alberto Granados<\/a><\/span> el <\/span> <span class=\"entry-date\"><a title=\"8:26\" href=\"https:\/\/albertogranados.wordpress.com\/2014\/03\/17\/cuentos-para-el-vino\/\" rel=\"bookmark\">17 marzo, 2014<\/a><\/span><\/p>\n<blockquote class=\"wp-embedded-content\" data-secret=\"PUy9I36IAb\"><p><a href=\"https:\/\/albertogranados.wordpress.com\/2014\/03\/17\/cuentos-para-el-vino\/\">Cuentos para el&nbsp;vino<\/a><\/p><\/blockquote>\n<p><iframe loading=\"lazy\" class=\"wp-embedded-content\" sandbox=\"allow-scripts\" security=\"restricted\" style=\"position: absolute; visibility: hidden;\" title=\"\u00abCuentos para el&nbsp;vino\u00bb \u2014 Alberto Granados\" src=\"https:\/\/albertogranados.wordpress.com\/2014\/03\/17\/cuentos-para-el-vino\/embed\/#?secret=YAERjgT12a#?secret=PUy9I36IAb\" data-secret=\"PUy9I36IAb\" width=\"600\" height=\"338\" frameborder=\"0\" marginwidth=\"0\" marginheight=\"0\" scrolling=\"no\"><\/iframe><\/p>\n<\/div>\n<\/div>\n<\/div>\n<\/div>\n","protected":false},"excerpt":{"rendered":"<p>La cultura del vino ha ocupado la cuenca mediterr\u00e1nea desde los tiempos m\u00e1s remotos de&#8230;<\/p>\n","protected":false},"author":1,"featured_media":67790,"comment_status":"closed","ping_status":"closed","sticky":false,"template":"","format":"standard","meta":{"_coblocks_attr":"","_coblocks_dimensions":"","_coblocks_responsive_height":"","_coblocks_accordion_ie_support":"","jetpack_post_was_ever_published":false,"_jetpack_newsletter_access":"","_jetpack_dont_email_post_to_subs":false,"_jetpack_newsletter_tier_id":0,"_jetpack_memberships_contains_paywalled_content":false,"_jetpack_memberships_contains_paid_content":false,"footnotes":"","jetpack_publicize_message":"","jetpack_publicize_feature_enabled":true,"jetpack_social_post_already_shared":true,"jetpack_social_options":{"image_generator_settings":{"template":"highway","default_image_id":0,"enabled":false},"version":2}},"categories":[39,1161,44,6937],"tags":[],"class_list":["post-67789","post","type-post","status-publish","format-standard","has-post-thumbnail","hentry","category-opinion-de-alberto-granados","category-ciudadania","category-noticias-de-hoy","category-sociedad"],"jetpack_publicize_connections":[],"jetpack_featured_media_url":"https:\/\/i0.wp.com\/miradordeatarfe.es\/wp-content\/uploads\/2024\/03\/images.jpeg?fit=257%2C196&ssl=1","jetpack_likes_enabled":true,"jetpack_sharing_enabled":true,"_links":{"self":[{"href":"https:\/\/miradordeatarfe.es\/index.php?rest_route=\/wp\/v2\/posts\/67789","targetHints":{"allow":["GET"]}}],"collection":[{"href":"https:\/\/miradordeatarfe.es\/index.php?rest_route=\/wp\/v2\/posts"}],"about":[{"href":"https:\/\/miradordeatarfe.es\/index.php?rest_route=\/wp\/v2\/types\/post"}],"author":[{"embeddable":true,"href":"https:\/\/miradordeatarfe.es\/index.php?rest_route=\/wp\/v2\/users\/1"}],"replies":[{"embeddable":true,"href":"https:\/\/miradordeatarfe.es\/index.php?rest_route=%2Fwp%2Fv2%2Fcomments&post=67789"}],"version-history":[{"count":2,"href":"https:\/\/miradordeatarfe.es\/index.php?rest_route=\/wp\/v2\/posts\/67789\/revisions"}],"predecessor-version":[{"id":67792,"href":"https:\/\/miradordeatarfe.es\/index.php?rest_route=\/wp\/v2\/posts\/67789\/revisions\/67792"}],"wp:featuredmedia":[{"embeddable":true,"href":"https:\/\/miradordeatarfe.es\/index.php?rest_route=\/wp\/v2\/media\/67790"}],"wp:attachment":[{"href":"https:\/\/miradordeatarfe.es\/index.php?rest_route=%2Fwp%2Fv2%2Fmedia&parent=67789"}],"wp:term":[{"taxonomy":"category","embeddable":true,"href":"https:\/\/miradordeatarfe.es\/index.php?rest_route=%2Fwp%2Fv2%2Fcategories&post=67789"},{"taxonomy":"post_tag","embeddable":true,"href":"https:\/\/miradordeatarfe.es\/index.php?rest_route=%2Fwp%2Fv2%2Ftags&post=67789"}],"curies":[{"name":"wp","href":"https:\/\/api.w.org\/{rel}","templated":true}]}}