{"id":67794,"date":"2024-03-13T10:09:21","date_gmt":"2024-03-13T09:09:21","guid":{"rendered":"https:\/\/miradordeatarfe.es\/?p=67794"},"modified":"2024-03-10T21:14:54","modified_gmt":"2024-03-10T20:14:54","slug":"la-junta-elimina-plazas-en-la-educacion-publica-en-periodo-de-escolarizacion","status":"publish","type":"post","link":"https:\/\/miradordeatarfe.es\/?p=67794","title":{"rendered":"La Junta elimina plazas en la educaci\u00f3n p\u00fablica en periodo de escolarizaci\u00f3n"},"content":{"rendered":"<section class=\"cabecera\">\n<div class=\"container\">\n<div class=\"row\">\n<div id=\"compartirPrincipal\" class=\"col-md-10\">\n<h3 class=\"entradilla\" style=\"text-align: justify;\">Sindicatos y colectivos de AMPAS denuncian la perdida de plazas en la educaci\u00f3n p\u00fablica por cuarto a\u00f1o consecutivo en pleno periodo de escolarizaci\u00f3n.<\/h3>\n<\/div>\n<\/div>\n<\/div>\n<\/section>\n<section id=\"articulo-textos\" class=\"contenido articulo-textos\">\n<div class=\"container\">\n<div class=\"row\">\n<div class=\"col-contenido med\">\n<div class=\"container\">\n<div class=\"row\">\n<div class=\"col-md-9\">\n<div class=\"contenido\">\n<p style=\"text-align: justify;\">El per\u00edodo de escolarizaci\u00f3n de Andaluc\u00eda comenz\u00f3, como es costumbre, al principio del mes de marzo y se extender\u00e1 hasta finales del mismo. Este proceso viene acompa\u00f1ado un a\u00f1o m\u00e1s, como denuncian sindicatos y AMPAS, por el recorte de plazas en la <a href=\"https:\/\/www.elsaltodiario.com\/educacion-publica\" target=\"_blank\" rel=\"noopener\">educaci\u00f3n p\u00fablica<\/a>. Seg\u00fan los datos recabados por el sindicato USTEA la red de centros educativos p\u00fablicos perder\u00e1 el pr\u00f3ximo curso unas 300 plazas.<\/p>\n<p style=\"text-align: justify;\">Marina Jim\u00e9nez, presidenta de la Confedereaci\u00f3n Andaluza de Asociaciones de Madres y Padres del Alumnado por la Educaci\u00f3n P\u00fablica (CODAPA), ha estado presente en las comisiones que se realizan para observar las plazas que tendr\u00e1n el pr\u00f3ximo curso los <a href=\"https:\/\/www.elsaltodiario.com\/educacion-publica\/andalucia-arranca-curso-educacion-publica-llamas\" target=\"_blank\" rel=\"noopener\">centros andaluces<\/a>: \u201cEn estos primeros d\u00edas de marzo se han estado celebrando las comisiones de admisi\u00f3n de garant\u00eda en toda Andaluc\u00eda, Ah\u00ed es donde se ven todos la las vacantes de salida que tienen los centros educativos, tanto p\u00fablicos como concertados. Estamos viendo que se siguen cerrando las unidades en la p\u00fablica, especialmente en infantil. Si un centro siempre ha tenido dos l\u00edneas de infantil, estamos viendo que hay sitios donde se est\u00e1 eliminando y nada m\u00e1s que se sale con una sola l\u00ednea. Entonces se reducen a la mitad las posibilidades y las vacantes que se ofertan en ese centro\u201d.<\/p>\n<blockquote><p>\u201cLos concertados tienen un blindaje que nosotros llevamos ya mucho tiempo pidiendo, que se aplique a los centros educativos p\u00fablicos\u201d, comenta Maribel Jim\u00e9nez<\/p><\/blockquote>\n<p style=\"text-align: justify;\">No es la primera vez que se realizan recortes en las plazas p\u00fablicas de educaci\u00f3n en Andaluc\u00eda. Durante la pasada legislatura del actual presidente de la Junta de Andaluc\u00eda, <a href=\"https:\/\/www.elsaltodiario.com\/sanidad-publica\/ochavillo-del-rio-contra-bonilla-100-kms-a-pie-sanidad-publica-zonas-rurales\" target=\"_blank\" rel=\"noopener\">Juanma Moreno Bonilla <\/a>se suprimieron un total de 1.457 clases. Carmen Yuste, profesora y responsable de acci\u00f3n sindical de USTEA insiste: \u201cEn muchos casos, la supresi\u00f3n de unidades se arrastra ya de forma masiva en los \u00faltimos cuatro a\u00f1os desde la llegada al poder de Moreno Bonilla y en los centros y en las provincias y entre los colectivos de la comunidad educativa se asume ya como una realidad que cada a\u00f1o se van suprimiendo clases de la educaci\u00f3n p\u00fablica, digamos que ya se ha perdido un poco el impacto y el shock de las primeras supresiones masivas\u201d.<\/p>\n<p style=\"text-align: justify;\">Desde CODAPA y USTEA denuncian la falta de transparencia y los bloqueos a la participaci\u00f3n de las profesionales de los equipos directivos de los centros educativos en la planificaci\u00f3n de los cursos siguientes. Los equipos directivos realizan a principio de curso unas previsiones a las delegaciones provinciales de educaci\u00f3n para planear el curso siguiente. \u201cPues todos estos datos que se le pasan a las delegaciones despu\u00e9s cuando llegan la hora de la escolarizaci\u00f3n, ven que no se han tenido en cuenta en m\u00e1s de un 90% de los casos. Es decir, que los propios equipos directivos, que son los que saben que est\u00e1 pasando y que necesitan, no son escuchados en el servicio de planificaci\u00f3n de cada provincia\u201d, denuncia Marina Jim\u00e9nez. A pesar de que los recortes en las plazas de la educaci\u00f3n p\u00fablica se llevan sucediendo en los \u00faltimos a\u00f1os, la consejer\u00eda de educaci\u00f3n no presenta datos oficiales al respecto: \u201cLo cierto es que la Consejer\u00eda niega que vayan a producirse supresiones y hablan de reorganizaci\u00f3n, es el eufemismo que utilizan, pero lo cierto es que no nos dan datos oficiales, no quieren confirmar lo que est\u00e1n negando c\u00ednicamente\u201d, insiste Carmen Yuste.<\/p>\n<p style=\"text-align: justify;\">El gobierno de Juanma Moreno lleva a\u00f1os justificando el recorte de plazas en la educaci\u00f3n p\u00fablica por la bajada de la natalidad, sin embargo, los recortes no se producen en las escuelas concertadas.\u201cLa bajada de natalidad se est\u00e1 produciendo, es innegable. Pero parece que la bajada de natalidad se produce un fen\u00f3meno muy curioso y es que por lo visto solo afecta a la educaci\u00f3n p\u00fablica. Se cierran a\u00f1o tras a\u00f1o l\u00edneas en la escuela p\u00fablica, mientras la escuela concertada mantiene sus unidades intactas\u201d, puntualiza Carmen Yuste.<\/p>\n<p style=\"text-align: justify;\">Marina Jim\u00e9nez insiste en que la bajada de la natalidad puede incidir en bajar la ratio de las aulas: \u201cSi t\u00fa ahora mismo est\u00e1s argumentando que en vez de sacar 50 solicitudes en tres a\u00f1os en funci\u00f3n de los n\u00fameros de solicitudes de otro a\u00f1o, lo dejas a 25 porque no haces una cosa. Sigue sacando las 50 unidades que el centro va a tener la misma dotaci\u00f3n de personal y de recursos y de todo que ten\u00eda el a\u00f1o anterior. Y si en vez de esa 50, pues se quedan llenando 35 o 40, pues, la siguen manteniendo las dos unidades, pero repartido los ni\u00f1os y las ni\u00f1as y, por lo tanto, una ratio menor. Esto no supone ning\u00fan tipo de alteraci\u00f3n en la inversi\u00f3n que t\u00fa le estabas dedicando a ese centro y adem\u00e1s de paso baja la ratio y encima le das una calidad mayor de atenci\u00f3n al alumnado\u201d.<\/p>\n<p style=\"text-align: justify;\">\nSin embargo, el gobierno andaluz ha demostrado que no est\u00e1 interesado en la bajada de ratio en las aulas p\u00fablicas. El pasado 14 de diciembre imped\u00eda la implantaci\u00f3n de una bajada de ratio propuesta a trav\u00e9s de una ILP propulsada por la plataforma Bajada de Ratio Ya.\u201cLa relaci\u00f3n proporcional entre p\u00fablica y concertada poco a poco se va decantando en favor de la escuela concertada que ya ha ganado en los Desde que Moreno Bonilla lleg\u00f3 al poder casi dos puntos respecto a la ense\u00f1anza p\u00fablica\u201d, comenta Yuste.<\/p>\n<p style=\"text-align: justify;\">CODAPA denuncia que la p\u00e9rdida de plazas en la escuela p\u00fablica repercute en la p\u00e9rdida de servicios de los centros, recorte de personal y de profesionales para alumnado con necesidades especiales: \u201cA partir de un n\u00famero de unidades que se va reduciendo el centro, pierdes las horas de jefatura de estudio, puede perder incluso a profesorado especialista\u201d. Las perdidas anuales de aulas en la educaci\u00f3n p\u00fablica puede llevar a un futuro en el que las familias no tengan opciones p\u00fablicas: \u201cLlegar\u00e1 un momento en el que la reducci\u00f3n de las plazas p\u00fablicas sea tal que algunas familias no les quede m\u00e1s remedio que matricular en la concertada porque no encuentran plaza en la escuela p\u00fablica. Todav\u00eda no estamos en ese punto al que s\u00ed se ha llegado en Madrid, pero esa es la deriva\u201d, comenta Yuste.<\/p>\n<p style=\"text-align: justify;\">Los colegios concertados gozan de varios a\u00f1os de estabilidad, ya que los conciertos educativos suelen durar entre 4 y 5 a\u00f1os, al contrario que en la p\u00fablica que anualmente se ven sometidas a esta inestabilidad. \u201cLos concertados tienen un blindaje que nosotros llevamos ya mucho tiempo pidiendo, que se aplique a los centros educativos p\u00fablicos, Es decir, vamos a jugar todos con las mismas reglas de juego\u00bb, sentencia Jimen\u00e9z.<\/p>\n<section class=\"cabecera\">\n<div class=\"container\">\n<div class=\"row\">\n<div class=\"col-md-12\">\n<figure class=\"figure\">\n<div class=\"responsively-lazy \" data-proporcion=\"66.5\"><a title=\"Ver a: Aurora B\u00e1ez Boza\" href=\"https:\/\/www.elsaltodiario.com\/autor\/aurora-baez-boza\"><strong>Aurora B\u00e1ez Boza<\/strong><\/a><\/div>\n<div data-proporcion=\"66.5\">\u00a0<\/div>\n<div class=\"responsively-lazy \" data-proporcion=\"66.5\">FOTO: El colegio Carlos V, en La L\u00ednea de la Concepci\u00f3n, antes de la pandemia del coronavirus. <span class=\"autores\"> <span class=\"autor minimo\"><a title=\"Ver a: Alfonso Torres\" href=\"https:\/\/www.elsaltodiario.com\/autor\/alfonso-torres\">Alfonso Torres<\/a><\/span><\/span> <\/div>\n<\/figure>\n<\/div>\n<\/div>\n<\/div>\n<\/section>\n<section id=\"articulo-textos\" class=\"contenido articulo-textos\">\n<div class=\"container\">\n<div class=\"row\">\n<div class=\"col-contenido med\">\n<div class=\"container\">\n<div class=\"row\">\n<div class=\"col-md-3\">\n<div class=\"semi-fijo normal\">\n<div class=\"autores\">\n<div class=\"descripcion\">\n<section id=\"articulo-textos\" class=\"contenido articulo-textos\">\n<div class=\"container\">\n<div class=\"row\">\n<div class=\"col-contenido med\">\n<div class=\"container\">\n<div class=\"row\">\n<div class=\"col-md-3\">\n<div class=\"semi-fijo normal\">\n<div class=\"autores\">\n<div class=\"descripcion\">\n<p>https:\/\/www.elsaltodiario.com\/educacion-publica\/junta-elimina-plazas-educacion-publica-periodo-escolarizacion<\/p>\n<\/div>\n<\/div>\n<\/div>\n<\/div>\n<\/div>\n<\/div>\n<\/div>\n<\/div>\n<\/div>\n<\/section>\n<\/div>\n<\/div>\n<\/div>\n<\/div>\n<\/div>\n<\/div>\n<\/div>\n<\/div>\n<\/div>\n<\/section>\n<\/div>\n<\/div>\n<\/div>\n<\/div>\n<\/div>\n<\/div>\n<\/div>\n<\/section>\n","protected":false},"excerpt":{"rendered":"<p>Sindicatos y colectivos de AMPAS denuncian la perdida de plazas en la educaci\u00f3n p\u00fablica por&#8230;<\/p>\n","protected":false},"author":1,"featured_media":67795,"comment_status":"closed","ping_status":"closed","sticky":false,"template":"","format":"standard","meta":{"_coblocks_attr":"","_coblocks_dimensions":"","_coblocks_responsive_height":"","_coblocks_accordion_ie_support":"","jetpack_post_was_ever_published":false,"_jetpack_newsletter_access":"","_jetpack_dont_email_post_to_subs":false,"_jetpack_newsletter_tier_id":0,"_jetpack_memberships_contains_paywalled_content":false,"_jetpack_memberships_contains_paid_content":false,"footnotes":"","jetpack_publicize_message":"","jetpack_publicize_feature_enabled":true,"jetpack_social_post_already_shared":true,"jetpack_social_options":{"image_generator_settings":{"template":"highway","default_image_id":0,"enabled":false},"version":2}},"categories":[187,44,7671],"tags":[],"class_list":["post-67794","post","type-post","status-publish","format-standard","has-post-thumbnail","hentry","category-centros-educativos","category-noticias-de-hoy","category-politica"],"jetpack_publicize_connections":[],"jetpack_featured_media_url":"https:\/\/i0.wp.com\/miradordeatarfe.es\/wp-content\/uploads\/2024\/03\/Carlos-V-2.jpg?fit=1500%2C1000&ssl=1","jetpack_likes_enabled":true,"jetpack_sharing_enabled":true,"_links":{"self":[{"href":"https:\/\/miradordeatarfe.es\/index.php?rest_route=\/wp\/v2\/posts\/67794","targetHints":{"allow":["GET"]}}],"collection":[{"href":"https:\/\/miradordeatarfe.es\/index.php?rest_route=\/wp\/v2\/posts"}],"about":[{"href":"https:\/\/miradordeatarfe.es\/index.php?rest_route=\/wp\/v2\/types\/post"}],"author":[{"embeddable":true,"href":"https:\/\/miradordeatarfe.es\/index.php?rest_route=\/wp\/v2\/users\/1"}],"replies":[{"embeddable":true,"href":"https:\/\/miradordeatarfe.es\/index.php?rest_route=%2Fwp%2Fv2%2Fcomments&post=67794"}],"version-history":[{"count":1,"href":"https:\/\/miradordeatarfe.es\/index.php?rest_route=\/wp\/v2\/posts\/67794\/revisions"}],"predecessor-version":[{"id":67796,"href":"https:\/\/miradordeatarfe.es\/index.php?rest_route=\/wp\/v2\/posts\/67794\/revisions\/67796"}],"wp:featuredmedia":[{"embeddable":true,"href":"https:\/\/miradordeatarfe.es\/index.php?rest_route=\/wp\/v2\/media\/67795"}],"wp:attachment":[{"href":"https:\/\/miradordeatarfe.es\/index.php?rest_route=%2Fwp%2Fv2%2Fmedia&parent=67794"}],"wp:term":[{"taxonomy":"category","embeddable":true,"href":"https:\/\/miradordeatarfe.es\/index.php?rest_route=%2Fwp%2Fv2%2Fcategories&post=67794"},{"taxonomy":"post_tag","embeddable":true,"href":"https:\/\/miradordeatarfe.es\/index.php?rest_route=%2Fwp%2Fv2%2Ftags&post=67794"}],"curies":[{"name":"wp","href":"https:\/\/api.w.org\/{rel}","templated":true}]}}