{"id":67797,"date":"2024-03-11T10:16:04","date_gmt":"2024-03-11T09:16:04","guid":{"rendered":"https:\/\/miradordeatarfe.es\/?p=67797"},"modified":"2024-03-10T21:22:37","modified_gmt":"2024-03-10T20:22:37","slug":"una-disparatada-incongruencia-por-juan-mata","status":"publish","type":"post","link":"https:\/\/miradordeatarfe.es\/?p=67797","title":{"rendered":"\u00abUNA DISPARATADA INCONGRUENCIA\u00bb por Juan Mata"},"content":{"rendered":"<div>\n<div class=\"x1jx94hy x8cjs6t x1ch86jh x80vd3b xckqwgs x13fuv20 xu3j5b3 x1q0q8m5 x26u7qi x178xt8z xm81vs4 xso031l xy80clv x6ikm8r x10wlt62 x16n37ib xq8finb xfh8nwu xoqspk4 x12v9rci x138vmkv\">\n<div class=\"\">\n<div class=\"xsag5q8\" dir=\"auto\">\n<div class=\"\" dir=\"auto\">\n<div class=\"x1iorvi4 x1pi30zi x1swvt13 xjkvuk6\" data-ad-comet-preview=\"message\" data-ad-preview=\"message\">\n<div class=\"x78zum5 xdt5ytf xz62fqu x16ldp7u\">\n<div class=\"xu06os2 x1ok221b\">\n<div class=\"x11i5rnm xat24cr x1mh8g0r x1vvkbs xtlvy1s x126k92a\">\n<h3 dir=\"auto\">Carta p\u00fablica a do\u00f1a Patricia del Pozo Fern\u00e1ndez, Consejera de Desarrollo Educativo y Formaci\u00f3n Profesional de la Junta de Andaluc\u00eda, Espa\u00f1a SOBRE EL PARQUE DE LAS C IENCIAS<\/h3>\n<\/div>\n<div class=\"x11i5rnm xat24cr x1mh8g0r x1vvkbs xtlvy1s x126k92a\">\n<div dir=\"auto\" style=\"text-align: justify;\"><em>\u00abMi nombre es Juan Mata y, aparte de haber sido profesor de la Universidad de Granada hasta mi jubilaci\u00f3n en el campo de la educaci\u00f3n ling\u00fc\u00edstica y literaria, soy actualmente miembro de la junta directiva de la Asociaci\u00f3n de Amigos del Parque de las Ciencias, radicada en Granada, y me considero un afortunado e incondicional colaborador del Parque desde sus inicios. Le informo, pues de eso nada tiene usted por qu\u00e9 saber, que he escrito guiones para su Planetario, he sido comisario de exposiciones, he redactado glosarios cient\u00edficos para cuentos literarios editados por el Parque, he organizado actividades de pensamiento cr\u00edtico en su biblioteca&#8230; En fin, he contribuido en lo que he podido al reconocimiento p\u00fablico del Parque de las Ciencias.<\/em><\/div>\n<div dir=\"auto\">\u00a0<\/div>\n<\/div>\n<div class=\"x11i5rnm xat24cr x1mh8g0r x1vvkbs xtlvy1s x126k92a\" style=\"text-align: justify;\">\n<div dir=\"auto\"><em>Y desde esa posici\u00f3n de amor y entrega al Parque es desde donde le escribo esta carta.<\/em><\/div>\n<div dir=\"auto\">\u00a0<\/div>\n<\/div>\n<div class=\"x11i5rnm xat24cr x1mh8g0r x1vvkbs xtlvy1s x126k92a\" style=\"text-align: justify;\">\n<div dir=\"auto\"><em>Y la motiva un hecho del que est\u00e1 usted al tanto, pues lleva su firma. Y para informaci\u00f3n de lectoras y lectores de otras ciudades espa\u00f1olas o de otros pa\u00edses me voy a permitir resumir la cuesti\u00f3n.<\/em><\/div>\n<\/div>\n<div class=\"x11i5rnm xat24cr x1mh8g0r x1vvkbs xtlvy1s x126k92a\" style=\"text-align: justify;\">\n<div dir=\"auto\"><em>La Consejer\u00eda que usted preside ha iniciado el proceso de creaci\u00f3n en M\u00e1laga de un denominado Instituto Andaluz de Divulgaci\u00f3n Educativa de la Ciencia al que se le atribuyen las funciones de promover la divulgaci\u00f3n de la ciencia entre el alumnado de los centros docentes de Andaluc\u00eda, fomentar la cultura cient\u00edfica y ambiental estimulando el inter\u00e9s general por las mismas, estimular adecuadamente al alumnado en la nueva sociedad del conocimiento y poder afrontar los retos que de ello se derivan, desarrollar iniciativas que permitan acercar el conocimiento de los fundamentos cient\u00edficos y tecnol\u00f3gicos&#8230; Magn\u00edficos prop\u00f3sitos todos.<\/em><\/div>\n<div dir=\"auto\">\u00a0<\/div>\n<\/div>\n<div class=\"x11i5rnm xat24cr x1mh8g0r x1vvkbs xtlvy1s x126k92a\" style=\"text-align: justify;\">\n<div dir=\"auto\"><em>\u00bfPor qu\u00e9, sin embargo, tan loables objetivos suscitan recelos y oposici\u00f3n en tantas personas en Granada? Pues fundamentalmente porque, como usted debe saber, y creo que sabe, esos fines son exactamente los mismos que tiene atribuidos en sus estatutos el Parque de las Ciencias desde su creaci\u00f3n hace 30 a\u00f1os. Quiero pensar bien y entender que usted conoce perfectamente esos estatutos, dado que es la Presidenta del Consejo Rector del Parque de las Ciencias. Y si eso es as\u00ed, \u00bfpodr\u00eda usted aclarar a la ciudadan\u00eda las razones de la puesta en marcha de otro organismo, dependiente asimismo de usted, para realizar las mismas funciones? Tengo sospechas, pero no certezas. Por eso le pido explicaciones.<\/em><\/div>\n<div dir=\"auto\">\u00a0<\/div>\n<\/div>\n<div class=\"x11i5rnm xat24cr x1mh8g0r x1vvkbs xtlvy1s x126k92a\" style=\"text-align: justify;\">\n<div dir=\"auto\"><em>Porque entienda mi perplejidad. Hace unos d\u00edas, usted misma declaraba a la prensa que el Parque de las Ciencias era un \u00abreferente nacional e internacional en educaci\u00f3n y divulgaci\u00f3n cient\u00edficas\u00bb. Son sus palabras textuales. Y si eso es as\u00ed, que lo es, \u00bfc\u00f3mo justifica que al mismo tiempo estuviera usted perge\u00f1ando otro organismo para cumplir los fines atribuidos a una instituci\u00f3n que usted misma califica de referente internacional? O no se cree lo que dice, lo que demostrar\u00eda un cierto fingimiento por su parte, o est\u00e1 convencida de lo que dice y ese organismo que usted est\u00e1 promoviendo no es una iniciativa suya sino una imposici\u00f3n de m\u00e1s altas instancias (\u00bfpresidencia de la Junta tal vez?).<\/em><\/div>\n<div dir=\"auto\">\u00a0<\/div>\n<\/div>\n<div class=\"x11i5rnm xat24cr x1mh8g0r x1vvkbs xtlvy1s x126k92a\" style=\"text-align: justify;\">\n<div dir=\"auto\"><em>Porque estos son los hechos: usted es la Presidenta del Parque de las Ciencias y presume p\u00fablica y leg\u00edtimamente de su \u00e9xito y su prestigio, pero al mismo tiempo pone en marcha un organismo que cuestiona su labor, como si sospechase que no est\u00e1 cumpliendo eficazmente las tareas encomendadas y desconfiara de su funcionamiento, a pesar de los premios, los reconocimientos, los elogios, los casi 900.000 visitantes el a\u00f1o pasado y sus propias declaraciones. Y para ello pone en marcha un nuevo organismo al que encomienda realizar lo que usted misma afirma que ya realiza ejemplarmente el Parque de las Ciencias. Y lo hace adem\u00e1s sin tener la deferencia de informar al Consejo Rector que usted preside o al director del Parque del que usted tan orgullosa dice sentirse. \u00bfEntiende por qu\u00e9 digo que lo que usted ha puesto en marcha es una monumental incongruencia?<\/em><\/div>\n<div dir=\"auto\">\u00a0<\/div>\n<\/div>\n<div class=\"x11i5rnm xat24cr x1mh8g0r x1vvkbs xtlvy1s x126k92a\" style=\"text-align: justify;\">\n<div dir=\"auto\"><em>Es por lo que le pido que aclare usted este enredo. Porque tanto si ha sido usted o su equipo quienes han incurrido en ese disparate, como si lo ha aceptado sin oposici\u00f3n por razones de car\u00e1cter pol\u00edtico, no parece que haya actuado rectamente.<\/em><\/div>\n<div dir=\"auto\">\u00a0<\/div>\n<\/div>\n<div class=\"x11i5rnm xat24cr x1mh8g0r x1vvkbs xtlvy1s x126k92a\" style=\"text-align: justify;\">\n<div dir=\"auto\"><em>No obstante, a\u00fan tiene usted tiempo y oportunidad de deshacer ese desprop\u00f3sito y retirar el borrador de decreto. Ser\u00eda lo m\u00e1s razonable y lo que dar\u00eda credibilidad a sus palabras cuando defiende con tanto orgullo al Parque de las Ciencias en las ruedas de prensa.<\/em><\/div>\n<\/div>\n<div class=\"x11i5rnm xat24cr x1mh8g0r x1vvkbs xtlvy1s x126k92a\">\n<div dir=\"auto\" style=\"text-align: justify;\"><em>No albergo mucha esperanza de que estas palabras lleguen a sus ojos o a sus o\u00eddos, pero conf\u00edo en que alg\u00fan correligionario suyo de esta ciudad, que se haya tomado en serio ese eslogan tan querido por ustedes de \u2018defendemos Granada por encima de todo\u2019, le aconseje que act\u00fae usted con coherencia y proceda a la retirada del borrador de decreto.\u00bb<\/em><\/div>\n<div dir=\"auto\">\u00a0<\/div>\n<\/div>\n<div class=\"x11i5rnm xat24cr x1mh8g0r x1vvkbs xtlvy1s x126k92a\">\n<div dir=\"auto\">Atentamente<\/div>\n<div dir=\"auto\">Juan Mata.<\/div>\n<\/div>\n<\/div>\n<\/div>\n<\/div>\n<\/div>\n<\/div>\n<\/div>\n<\/div>\n<\/div>\n<div>\n<div class=\"x168nmei x13lgxp2 x30kzoy x9jhf4c x6ikm8r x10wlt62\" data-visualcompletion=\"ignore-dynamic\">\n<div>\n<div>\n<div>\n<div class=\"x1n2onr6\">\n<div class=\"x6s0dn4 xi81zsa x78zum5 x6prxxf x13a6bvl xvq8zen xdj266r xktsk01 xat24cr x1d52u69 x889kno x4uap5 x1a8lsjc xkhd6sd xdppsyt\">\n<div class=\"x6s0dn4 x78zum5 x1iyjqo2 x6ikm8r x10wlt62\">\u00a0<\/div>\n<\/div>\n<\/div>\n<\/div>\n<\/div>\n<\/div>\n<\/div>\n<\/div>\n<div class=\"x1c4vz4f x2lah0s xci0xqf\">PUBLICADO EN: https:\/\/www.facebook.com\/juan.m.anaya.5<\/div>\n<div class=\"x9f619 x1n2onr6 x1ja2u2z x78zum5 x2lah0s x1qughib x1qjc9v5 xozqiw3 x1q0g3np xykv574 xbmpl8g x4cne27 xifccgj\">\n<div class=\"x9f619 x1n2onr6 x1ja2u2z x78zum5 xdt5ytf x2lah0s x193iq5w xeuugli xsyo7zv x16hj40l x10b6aqq x1yrsyyn\">\u00a0<\/div>\n<div class=\"x9f619 x1n2onr6 x1ja2u2z x78zum5 xdt5ytf x2lah0s x193iq5w xeuugli xsyo7zv x16hj40l x10b6aqq x1yrsyyn\">\u00a0<\/div>\n<\/div>\n<div class=\"x9f619 x1n2onr6 x1ja2u2z x78zum5 x2lah0s x1qughib x1qjc9v5 xozqiw3 x1q0g3np x150jy0e x1e558r4 xjkvuk6 x1iorvi4 xwrv7xz x8182xy x4cne27 xifccgj\">\n<div class=\"x9f619 x1n2onr6 x1ja2u2z x78zum5 xdt5ytf x193iq5w xeuugli x1r8uery x1iyjqo2 xs83m0k xg83lxy x1h0ha7o x10b6aqq x1yrsyyn\">\u00a0<\/div>\n<\/div>\n<div class=\"x9f619 x1n2onr6 x1ja2u2z x78zum5 xdt5ytf x193iq5w xeuugli x1r8uery x1iyjqo2 xs83m0k xg83lxy x1h0ha7o x10b6aqq x1yrsyyn\">\u00a0<\/div>\n<div class=\"x9f619 x1n2onr6 x1ja2u2z x78zum5 xdt5ytf x193iq5w xeuugli x1r8uery x1iyjqo2 xs83m0k xg83lxy x1h0ha7o x10b6aqq x1yrsyyn\">\u00a0<\/div>\n<div class=\"x8cjs6t x1ch86jh x80vd3b xckqwgs x1ejq31n xu3j5b3 x1q0q8m5 x26u7qi x178xt8z xm81vs4 xso031l xy80clv\">\u00a0<\/div>\n<div class=\"x78zum5 x1n2onr6 x13a6bvl\">\u00a0<\/div>\n<div class=\"x1gslohp\">\n<div class=\"x6ikm8r x10wlt62\">\n<div class=\"x6s0dn4 x78zum5 x10w6t97 x1nhvcw1 x1n13y8y x11xss2o\">\n<div class=\"x78zum5 xl56j7k xktsk01 x1mnrxsn\">\n<div class=\"x1a2a7pz x78zum5 x1q0g3np\" tabindex=\"-1\" role=\"status\" aria-label=\"Cargando...\">\n<div class=\"x1c74tu6 xa4qsjk xwp40e0 x147wac7 xllgmg x13kylt9 xm3z3ea x1x8b98j x131883w x16mih1h xqu0tyb xhhsvwb xgzva0m x51ohtg xn25soc\">\u00a0<\/div>\n<div class=\"x1c74tu6 xa4qsjk xwp40e0 x147wac7 xllgmg x13kylt9 xm3z3ea x1x8b98j x131883w x16mih1h xqu0tyb xhhsvwb xgzva0m x51ohtg xn25soc x1x1c4bx\">\u00a0<\/div>\n<div class=\"x1c74tu6 xa4qsjk xwp40e0 x147wac7 xllgmg x13kylt9 xm3z3ea x1x8b98j x131883w x16mih1h xqu0tyb xhhsvwb xgzva0m x51ohtg xn25soc x1nrwgbl\">\u00a0<\/div>\n<\/div>\n<\/div>\n<\/div>\n<\/div>\n<div class=\"x1iyjqo2\">\n<div class=\"x1n2onr6 x1ja2u2z x9f619 x78zum5 xdt5ytf x2lah0s x193iq5w xwib8y2 x1iorvi4\">\n<div class=\"x9f619 x1n2onr6 x1ja2u2z x78zum5 xdt5ytf x1iyjqo2 x2lwn1j\">\n<div class=\"x9f619 x1n2onr6 x1ja2u2z x78zum5 xdt5ytf x2lah0s x193iq5w\">\n<div class=\"\">\n<div class=\"\">\n<div class=\"x78zum5 x1q0g3np x1a2a7pz\">\n<div class=\"xqcrz7y x14yjl9h xudhj91 x18nykt9 xww2gxu x1lliihq x1w0mnb xr9ek0c x1n2onr6\">\u00a0<\/div>\n<\/div>\n<\/div>\n<\/div>\n<\/div>\n<\/div>\n<\/div>\n<\/div>\n<\/div>\n<form class=\"x1ed109x x1n2onr6 xmjcpbm x1tlxs6b x1g8br2z x1gn5b1j x230xth x972fbf xcfux6l x1qhh985 xm0m39n x78zum5 x1iyjqo2 x13a6bvl\" role=\"presentation\">\n<div class=\"xh8yej3\">\n<div class=\"x78zum5 x13a6bvl\">\n<div class=\"xi81zsa xo1l8bm xlyipyv xuxw1ft x49crj4 x1ed109x xdl72j9 x1iyjqo2 xs83m0k x6prxxf x6ikm8r x10wlt62 x1y1aw1k xn6708d xwib8y2 x1ye3gou\" data-visualcompletion=\"ignore\">\n<div class=\"x1n2onr6\">\n<div class=\"xzsf02u x1a2a7pz x1n2onr6 x14wi4xw notranslate\" tabindex=\"0\" role=\"textbox\" contenteditable=\"true\" spellcheck=\"true\" aria-label=\"Escribe algo\u2026\" data-lexical-editor=\"true\">\u00a0<\/div>\n<\/div>\n<\/div>\n<\/div>\n<\/div>\n<\/form>\n","protected":false},"excerpt":{"rendered":"<p>Carta p\u00fablica a do\u00f1a Patricia del Pozo Fern\u00e1ndez, Consejera de Desarrollo Educativo y Formaci\u00f3n Profesional&#8230;<\/p>\n","protected":false},"author":1,"featured_media":67798,"comment_status":"closed","ping_status":"closed","sticky":false,"template":"","format":"standard","meta":{"_coblocks_attr":"","_coblocks_dimensions":"","_coblocks_responsive_height":"","_coblocks_accordion_ie_support":"","jetpack_post_was_ever_published":false,"_jetpack_newsletter_access":"","_jetpack_dont_email_post_to_subs":false,"_jetpack_newsletter_tier_id":0,"_jetpack_memberships_contains_paywalled_content":false,"_jetpack_memberships_contains_paid_content":false,"footnotes":"","jetpack_publicize_message":"","jetpack_publicize_feature_enabled":true,"jetpack_social_post_already_shared":true,"jetpack_social_options":{"image_generator_settings":{"template":"highway","default_image_id":0,"enabled":false},"version":2}},"categories":[10781,44,7671],"tags":[],"class_list":["post-67797","post","type-post","status-publish","format-standard","has-post-thumbnail","hentry","category-granada","category-noticias-de-hoy","category-politica"],"jetpack_publicize_connections":[],"jetpack_featured_media_url":"https:\/\/i0.wp.com\/miradordeatarfe.es\/wp-content\/uploads\/2024\/03\/PARQUE.jpg?fit=2560%2C946&ssl=1","jetpack_likes_enabled":true,"jetpack_sharing_enabled":true,"_links":{"self":[{"href":"https:\/\/miradordeatarfe.es\/index.php?rest_route=\/wp\/v2\/posts\/67797","targetHints":{"allow":["GET"]}}],"collection":[{"href":"https:\/\/miradordeatarfe.es\/index.php?rest_route=\/wp\/v2\/posts"}],"about":[{"href":"https:\/\/miradordeatarfe.es\/index.php?rest_route=\/wp\/v2\/types\/post"}],"author":[{"embeddable":true,"href":"https:\/\/miradordeatarfe.es\/index.php?rest_route=\/wp\/v2\/users\/1"}],"replies":[{"embeddable":true,"href":"https:\/\/miradordeatarfe.es\/index.php?rest_route=%2Fwp%2Fv2%2Fcomments&post=67797"}],"version-history":[{"count":1,"href":"https:\/\/miradordeatarfe.es\/index.php?rest_route=\/wp\/v2\/posts\/67797\/revisions"}],"predecessor-version":[{"id":67799,"href":"https:\/\/miradordeatarfe.es\/index.php?rest_route=\/wp\/v2\/posts\/67797\/revisions\/67799"}],"wp:featuredmedia":[{"embeddable":true,"href":"https:\/\/miradordeatarfe.es\/index.php?rest_route=\/wp\/v2\/media\/67798"}],"wp:attachment":[{"href":"https:\/\/miradordeatarfe.es\/index.php?rest_route=%2Fwp%2Fv2%2Fmedia&parent=67797"}],"wp:term":[{"taxonomy":"category","embeddable":true,"href":"https:\/\/miradordeatarfe.es\/index.php?rest_route=%2Fwp%2Fv2%2Fcategories&post=67797"},{"taxonomy":"post_tag","embeddable":true,"href":"https:\/\/miradordeatarfe.es\/index.php?rest_route=%2Fwp%2Fv2%2Ftags&post=67797"}],"curies":[{"name":"wp","href":"https:\/\/api.w.org\/{rel}","templated":true}]}}