{"id":67800,"date":"2024-03-12T09:24:03","date_gmt":"2024-03-12T08:24:03","guid":{"rendered":"https:\/\/miradordeatarfe.es\/?p=67800"},"modified":"2024-03-12T15:56:48","modified_gmt":"2024-03-12T14:56:48","slug":"el-pp-no-puede-con-federico","status":"publish","type":"post","link":"https:\/\/miradordeatarfe.es\/?p=67800","title":{"rendered":"El PP no puede con Federico"},"content":{"rendered":"<h3 style=\"text-align: justify;\">Francisco Rodr\u00edguez, como presidente provincial del PP, quiso colocar al portavoz municipal de su partido en Amilla, al frente del Patronato Federico Garc\u00eda Lorca de la Diputaci\u00f3n de Granada, que preside con mayor\u00eda absoluta.<\/h3>\n<p class=\"sumari\" style=\"text-align: justify;\">Pero el presidente provincial del PP y de la Diputaci\u00f3n, que pretendi\u00f3 en todo momento dar a entender que el asunto no iba con \u00e9l, sino con el proceso administrativo del nombramiento, a dedo, se retrat\u00f3 al se\u00f1alar que Membrilla era la \u201cpersona id\u00f3nea\u201d para el puesto. Id\u00f3nea, \u00bfpara qui\u00e9n?<\/p>\n<p style=\"text-align: justify;\">Dos d\u00edas despu\u00e9s de la renuncia de Membrilla, forzada horas antes por el anuncio de Laura Garc\u00eda Lorca de dejar el Patronato, Francisco Rodr\u00edguez, que anul\u00f3 en ese tiempo su agenda p\u00fablica para no dar la cara, nos quiso hacer creer que nada tuvo que ver con su nombramiento, que fueron los \u201ct\u00e9cnicos\u201d los que decidieron que Antonio Manuel Membrilla, profesor de Historia, era el m\u00e1s adecuado, en un concurso opaco, que no pod\u00eda esconder un nombramiento a dedo.<\/p>\n<p style=\"text-align: justify;\">Pero el presidente provincial del PP y de la Diputaci\u00f3n, que pretendi\u00f3 en todo momento dar a entender que el asunto no iba con \u00e9l, sino con el proceso administrativo del nombramiento, a dedo, se retrat\u00f3 al se\u00f1alar que Membrilla era la \u201cpersona id\u00f3nea\u201d para el puesto. Id\u00f3nea, \u00bfpara qui\u00e9n?<\/p>\n<p style=\"text-align: justify;\">Porque para entonces, ya hab\u00edamos desenmascarado a Membrilla, no solo cuando <a href=\"https:\/\/www.elindependientedegranada.es\/cultura\/nuevo-director-patronato-lorca-mofa-memoria-historica\">revelamos que llam\u00f3 a la Memoria Democr\u00e1tica \u201cmemez hist\u00e9rica\u201d<\/a>, sobre todo cuando demostramos que no fue un hecho aislado, sino que hab\u00eda <a href=\"https:\/\/www.elindependientedegranada.es\/politica\/nuevo-director-patronato-lorca-carga-memoria-hace-decada-con-criticas-que-extiende-familia\">arremetido contra la Memoria desde hace una d\u00e9cada con cr\u00edticas que extendi\u00f3 a la familia del poeta<\/a>. Nunca pudo ser la \u201cpersona id\u00f3nea\u201d para el puesto, salvo para este PP, que no necesita a la ultraderecha de Vox para embestir contra la Memoria Hist\u00f3rica.<\/p>\n<p class=\"sumari\" style=\"text-align: justify;\">El caso Membrilla nos deja tambi\u00e9n la certeza de que Federico no est\u00e1 solo, por m\u00e1s que se empe\u00f1en en borrarlo como s\u00edmbolo universal de todas las v\u00edctimas de la Guerra Civil, el nazismo y el fascismo. Que tome nota esta derecha rancia<\/p>\n<p style=\"text-align: justify;\">El caso Membrilla nos deja tambi\u00e9n la certeza de que Federico no est\u00e1 solo, por m\u00e1s que se empe\u00f1en en borrarlo como s\u00edmbolo universal de todas las v\u00edctimas de la Guerra Civil, el nazismo y el fascismo. Que tome nota esta derecha, los <em>revisionistas<\/em>\u00a0que quitan a su asesinato todo componente ideol\u00f3gico.<\/p>\n<p style=\"text-align: justify;\">Porque Federico no es solo la Literatura, el mayor poeta de la historia; Lorca es tambi\u00e9n Memoria, la Memoria viva y cruel del franquismo, de una dictadura represiva consagrada durante cuarenta a\u00f1os al exterminio, la depuraci\u00f3n y el olvido, que a\u00fan late en esta Espa\u00f1a en pleno siglo XXI, disfrazado de dem\u00f3crata que, aunque quiera obviarlo, no le queda otra que asumir a Federico, pero solo en su figura <em>cool<\/em>.<\/p>\n<p class=\"sumari\" style=\"text-align: justify;\">En este \u00faltimo drama lorquiano, mucha gente no ha callado, pese al silencio c\u00f3mplice de voceros. Gracias a ellas y ellos es como Lorca sigue hablando. Esa es su victoria: la trascendencia<\/p>\n<p style=\"text-align: justify;\">En este \u00faltimo drama lorquiano, mucha gente no ha callado, pese al silencio c\u00f3mplice de voceros. Gracias a ellas y ellos es como Lorca sigue hablando. Esa es su victoria: la trascendencia. De su poes\u00eda, su excelsa dramaturgia. De su voz, su mirada. De todo lo que representa<strong>. Por eso es indigno e imposible querer custodiar la Memoria del poeta sin querer recordar y denunciar c\u00f3mo, qui\u00e9nes y por qu\u00e9 asesinaron al poeta<\/strong>.<\/p>\n<p style=\"text-align: justify;\">La Memoria no es pasado es presente. Mira al ayer para proyectarse en el hoy y el ma\u00f1ana.<\/p>\n<p class=\"sumari\" style=\"text-align: justify;\">La derecha a\u00fan sigue teniendo miedo a Federico. Y no sabe c\u00f3mo abordarlo con sus cautelas ideol\u00f3gicas<\/p>\n<p style=\"text-align: justify;\"><strong>La derecha a\u00fan sigue teniendo miedo a Federico<\/strong>. Y no sabe c\u00f3mo abordarlo con sus cautelas ideol\u00f3gicas. Pide siempre que no se apropien de su figura, para apropiarse ellos.<\/p>\n<p style=\"text-align: justify;\">En tan poco tiempo en Diputaci\u00f3n han eliminado el impresionante Universo Lorca, lo esconden en Fitur, no apoyan a los municipios lorquianos, a los que acusan de ser de otro color pol\u00edtico, presenta como proyectos novedosos en Diputaci\u00f3n actuaciones cerradas por el anterior gobierno provincial, como la compra del edificio anexo a la Casa Natal de Fuente Vaqueros, o programas ya en marcha desde hace a\u00f1os, como las visitas de colegios\u2026<\/p>\n<p class=\"sumari\" style=\"text-align: justify;\">\u201cYo creo que el ser de Granada me inclina a la comprensi\u00f3n simp\u00e1tica de lo perseguido. Del gitano, del negro, del jud\u00edo\u2026, del morisco que todos llevamos dentro\u201d, dijo Federico en 1931<\/p>\n<p style=\"text-align: justify;\">En la campa\u00f1a de las municipales, el proyecto estrella del PP de Granada hacia Lorca en Diputaci\u00f3n era lo que llam\u00f3 \u201cExperiencia Lorca\u201d, de la que destaca rutas gastron\u00f3micas con platos del gusto de Federico.<\/p>\n<p style=\"text-align: justify;\">\u201cYo creo que el ser de Granada me inclina a la comprensi\u00f3n simp\u00e1tica de lo perseguido. Del gitano, del negro, del jud\u00edo\u2026, del morisco que todos llevamos dentro\u201d, dijo Federico en 1931.<\/p>\n<p style=\"text-align: justify;\">La derecha nunca podr\u00e1 con Federico, por m\u00e1s que lo intente. <\/p>\n<h3 style=\"text-align: justify;\"><span class=\"autor\"><a href=\"https:\/\/www.elindependientedegranada.es\/autor\/5\">\u00c7Juan I. P\u00e9rez<\/a> <\/span><\/h3>\n<div id=\"main\">\n<div class=\"item\">\n<div class=\"cols2-2\">\n<div class=\"colA\">\n<div class=\"blq-img mainImg\">\n<div class=\"txt\">\n<p class=\"pie\">FOTO: Busto de Federico Garc\u00eda Lorca en el Patio de la Casa Natal en Fuente Vaqueros. DIPUTACI\u00d3N ARCHIVO<\/p>\n<\/div>\n<\/div>\n<\/div>\n<\/div>\n<\/div>\n<\/div>\n<div style=\"text-align: justify;\">https:\/\/www.elindependientedegranada.es\/opinion\/pp-no-puede-con-federico<\/div>\n<p style=\"text-align: justify;\">\u00a0<\/p>\n","protected":false},"excerpt":{"rendered":"<p>Francisco Rodr\u00edguez, como presidente provincial del PP, quiso colocar al portavoz municipal de su partido&#8230;<\/p>\n","protected":false},"author":1,"featured_media":67801,"comment_status":"closed","ping_status":"closed","sticky":false,"template":"","format":"standard","meta":{"_coblocks_attr":"","_coblocks_dimensions":"","_coblocks_responsive_height":"","_coblocks_accordion_ie_support":"","jetpack_post_was_ever_published":false,"_jetpack_newsletter_access":"","_jetpack_dont_email_post_to_subs":false,"_jetpack_newsletter_tier_id":0,"_jetpack_memberships_contains_paywalled_content":false,"_jetpack_memberships_contains_paid_content":false,"footnotes":"","jetpack_publicize_message":"","jetpack_publicize_feature_enabled":true,"jetpack_social_post_already_shared":true,"jetpack_social_options":{"image_generator_settings":{"template":"highway","default_image_id":0,"enabled":false},"version":2}},"categories":[1161,10781,44,7671,1],"tags":[],"class_list":["post-67800","post","type-post","status-publish","format-standard","has-post-thumbnail","hentry","category-ciudadania","category-granada","category-noticias-de-hoy","category-politica","category-uncategorized"],"jetpack_publicize_connections":[],"jetpack_featured_media_url":"https:\/\/i0.wp.com\/miradordeatarfe.es\/wp-content\/uploads\/2024\/03\/busto_federico.jpg?fit=650%2C433&ssl=1","jetpack_likes_enabled":true,"jetpack_sharing_enabled":true,"_links":{"self":[{"href":"https:\/\/miradordeatarfe.es\/index.php?rest_route=\/wp\/v2\/posts\/67800","targetHints":{"allow":["GET"]}}],"collection":[{"href":"https:\/\/miradordeatarfe.es\/index.php?rest_route=\/wp\/v2\/posts"}],"about":[{"href":"https:\/\/miradordeatarfe.es\/index.php?rest_route=\/wp\/v2\/types\/post"}],"author":[{"embeddable":true,"href":"https:\/\/miradordeatarfe.es\/index.php?rest_route=\/wp\/v2\/users\/1"}],"replies":[{"embeddable":true,"href":"https:\/\/miradordeatarfe.es\/index.php?rest_route=%2Fwp%2Fv2%2Fcomments&post=67800"}],"version-history":[{"count":1,"href":"https:\/\/miradordeatarfe.es\/index.php?rest_route=\/wp\/v2\/posts\/67800\/revisions"}],"predecessor-version":[{"id":67802,"href":"https:\/\/miradordeatarfe.es\/index.php?rest_route=\/wp\/v2\/posts\/67800\/revisions\/67802"}],"wp:featuredmedia":[{"embeddable":true,"href":"https:\/\/miradordeatarfe.es\/index.php?rest_route=\/wp\/v2\/media\/67801"}],"wp:attachment":[{"href":"https:\/\/miradordeatarfe.es\/index.php?rest_route=%2Fwp%2Fv2%2Fmedia&parent=67800"}],"wp:term":[{"taxonomy":"category","embeddable":true,"href":"https:\/\/miradordeatarfe.es\/index.php?rest_route=%2Fwp%2Fv2%2Fcategories&post=67800"},{"taxonomy":"post_tag","embeddable":true,"href":"https:\/\/miradordeatarfe.es\/index.php?rest_route=%2Fwp%2Fv2%2Ftags&post=67800"}],"curies":[{"name":"wp","href":"https:\/\/api.w.org\/{rel}","templated":true}]}}