{"id":67803,"date":"2024-03-13T08:36:02","date_gmt":"2024-03-13T07:36:02","guid":{"rendered":"https:\/\/miradordeatarfe.es\/?p=67803"},"modified":"2024-03-10T21:44:01","modified_gmt":"2024-03-10T20:44:01","slug":"tambores-de-guerra-nuclear-por-jeronimo-paez","status":"publish","type":"post","link":"https:\/\/miradordeatarfe.es\/?p=67803","title":{"rendered":"\u00abTambores de Guerra Nuclear\u00bb por Jer\u00f3nimo P\u00e1ez"},"content":{"rendered":"<h3 class=\"v-a-sub-t\" style=\"text-align: justify;\">Antes de entrar en un conflicto de este calibre, deber\u00eda hacerse un refer\u00e9ndum y preguntar si estamos dispuestos a morir por salvar el honor del nacionalismo ucraniano<\/h3>\n<p class=\"v-p\" style=\"text-align: justify;\">En la segunda d\u00e9cada del siglo XX, la orgullosa, soberbia y rica Europa que dominaba el mundo; la Europa ilustrada que cre\u00eda tener una misi\u00f3n civilizadora y se consideraba el continente defensor de los derechos y libertades de los ciudadanos, decidi\u00f3 descender a los infiernos, cuando inici\u00f3 la Primera Guerra Mundial (1914-1918).<\/p>\n<div class=\"paywall container-wall-exclusive\" data-mrf-recirculation=\"Link art\u00edculos\">\n<p class=\"v-p\" style=\"text-align: justify;\">Todav\u00eda no sabemos bien por qu\u00e9 empez\u00f3 y menos todav\u00eda por qu\u00e9 no se detuvo al poco de iniciarse. Durante cuatro tr\u00e1gicos a\u00f1os Europa se descuartiz\u00f3 a s\u00ed misma. Fue la mayor matanza de seres humanos de la historia, hasta entonces. Desbarat\u00f3 pol\u00edticamente el planeta y luego, no hemos sabido c\u00f3mo recomponerlo.<\/p>\n<p class=\"v-p\" style=\"text-align: justify;\">El mundo se hab\u00eda globalizado y la guerra tambi\u00e9n. Para colmo, al final termin\u00f3 dividi\u00e9ndose en dos grandes bloques que iban a disputarse durante el pasado siglo la hegemon\u00eda mundial.<\/p>\n<p class=\"v-p\" style=\"text-align: justify;\">No hab\u00eda poderosas razones que justificaran esta Guerra. Casi nunca las hay.<\/p>\n<p class=\"v-p\" style=\"text-align: justify;\">David Lloyd George, por aquel entonces primer ministro de Gran Breta\u00f1a, dijo: \u00abLas naciones europeas resbalaron hasta el caldero hirviendo de la guerra sin ninguna muestra de aprensi\u00f3n ni de consternaci\u00f3n\u00bb. Margaret MacMillan, excelente historiadora sobre este conflicto escribi\u00f3: \u00abSu estallido tom\u00f3 por sorpresa a la mayor\u00eda de los europeos\u2026 las decisiones cruciales que nos llevaron a esta locura fueron tomadas por un numero sorprendentemente peque\u00f1o de personas. La Ciencia y la Tecnolog\u00eda, que tantos beneficios trajeron a la humanidad durante el siglo XIX, aportaron tambi\u00e9n armas nuevas y terriblemente destructoras. La rivalidad foment\u00f3 una carrera armament\u00edstica que potenci\u00f3 este desastre. Los pueblos europeos se revistieron de una gran oleada de patriotismo que s\u00f3lo sirvi\u00f3 para aumentar la destrucci\u00f3n\u00bb. Clemenceau, uno de sus art\u00edfices, dir\u00eda \u00abes mucho m\u00e1s f\u00e1cil hacer la guerra que la paz\u00bb.<\/p>\n<p class=\"v-p\" style=\"text-align: justify;\">A\u00f1adi\u00f3 que cuando termin\u00f3 en 1918, hab\u00edan ca\u00eddo cuatro grandes imperios, el ruso, el alem\u00e1n, el austroh\u00fangaro y el otomano. El viejo orden internacional desapareci\u00f3 para siempre. Millones de combatientes \u2013a\u00fan no hab\u00eda llegado el momento de las grandes matanzas de civiles\u2013 murieron en aquellos cuatro a\u00f1os: 1.800.000 alemanes, 1.700.000 rusos, 1.384.000 franceses, 1.290.000 austroh\u00fangaros, 743.000 brit\u00e1nicos (y algunos cientos de miles m\u00e1s de diferentes pa\u00edses). Y un n\u00famero mucho mayor de heridos e inv\u00e1lidos, as\u00ed como una enorme destrucci\u00f3n de la naturaleza y del patrimonio art\u00edstico continental.<\/p>\n<p class=\"v-p\" style=\"text-align: justify;\">El precio que pag\u00f3 Europa fue mucho mayor de lo que se pens\u00f3. Nada justifica esta cat\u00e1strofe.<\/p>\n<p class=\"v-p\" style=\"text-align: justify;\">Algo parecido podemos decir del conflicto entre Ucrania-Rusia. Solo se puede pensar tras conocer las declaraciones de Enmanuel Macron, \u00darsula von der Leyen, de Putin, de Zelenski, de Jens Stoltenberg y de ese siniestro personaje que es el presidente Biden de los EE UU, \u2013a su vez el soporte m\u00e1s importante de la locura destructiva que se ha apoderado de Netanyahu\u2013, que estamos gobernados por locos de remate, incompetentes y belicosos.<\/p>\n<p class=\"v-p\" style=\"text-align: justify;\">Pero no tienen el poder, y si lo tienen, hab\u00eda que quit\u00e1rselo, para arrastrarnos a participar directamente. No est\u00e1n autorizados para tomar este tipo de decisiones, y si lo est\u00e1n, hay que impedirlas. Hablamos de que los ej\u00e9rcitos de algunos pa\u00edses europeos se incorporen a la defensa de Ucrania, lo que puede generar una Guerra Mundial. Incomprensiblemente la presidenta de la Uni\u00f3n Europea ha insinuado la posibilidad de que resbalemos en \u00abeste nuevo caldero hirviendo\u00bb. Tendr\u00eda que dimitir por el mero hecho de haberlo mencionado. Antes de entrar en un conflicto de este calibre, deber\u00eda hacerse un refer\u00e9ndum y preguntar a los ciudadanos europeos si est\u00e1n o estamos dispuestos a morir por salvar el honor del nacionalismo ucraniano.<\/p>\n<p class=\"v-p\" style=\"text-align: justify;\">Cuantos consideraban que los enfrentamientos eran cosa del pasado, deber\u00edan pensar que vamos camino al precipicio. Los EE UU y la UE enfrentados a Rusia y tambi\u00e9n a China en el tema de Taiw\u00e1n, inmersos adem\u00e1s en la enconada lucha por conseguir la hegemon\u00eda mundial, han terminado por generar una Guerra Fr\u00eda m\u00e1s peligrosa que la del siglo XX. En realidad, es un enfrentamiento entre Occidente y Oriente, como si hubi\u00e9ramos vuelto a Las Cruzadas. Unida a la locura de Israel con Netanyahu, potenciada por la carrera de armamentos, vivimos el momento m\u00e1s peligroso que ha existido desde la Segunda Guerra Mundial.<\/p>\n<p class=\"v-p\" style=\"text-align: justify;\">Puede pensarse lo que se quiera. Afirmar que Ucrania es un pa\u00eds independiente desde hace mucho tiempo y que nada tiene que ver con Rusia. O como dijo Nikol\u00e1i Berdi\u00e1yev, la historia de Rusia se ha desarrollado en cinco etapas: la de Kiev, la del yugo t\u00e1rtaro, la de Mosc\u00fa, la de Pedro el Grande y la sovi\u00e9tica. O como escribe el historiador norteamericano James H. Billington, en su libro &#8216;El icono y el hacha&#8217;, la m\u00e1s erudita y completa historia de la cultura rusa jam\u00e1s publicada, Rusia es una historia de tres ciudades: Kiev, Mosc\u00fa y San Petersburgo. En esta l\u00ednea Ucrania tendr\u00eda una identidad hist\u00f3rica tan ucraniana como rusa. En alguna medida, puede que Vladimir Putin cuando la invadi\u00f3, pensara que Ucrania pertenec\u00eda a su imperio y que una gran mayor\u00eda de sus habitantes le apoyar\u00edan, lo que no le justifica en ning\u00fan caso.<\/p>\n<p class=\"v-p\" style=\"text-align: justify;\">El problema actual radica en que la invasi\u00f3n ha dividido totalmente Ucrania donde existen dos pueblos marcados por un odio rec\u00edproco e inconciliable. La \u00fanica forma de terminar este tr\u00e1gico conflicto que dif\u00edcilmente puede ganar alguno de los contendientes, exig\u00eda y exige que Occidente y sobre todo la UE impongan la paz a cualquier precio, aunque nadie est\u00e9 conforme. Nuestros dirigentes pol\u00edticos, incluido el propio Pedro S\u00e1nchez, deb\u00edan haber pensado que la primera Guerra Mundial a quien destruy\u00f3 de verdad fue a Europa en su conjunto.<\/p>\n<p class=\"v-p\" style=\"text-align: justify;\">En el fondo, este no es un conflicto entre dos nacionalismos, sino entre dos potencias nucleares, EE UU y Rusia. John J. Mearsheimer, dice al respecto: \u00abA Putin lo que m\u00e1s le preocupaba era impedir que una alianza militar, dirigida por la mayor potencia del globo, antigua enemiga jurada de la Uni\u00f3n Sovi\u00e9tica, pudiera incluir al vecino ucraniano en su regazo. La postura rusa en este asunto puede estar inspirada en la Doctrina Monroe, elaborada por los EE UU en el siglo XX, que estipulaba que ninguna gran potencia, estaba autorizada a instalar fuerzas militares en su patio trasero hemisf\u00e9rico\u00bb. Era muy peligroso por tanto que Ucrania se convirtiera en un basti\u00f3n norteamericano en las fronteras de Rusia. Lo sab\u00edan Norteam\u00e9rica, la OTAN y la UE. Pod\u00edan haber evitado que Putin cometiera su gran error.<\/p>\n<p class=\"v-p\" style=\"text-align: justify;\">Basta pensar la reacci\u00f3n que hubiera tenido EE UU si Rusia hubiera tratado de tener un basti\u00f3n en las fronteras de Norteam\u00e9rica, en M\u00e9xico, por ejemplo. Podemos retrotraernos a la crisis de los misiles de Cuba de 1962. Si los halcones del Kremlin y de Norteam\u00e9rica, si Kennedy y Jrushchov no hubieran actuado con sensatez, posiblemente hubiera desaparecido la civilizaci\u00f3n.<\/p>\n<p class=\"v-p\" style=\"text-align: justify;\">Los dirigentes europeos que por doquier siguen atizando el conflicto, deber\u00edan pensar que el imperialismo norteamericano es tan perverso y ambicioso como el ruso y el chino. Hoy d\u00eda la sensatez y el pacifismo han desaparecido. Todo ello no augura nada bueno para la Humanidad.<\/p>\n<p>JER\u00d3NIMO P\u00c1EZ<\/p>\n<p>FOTO: a Carta fundacional de la ONU se firm\u00f3 el 26 de junio de 1945. Foto: ONU\/Yould<\/p>\n<p>https:\/\/www.ideal.es\/opinion\/jeronimo-paez-tambores-guerra-nuclear-20240310230328-nt.html<\/p>\n<\/div>\n","protected":false},"excerpt":{"rendered":"<p>Antes de entrar en un conflicto de este calibre, deber\u00eda hacerse un refer\u00e9ndum y preguntar&#8230;<\/p>\n","protected":false},"author":1,"featured_media":67804,"comment_status":"closed","ping_status":"closed","sticky":false,"template":"","format":"standard","meta":{"_coblocks_attr":"","_coblocks_dimensions":"","_coblocks_responsive_height":"","_coblocks_accordion_ie_support":"","jetpack_post_was_ever_published":false,"_jetpack_newsletter_access":"","_jetpack_dont_email_post_to_subs":false,"_jetpack_newsletter_tier_id":0,"_jetpack_memberships_contains_paywalled_content":false,"_jetpack_memberships_contains_paid_content":false,"footnotes":"","jetpack_publicize_message":"","jetpack_publicize_feature_enabled":true,"jetpack_social_post_already_shared":true,"jetpack_social_options":{"image_generator_settings":{"template":"highway","default_image_id":0,"enabled":false},"version":2}},"categories":[1161,44,7671,6937],"tags":[],"class_list":["post-67803","post","type-post","status-publish","format-standard","has-post-thumbnail","hentry","category-ciudadania","category-noticias-de-hoy","category-politica","category-sociedad"],"jetpack_publicize_connections":[],"jetpack_featured_media_url":"https:\/\/i0.wp.com\/miradordeatarfe.es\/wp-content\/uploads\/2024\/03\/image1170x530cropped.jpg?fit=1178%2C530&ssl=1","jetpack_likes_enabled":true,"jetpack_sharing_enabled":true,"_links":{"self":[{"href":"https:\/\/miradordeatarfe.es\/index.php?rest_route=\/wp\/v2\/posts\/67803","targetHints":{"allow":["GET"]}}],"collection":[{"href":"https:\/\/miradordeatarfe.es\/index.php?rest_route=\/wp\/v2\/posts"}],"about":[{"href":"https:\/\/miradordeatarfe.es\/index.php?rest_route=\/wp\/v2\/types\/post"}],"author":[{"embeddable":true,"href":"https:\/\/miradordeatarfe.es\/index.php?rest_route=\/wp\/v2\/users\/1"}],"replies":[{"embeddable":true,"href":"https:\/\/miradordeatarfe.es\/index.php?rest_route=%2Fwp%2Fv2%2Fcomments&post=67803"}],"version-history":[{"count":1,"href":"https:\/\/miradordeatarfe.es\/index.php?rest_route=\/wp\/v2\/posts\/67803\/revisions"}],"predecessor-version":[{"id":67805,"href":"https:\/\/miradordeatarfe.es\/index.php?rest_route=\/wp\/v2\/posts\/67803\/revisions\/67805"}],"wp:featuredmedia":[{"embeddable":true,"href":"https:\/\/miradordeatarfe.es\/index.php?rest_route=\/wp\/v2\/media\/67804"}],"wp:attachment":[{"href":"https:\/\/miradordeatarfe.es\/index.php?rest_route=%2Fwp%2Fv2%2Fmedia&parent=67803"}],"wp:term":[{"taxonomy":"category","embeddable":true,"href":"https:\/\/miradordeatarfe.es\/index.php?rest_route=%2Fwp%2Fv2%2Fcategories&post=67803"},{"taxonomy":"post_tag","embeddable":true,"href":"https:\/\/miradordeatarfe.es\/index.php?rest_route=%2Fwp%2Fv2%2Ftags&post=67803"}],"curies":[{"name":"wp","href":"https:\/\/api.w.org\/{rel}","templated":true}]}}