{"id":67811,"date":"2024-03-14T10:30:23","date_gmt":"2024-03-14T09:30:23","guid":{"rendered":"https:\/\/miradordeatarfe.es\/?p=67811"},"modified":"2024-06-02T12:16:13","modified_gmt":"2024-06-02T10:16:13","slug":"no-hemos-aprendido-nada-por-juan-de-dios-villanueva-roa","status":"publish","type":"post","link":"https:\/\/miradordeatarfe.es\/?p=67811","title":{"rendered":"\u00abNO HEMOS APRENDIDO NADA\u00bb  por Juan de Dios Villanueva Roa"},"content":{"rendered":"<h3 style=\"text-align: justify;\">No hemos aprendido nada. Tras veinte a\u00f1os desde el m\u00e1s sangrante suceso de la historia reciente de este pa\u00eds, que es de todos, no hemos aprendido que la mentira global solo lleva a la decepci\u00f3n, a que tarde o temprano la gente la reconoce y las inteligencias se oponen a que los gobernantes o quienes aspiran a gobernar sigan en los espacios de poder.<\/h3>\n<p style=\"text-align: justify;\">No hemos aprendido de aquella mentira de aquel gobierno presidido por Aznar que se\u00f1al\u00f3 hacia quienes nada hicieron en aquella cat\u00e1strofe, en aquel asesinato masivo, en aquel destrozo en cuerpos y esp\u00edritus de gentes que solo hab\u00edan subido a un tren gener\u00f3 tal tristeza e indignaci\u00f3n en la gente que los arranc\u00f3 del poder. No aprendieron porque vuelven con la mentira entre las manos, riendo de la memoria (hay muchos memos listos en esto de la pol\u00edtica). No hace falta que exploten trenes y los hierros vuelen por los aires para reconocer que hay que ir de cara cuando un pueblo te ha dado el poder de conducir su destino, o cuando aspiras a llevar a millones de personas y todo lo que envuelven hacia un futuro mejor para la totalidad, no solo para quienes dirigen ese pa\u00eds y sus adl\u00e1teres. Y la gente ha de rechazar esos usos. Esas mentiras que solo buscan la risita, el carcajeo, el <em>y t\u00fa m\u00e1s<\/em>, el poder para seguir sirviendo al verdadero poder: el dinero.<\/p>\n<p style=\"text-align: justify;\">No, no hemos aprendido nada cuando permitimos que los extremos sigan subiendo porque nosotros hacemos que suban, que no se reconozca que el mejor bien es el bien com\u00fan. No hemos aprendido a vivir porque la muerte de aquel entonces ha pasado al olvido, a ser ajena.<\/p>\n<p>foto: https:\/\/www.youtube.com\/watch?v=wGYD8lgyfh8<\/p>\n","protected":false},"excerpt":{"rendered":"<p>No hemos aprendido nada. Tras veinte a\u00f1os desde el m\u00e1s sangrante suceso de la historia&#8230;<\/p>\n","protected":false},"author":1,"featured_media":67812,"comment_status":"closed","ping_status":"closed","sticky":false,"template":"","format":"standard","meta":{"_coblocks_attr":"","_coblocks_dimensions":"","_coblocks_responsive_height":"","_coblocks_accordion_ie_support":"","jetpack_post_was_ever_published":false,"_jetpack_newsletter_access":"","_jetpack_dont_email_post_to_subs":false,"_jetpack_newsletter_tier_id":0,"_jetpack_memberships_contains_paywalled_content":false,"_jetpack_memberships_contains_paid_content":false,"footnotes":"","jetpack_publicize_message":"","jetpack_publicize_feature_enabled":true,"jetpack_social_post_already_shared":true,"jetpack_social_options":{"image_generator_settings":{"template":"highway","default_image_id":0,"enabled":false},"version":2}},"categories":[1161,9772,7671],"tags":[],"class_list":["post-67811","post","type-post","status-publish","format-standard","has-post-thumbnail","hentry","category-ciudadania","category-opinion-de-juan-de-dios-villanueva","category-politica"],"jetpack_publicize_connections":[],"jetpack_featured_media_url":"https:\/\/i0.wp.com\/miradordeatarfe.es\/wp-content\/uploads\/2024\/03\/th.jpeg?fit=320%2C180&ssl=1","jetpack_likes_enabled":true,"jetpack_sharing_enabled":true,"_links":{"self":[{"href":"https:\/\/miradordeatarfe.es\/index.php?rest_route=\/wp\/v2\/posts\/67811","targetHints":{"allow":["GET"]}}],"collection":[{"href":"https:\/\/miradordeatarfe.es\/index.php?rest_route=\/wp\/v2\/posts"}],"about":[{"href":"https:\/\/miradordeatarfe.es\/index.php?rest_route=\/wp\/v2\/types\/post"}],"author":[{"embeddable":true,"href":"https:\/\/miradordeatarfe.es\/index.php?rest_route=\/wp\/v2\/users\/1"}],"replies":[{"embeddable":true,"href":"https:\/\/miradordeatarfe.es\/index.php?rest_route=%2Fwp%2Fv2%2Fcomments&post=67811"}],"version-history":[{"count":1,"href":"https:\/\/miradordeatarfe.es\/index.php?rest_route=\/wp\/v2\/posts\/67811\/revisions"}],"predecessor-version":[{"id":67813,"href":"https:\/\/miradordeatarfe.es\/index.php?rest_route=\/wp\/v2\/posts\/67811\/revisions\/67813"}],"wp:featuredmedia":[{"embeddable":true,"href":"https:\/\/miradordeatarfe.es\/index.php?rest_route=\/wp\/v2\/media\/67812"}],"wp:attachment":[{"href":"https:\/\/miradordeatarfe.es\/index.php?rest_route=%2Fwp%2Fv2%2Fmedia&parent=67811"}],"wp:term":[{"taxonomy":"category","embeddable":true,"href":"https:\/\/miradordeatarfe.es\/index.php?rest_route=%2Fwp%2Fv2%2Fcategories&post=67811"},{"taxonomy":"post_tag","embeddable":true,"href":"https:\/\/miradordeatarfe.es\/index.php?rest_route=%2Fwp%2Fv2%2Ftags&post=67811"}],"curies":[{"name":"wp","href":"https:\/\/api.w.org\/{rel}","templated":true}]}}