{"id":67825,"date":"2024-03-17T08:17:27","date_gmt":"2024-03-17T07:17:27","guid":{"rendered":"https:\/\/miradordeatarfe.es\/?p=67825"},"modified":"2024-03-13T13:22:02","modified_gmt":"2024-03-13T12:22:02","slug":"es-obligatorio-llevar-el-dni-siempre-encima-esto-es-lo-que-dice-la-ley","status":"publish","type":"post","link":"https:\/\/miradordeatarfe.es\/?p=67825","title":{"rendered":"\u00bfEs obligatorio llevar el DNI siempre encima? Esto es lo que dice la ley"},"content":{"rendered":"<h2 style=\"text-align: justify;\">Esta es la respuesta a una de las preguntas m\u00e1s habituales<\/h2>\n<div id=\"fusion-app\">\n<div class=\"sky1-pbs\" style=\"text-align: justify;\">\u00a0Seguro que en alguna ocasi\u00f3n has le\u00eddo eso de que es obligatorio llevar el <a href=\"https:\/\/www.dnielectronico.es\/portaldnie\/PRF1_Cons02.action?pag=REF_420\" target=\"_blank\" rel=\"noopener\">Documento Nacional de Identidad (DNI) <\/a>siempre encima. Ahora que llega el verano, y que seguro que te est\u00e1s muriendo de ganas de ir a la playa o a la piscina para hacer frente a la ola de calor y sus altas temperaturas, probablemente te habr\u00e1 surgido esta duda porque no sabes si dejar la cartera en casa o llev\u00e1rtela contigo a expensas de que se pueda perder. \u00bfQu\u00e9 dice la ley? A pesar de que se puede interpretar de varias maneras, no est\u00e1 escrito en ning\u00fan lado que sea obligatorio.<\/div>\n<p><main><\/p>\n<article>\n<div class=\"cnt-data-art\">\n<div class=\"c-i\">\n<div class=\"cnt-txt\">\n<p style=\"text-align: justify;\">Seg\u00fan establece el art\u00edculo 9.2 de la <a href=\"https:\/\/www.boe.es\/eli\/es\/lo\/2015\/03\/30\/4\">Ley Org\u00e1nica de Protecci\u00f3n de la Seguridad Ciudadana<\/a>, popularmente conocida como Ley Mordaza, \u00abtodas las personas obligadas a obtener el Documento Nacional de Identidad lo est\u00e1n tambi\u00e9n de exhibirlo y permitir la comprobaci\u00f3n de las medidas de seguridad a las que se refiere el apartado 2 del art\u00edculo 8 cuando fueren requeridas para ello por la autoridad o sus agentes, para el cumplimiento de los fines previstos en el apartado 1 del art\u00edculo 16\u00bb. De esta manera, y a pesar de que no es obligatorio llevarlo encima, podr\u00edas llegar a ser multado si no se lo muestras a un agente en caso de que te lo solicite.<\/p>\n<h3 style=\"text-align: justify;\">\u00bfQu\u00e9 pasa si no llevo el DNI encima y no puedo identificarme frente a los agentes?<\/h3>\n<p style=\"text-align: justify;\">\u00bfQu\u00e9 pasa en caso de que de los agentes te pidan el DNI y no lo lleves encima? Tal y como recoge la Ley Org\u00e1nica de Protecci\u00f3n de la Seguridad Ciudadana, los agentes \u00abpodr\u00e1n requerir\u00a0a quienes no pudieran ser identificados a\u00a0que les acompa\u00f1en a las dependencias policiales\u00a0m\u00e1s pr\u00f3ximas en las que se disponga de los medios adecuados para la pr\u00e1ctica de esta diligencia\u00bb. Por lo tanto, los agentes podr\u00e1n pedirnos que les acompa\u00f1emos hasta la comisar\u00eda \u00fanicamente para proceder a nuestra identificaci\u00f3n \u00abpor el tiempo estrictamente necesario\u00bb. En el apartado dos del art\u00edculo 16 sobre identificaci\u00f3n de personas aseguran que \u00aben ning\u00fan caso podr\u00e1 superar las seis horas\u00bb.<\/p>\n<p style=\"text-align: justify;\">No obstante, tal y como se\u00f1ala alguna resoluci\u00f3n judicial como <a href=\"https:\/\/red-juridica.com\/es-obligatorio-portar-dni\/\" target=\"_blank\" rel=\"nofollow noopener\">la sentencia n\u00fam. 296\/2000 del Juzgado de Instrucci\u00f3n n\u00fam. 9 de Bilbao<\/a> recogida por <i>Red Jur\u00eddica<\/i>, los agentes podr\u00edan hacer la comprobaci\u00f3n desde la emisora del coche patrulla facilitando \u00fanicamente el n\u00famero de DNI y los nombres y apellidos de la persona. Pero no solo eso. Tambi\u00e9n podr\u00eda ser identificado por medio de cualquier otro documento que tuviera validez legal como un carn\u00e9 de estudiante o un carn\u00e9 de conducir, por ejemplo.<\/p>\n<h3 style=\"text-align: justify;\">Las autoridades pueden sancionarte por negarte a mostrar el DNI<\/h3>\n<p style=\"text-align: justify;\">Por lo tanto, y dado que no es obligatorio llevar el DNI encima, no te pueden sancionar por no disponer del mismo. Por lo que s\u00ed que podr\u00edan sancionarte es por negarte a mostrar el Documento Nacional de Identidad llev\u00e1ndolo encima, algo que podr\u00eda constituir una infracci\u00f3n administrativa por desobediencia. En caso de que sea considerada como infracci\u00f3n leve las multas pueden ir desde los 100 a los 600 euros. Si por el contrario consideran que se trata de una sanci\u00f3n de car\u00e1cter grave, las multas pueden ir desde los 601 hasta los 30.000 euros.<\/p>\n<p style=\"text-align: justify;\">De cara a un futuro no muy lejano, la Uni\u00f3n Europea pretende lanzar una app que permitir\u00e1 a todos los ciudadanos y ciudadanas de los estados miembros de la Uni\u00f3n Europea acreditar su identidad de forma virtual. Hasta entonces, y en caso de que los agentes nos pidan nuestro DNI, tendremos que llevarlo encima para que puedan identificarnos. En caso de no llevarlo encima, tendremos que ofrecer las garant\u00edas suficientes para demostrar que somos quienes decimos ser y, en caso de que no se pueda, tendremos que acudir a la comisar\u00eda m\u00e1s cercana para acreditar nuestra identidad.<\/p>\n<p><a class=\"au-wb\" title=\"David Justo\" href=\"https:\/\/cadenaser.com\/autor\/david_justo_doctor\/a\/\">David Justo\u00a0<\/a><\/p>\n<p>CADENA SER<\/p>\n<p>IMAGEN: Una imagen del nuevo DNI 3.0 \/ ICAL<\/p>\n<p>https:\/\/cadenaser.com\/castillayleon\/2024\/03\/13\/las-mascotas-tambien-tienen-depresion-radio-penafiel\/<\/p>\n<\/div>\n<\/div>\n<\/div>\n<\/article>\n<p><\/main><\/div>\n","protected":false},"excerpt":{"rendered":"<p>Esta es la respuesta a una de las preguntas m\u00e1s habituales \u00a0Seguro que en alguna&#8230;<\/p>\n","protected":false},"author":1,"featured_media":67826,"comment_status":"closed","ping_status":"closed","sticky":false,"template":"","format":"standard","meta":{"_coblocks_attr":"","_coblocks_dimensions":"","_coblocks_responsive_height":"","_coblocks_accordion_ie_support":"","jetpack_post_was_ever_published":false,"_jetpack_newsletter_access":"","_jetpack_dont_email_post_to_subs":false,"_jetpack_newsletter_tier_id":0,"_jetpack_memberships_contains_paywalled_content":false,"_jetpack_memberships_contains_paid_content":false,"footnotes":"","jetpack_publicize_message":"","jetpack_publicize_feature_enabled":true,"jetpack_social_post_already_shared":true,"jetpack_social_options":{"image_generator_settings":{"template":"highway","default_image_id":0,"enabled":false},"version":2}},"categories":[1161,44,6937],"tags":[],"class_list":["post-67825","post","type-post","status-publish","format-standard","has-post-thumbnail","hentry","category-ciudadania","category-noticias-de-hoy","category-sociedad"],"jetpack_publicize_connections":[],"jetpack_featured_media_url":"https:\/\/i0.wp.com\/miradordeatarfe.es\/wp-content\/uploads\/2024\/03\/Screenshot-2024-03-13-at-13-08-36-La-Policia-Nacional-anuncia-la-novedad-mas-esperada-en-el-DNI-Llegara-pronto-1.png?fit=455%2C312&ssl=1","jetpack_likes_enabled":true,"jetpack_sharing_enabled":true,"_links":{"self":[{"href":"https:\/\/miradordeatarfe.es\/index.php?rest_route=\/wp\/v2\/posts\/67825","targetHints":{"allow":["GET"]}}],"collection":[{"href":"https:\/\/miradordeatarfe.es\/index.php?rest_route=\/wp\/v2\/posts"}],"about":[{"href":"https:\/\/miradordeatarfe.es\/index.php?rest_route=\/wp\/v2\/types\/post"}],"author":[{"embeddable":true,"href":"https:\/\/miradordeatarfe.es\/index.php?rest_route=\/wp\/v2\/users\/1"}],"replies":[{"embeddable":true,"href":"https:\/\/miradordeatarfe.es\/index.php?rest_route=%2Fwp%2Fv2%2Fcomments&post=67825"}],"version-history":[{"count":1,"href":"https:\/\/miradordeatarfe.es\/index.php?rest_route=\/wp\/v2\/posts\/67825\/revisions"}],"predecessor-version":[{"id":67827,"href":"https:\/\/miradordeatarfe.es\/index.php?rest_route=\/wp\/v2\/posts\/67825\/revisions\/67827"}],"wp:featuredmedia":[{"embeddable":true,"href":"https:\/\/miradordeatarfe.es\/index.php?rest_route=\/wp\/v2\/media\/67826"}],"wp:attachment":[{"href":"https:\/\/miradordeatarfe.es\/index.php?rest_route=%2Fwp%2Fv2%2Fmedia&parent=67825"}],"wp:term":[{"taxonomy":"category","embeddable":true,"href":"https:\/\/miradordeatarfe.es\/index.php?rest_route=%2Fwp%2Fv2%2Fcategories&post=67825"},{"taxonomy":"post_tag","embeddable":true,"href":"https:\/\/miradordeatarfe.es\/index.php?rest_route=%2Fwp%2Fv2%2Ftags&post=67825"}],"curies":[{"name":"wp","href":"https:\/\/api.w.org\/{rel}","templated":true}]}}