{"id":67829,"date":"2024-03-15T10:23:40","date_gmt":"2024-03-15T09:23:40","guid":{"rendered":"https:\/\/miradordeatarfe.es\/?p=67829"},"modified":"2024-03-13T13:45:17","modified_gmt":"2024-03-13T12:45:17","slug":"el-aula-universitaria-para-alumnos-de-hasta-93-anos","status":"publish","type":"post","link":"https:\/\/miradordeatarfe.es\/?p=67829","title":{"rendered":"El aula universitaria para alumnos de hasta 93 a\u00f1os"},"content":{"rendered":"<h2 class=\"v-a-sub-t\" style=\"text-align: justify;\">El programa de mayores de la UGR cuenta con 1.300 estudiantes y tiene lista de espera<\/h2>\n<p class=\"v-p\" style=\"text-align: justify;\">Es hora de pasar lista y lo hacen con un c\u00f3digo QR. Los alumnos y alumnas que superan los sesenta a\u00f1os de edad se afanan con sus tel\u00e9fonos m\u00f3viles para registrar su asistencia (hay alg\u00fan contratiempo). Est\u00e1n contentos de estar en el aula diez del Espacio V Centenario de la Universidad de Granada (UGR). Son cerca de las cinco de la tarde y va a empezar la clase de la asignatura &#8216;La Alhambra: \u00e1lgebra y geometr\u00eda versus abstracci\u00f3n y belleza&#8217;, que imparte el profesor Rafael P\u00e9rez, que es uno de los grandes conocedores del monumento nazar\u00ed. \u00a0<\/p>\n<div class=\"paywall container-wall-exclusive\" style=\"text-align: justify;\" data-mrf-recirculation=\"Link art\u00edculos\">\n<div class=\"v-c-cmp v-c-cmp--t1 v-c-cmp--sm v-bdr-b\">\n<div class=\"v-d-cmp-rld v-d-cmp-rld--2 \">\n<header class=\"v-cnt-m v-cnt-m--xs\">\n<div class=\"v-cnt-m__h\">\u00a0<\/div>\n<\/header>\n<\/div>\n<\/div>\n<\/div>\n<p class=\"v-p\" style=\"text-align: justify;\">P\u00e9rez explic\u00f3, durante dos horas, cuestiones de gran inter\u00e9s sobre las construcciones de la colina roja a casi doscientos alumnos del Aula Permanente de Formaci\u00f3n Abierta (APFA), o Aula de Mayores, como la llama el alumnado, coloquialmente. Ni con amenaza de lluvia dejan de ir la mayor\u00eda de ellos. \u00bfTodo son qubba? Le pregunt\u00f3 una alumna cuando explicaba esta estructura arquitect\u00f3nica. Estaban atentos a pesar de las horas.<\/p>\n<p class=\"v-p\" style=\"text-align: justify;\">\u00abPara m\u00ed es un privilegio ser profesor del Aula. En mi vida profesional, es la docencia m\u00e1s grata que he impartido por la implicaci\u00f3n e inter\u00e9s del alumnado en ella y el respeto que reina en todas las sesiones\u00bb, subrayaba el profesor Rafael P\u00e9rez, que hace cuatro a\u00f1os fue reconocido con el premio a la excelencia docente.<\/p>\n<p class=\"v-p\" style=\"text-align: justify;\">En clase, unos estaban tomando apuntes en sus libretas. Otros solo escuchaban. En el Aula de Mayores hay quienes no han pasado nunca por la Universidad. No pudieron de j\u00f3venes estudiar y tras sus jubilaciones asisten a escuchar y aprender de docentes universitarios. Tambi\u00e9n hay alumnado s\u00e9nior que estudi\u00f3 una carrera universitaria y tras la jubilaci\u00f3n vuelve al campus universitario.<\/p>\n<p class=\"v-p\" style=\"text-align: justify;\">El Aula Permanente cuenta con un programa universitario de mayores con 113 asignaturas (de todas las disciplinas) en seis sedes, 223 profesores y, actualmente 1.302 alumnos. Hay clases en Granada, Guadix, Motril, Baza, Ceuta y Melilla. La capital aglutina al m\u00e1ximo del <strong>estudiantado, 1.032. De ellos, 329 son hombres y 703 mujeres<\/strong>. \u00abA partir de la pandemia empezaron a apuntarse m\u00e1s hombres\u00bb, comentaba Mar\u00eda Hortensia, una de las alumnas. Cada d\u00eda hay clase de varias asignaturas.<\/p>\n<p class=\"v-p\" style=\"text-align: justify;\">En la capital, la UGR oferta un programa espec\u00edfico de tres cursos. En el resto de sedes cada una desarrolla curso tras curso un programa m\u00e1s cambiante. \u00abToda vez que el alumnado es pr\u00e1cticamente el mismo a\u00f1o tras a\u00f1o, por lo que se necesita cambiar la totalidad de las asignaturas\u00bb, especificaba Juan Antonio Maldonado, director del Aula Permanente de Formaci\u00f3n Abierta. Tanto en Granada como en las sedes, tras la finalizaci\u00f3n del \u00a0primer ciclo, el alumnado obtiene un diploma de graduado en el programa universitario de mayores.<\/p>\n<p class=\"v-p\" style=\"text-align: justify;\">Finalizado el primer ciclo, pueden continuar matriculados en un segundo: \u00abM\u00e1s din\u00e1mico, que cuenta, adem\u00e1s, con un conjunto de optatividad especial y puede continuar form\u00e1ndose hasta que lo desee, sin l\u00edmites\u00bb.<\/p>\n<p class=\"v-p\" style=\"text-align: justify;\">Hay alumnos desde los 52 a los 93 a\u00f1os, algunos de ellos llevan m\u00e1s de 20 a\u00f1os matriculados. Dionisio Carmelo es uno de los que lleva dos d\u00e9cadas. La m\u00e1s mayor, la de 93 a\u00f1os, est\u00e1 matriculada en la sede de Guadix. <strong>Del total, en las seis sedes, de los 1.302 hay 394 varones y 908 mujeres. De m\u00e1s de 80 a\u00f1os hay 63 y en la franja de 71 a 80 a\u00f1os, 389. Hay lista de espera<\/strong>.<\/p>\n<p class=\"v-p\" style=\"text-align: justify;\"><strong>La UGR, pionera<\/strong><\/p>\n<p class=\"v-p\" style=\"text-align: justify;\">La Universidad granadina fue pionera en la puesta en marcha del Aula Permanente de Formaci\u00f3n Abierta, o Aula de Mayores, en el curso 1993-1994, mediante un programa acad\u00e9mico para mayores de 50 a\u00f1os. Son ya tres d\u00e9cadas ense\u00f1ando, divulgando e incentivando la participaci\u00f3n activa de estos alumnos en actividades docentes, de investigaci\u00f3n, art\u00edsticas, culturales, de extensi\u00f3n universitaria y de internacionalizaci\u00f3n.<\/p>\n<p class=\"v-p\" style=\"text-align: justify;\">Estos estudiantes veteranos superan los cincuenta a\u00f1os, pero no han perdido ni una pizca de la inquietud por formarse y por nutrir su intelecto. Se mezclan con los j\u00f3venes que van a las salas de estudio en el V Centenario y se sienten unos universitarios m\u00e1s.<\/p>\n<p><a href=\"https:\/\/i0.wp.com\/miradordeatarfe.es\/wp-content\/uploads\/2024\/03\/Screenshot-2024-03-13-at-13-41-46-El-aula-universitaria-para-alumnos-de-hasta-93-anos.png?ssl=1\"><img data-recalc-dims=\"1\" loading=\"lazy\" decoding=\"async\" class=\"alignnone wp-image-67831 size-full\" src=\"https:\/\/i0.wp.com\/miradordeatarfe.es\/wp-content\/uploads\/2024\/03\/Screenshot-2024-03-13-at-13-41-46-El-aula-universitaria-para-alumnos-de-hasta-93-anos.png?resize=640%2C264&#038;ssl=1\" alt=\"\" width=\"640\" height=\"264\" srcset=\"https:\/\/i0.wp.com\/miradordeatarfe.es\/wp-content\/uploads\/2024\/03\/Screenshot-2024-03-13-at-13-41-46-El-aula-universitaria-para-alumnos-de-hasta-93-anos.png?w=680&amp;ssl=1 680w, https:\/\/i0.wp.com\/miradordeatarfe.es\/wp-content\/uploads\/2024\/03\/Screenshot-2024-03-13-at-13-41-46-El-aula-universitaria-para-alumnos-de-hasta-93-anos.png?resize=300%2C124&amp;ssl=1 300w\" sizes=\"auto, (max-width: 640px) 100vw, 640px\" \/><\/a><\/p>\n<div class=\"v-mdl-ath__img-c\">\n<figure class=\"v-mdl-ath__fig\"><strong><a class=\"v-mdl-ath__fig-a\" title=\"Andrea G. Parra\" href=\"https:\/\/www.ideal.es\/autor\/andrea-g-parra-2731.html\" data-mrf-link=\"https:\/\/www.ideal.es\/autor\/andrea-g-parra-2731.html\">PUBLICADO EN IDEAL\u00a0 <\/a><\/strong><\/figure>\n<\/div>\n<div class=\"v-mdl-ath__inf\">\n<p class=\"v-mdl-ath__p v-mdl-ath__p--2\"><strong><a href=\"https:\/\/www.ideal.es\/autor\/andrea-g-parra-2731.html\" data-mrf-link=\"https:\/\/www.ideal.es\/autor\/andrea-g-parra-2731.html\">Andrea G. Parra<\/a><\/strong><\/p>\n<p>FOTOS: Una clase del aula universitaria de mayores. Pepe Mar\u00edn\u00a0<\/p>\n<\/div>\n<p>https:\/\/www.ideal.es\/miugr\/aula-universitaria-alumnos-anos-20240311234709-nt.html<\/p>\n","protected":false},"excerpt":{"rendered":"<p>El programa de mayores de la UGR cuenta con 1.300 estudiantes y tiene lista de&#8230;<\/p>\n","protected":false},"author":1,"featured_media":67830,"comment_status":"closed","ping_status":"closed","sticky":false,"template":"","format":"standard","meta":{"_coblocks_attr":"","_coblocks_dimensions":"","_coblocks_responsive_height":"","_coblocks_accordion_ie_support":"","jetpack_post_was_ever_published":false,"_jetpack_newsletter_access":"","_jetpack_dont_email_post_to_subs":false,"_jetpack_newsletter_tier_id":0,"_jetpack_memberships_contains_paywalled_content":false,"_jetpack_memberships_contains_paid_content":false,"footnotes":"","jetpack_publicize_message":"","jetpack_publicize_feature_enabled":true,"jetpack_social_post_already_shared":true,"jetpack_social_options":{"image_generator_settings":{"template":"highway","default_image_id":0,"enabled":false},"version":2}},"categories":[1161,10781,44],"tags":[],"class_list":["post-67829","post","type-post","status-publish","format-standard","has-post-thumbnail","hentry","category-ciudadania","category-granada","category-noticias-de-hoy"],"jetpack_publicize_connections":[],"jetpack_featured_media_url":"https:\/\/i0.wp.com\/miradordeatarfe.es\/wp-content\/uploads\/2024\/03\/Screenshot-2024-03-13-at-13-26-04-El-aula-universitaria-para-alumnos-de-hasta-93-anos.png?fit=498%2C322&ssl=1","jetpack_likes_enabled":true,"jetpack_sharing_enabled":true,"_links":{"self":[{"href":"https:\/\/miradordeatarfe.es\/index.php?rest_route=\/wp\/v2\/posts\/67829","targetHints":{"allow":["GET"]}}],"collection":[{"href":"https:\/\/miradordeatarfe.es\/index.php?rest_route=\/wp\/v2\/posts"}],"about":[{"href":"https:\/\/miradordeatarfe.es\/index.php?rest_route=\/wp\/v2\/types\/post"}],"author":[{"embeddable":true,"href":"https:\/\/miradordeatarfe.es\/index.php?rest_route=\/wp\/v2\/users\/1"}],"replies":[{"embeddable":true,"href":"https:\/\/miradordeatarfe.es\/index.php?rest_route=%2Fwp%2Fv2%2Fcomments&post=67829"}],"version-history":[{"count":1,"href":"https:\/\/miradordeatarfe.es\/index.php?rest_route=\/wp\/v2\/posts\/67829\/revisions"}],"predecessor-version":[{"id":67832,"href":"https:\/\/miradordeatarfe.es\/index.php?rest_route=\/wp\/v2\/posts\/67829\/revisions\/67832"}],"wp:featuredmedia":[{"embeddable":true,"href":"https:\/\/miradordeatarfe.es\/index.php?rest_route=\/wp\/v2\/media\/67830"}],"wp:attachment":[{"href":"https:\/\/miradordeatarfe.es\/index.php?rest_route=%2Fwp%2Fv2%2Fmedia&parent=67829"}],"wp:term":[{"taxonomy":"category","embeddable":true,"href":"https:\/\/miradordeatarfe.es\/index.php?rest_route=%2Fwp%2Fv2%2Fcategories&post=67829"},{"taxonomy":"post_tag","embeddable":true,"href":"https:\/\/miradordeatarfe.es\/index.php?rest_route=%2Fwp%2Fv2%2Ftags&post=67829"}],"curies":[{"name":"wp","href":"https:\/\/api.w.org\/{rel}","templated":true}]}}