{"id":67839,"date":"2024-03-16T09:39:00","date_gmt":"2024-03-16T08:39:00","guid":{"rendered":"https:\/\/miradordeatarfe.es\/?p=67839"},"modified":"2024-03-16T10:55:06","modified_gmt":"2024-03-16T09:55:06","slug":"la-mesa-sectorial-de-educacion-contra-el-decreto-de-la-formacion-permanente","status":"publish","type":"post","link":"https:\/\/miradordeatarfe.es\/?p=67839","title":{"rendered":"LA MESA SECTORIAL DE EDUCACI\u00d3N CONTRA EL DECRETO DE LA FORMACI\u00d3N PERMANENTE"},"content":{"rendered":"<h3 style=\"text-align: justify;\">CSIF, ANPE, USTEA, CCOO y UGT\u00a0 las fuerzas sindicales de Andaluc\u00eda, se ha concentrado y manifestado para apoyar al colectivo de docentes de los centros de educaci\u00f3n permanente, as\u00ed como al alumnado que recibe su formaci\u00f3n en dichos centros.<\/h3>\n<p style=\"text-align: justify;\">Desde el pasado 14 de diciembre, d\u00eda que se celebr\u00f3 la Mesa T\u00e9cnica donde se trabaj\u00f3 el \u201cProyecto de Decreto que modificar\u00e1 el Decreto 36\/2007,de 6 de febrero, por el que se definen los puestos de trabajo Docentes de los Centros de Educaci\u00f3n Permanente, se establece su forma de provisi\u00f3n y se regula la coordinaci\u00f3n provincial de Educaci\u00f3n Permanente\u201d, los sindicatos se mostraron en contra de la forma de proceder de la Consejer\u00eda de Desarrollo Educativo y Formaci\u00f3n Profesional, en tanto en cuanto que este Decreto <strong>no garantiza los puestos de trabajo del personal que actualmente imparte estas ense\u00f1anzas.<\/strong><\/p>\n<p style=\"text-align: justify;\">La Administraci\u00f3n esgrime que es obligatorio impartir los cursos de formaci\u00f3n preparatorios para el acceso a los ciclos formativos de grado medio y de grado superior en los centros de educaci\u00f3n permanente, <em><strong>por profesorado de educaci\u00f3n secundaria<\/strong><\/em>, sin embargo tal obligatoriedad no es cierta, atendiendo a la normativa vigente.<\/p>\n<p style=\"text-align: justify;\">Desde las organizaciones sindicales entienden que lo que pretende la Administraci\u00f3n es acometer una reforma integral de la educaci\u00f3n permanente en Andaluc\u00eda. El disfraz que pretenden poner a la obligatoriedad de impartir esta formaci\u00f3n en los CEPER y SEP t<strong>iene como objetivo la supresi\u00f3n, desplazamiento y traslado de plantillas del cuerpo de maestros<\/strong>, algo ante lo que va a encontrar la Administraci\u00f3n la frontal disconformidad de los sindicatos. No puede servir un decreto para empeorar las condiciones de una parte de la comunidad educativa, en este caso, el profesorado de los centros de adultos, y tampoco deber\u00eda ser motivo de confrontaci\u00f3n entre los distintos cuerpos.<\/p>\n<p style=\"text-align: justify;\">Tal y como est\u00e1 redactado el borrador de decreto no define c\u00f3mo quedar\u00e1n las plantillas ni la actual red de centros. La administraci\u00f3n educativa andaluza no arroja luz sobre estos asuntos cuando han sido cuestionados al respecto en el seno de la Mesa Sectorial de Educaci\u00f3n. No conocemos c\u00f3mo ser\u00e1 la estructura de la educaci\u00f3n permanente. Los sindicatos consideran que para \u201campliar y mejorar\u201d la oferta, la incorporaci\u00f3n del profesorado de secundaria no debe producir merma en la plantilla del Cuerpo de maestros en los centros de educaci\u00f3n permanente.<\/p>\n<p>FOTO: https:\/\/www.educaweb.com\/noticia\/2020\/11\/04\/razones-personas-adultas-apuestan-no-formarse-19355\/<\/p>\n","protected":false},"excerpt":{"rendered":"<p>CSIF, ANPE, USTEA, CCOO y UGT\u00a0 las fuerzas sindicales de Andaluc\u00eda, se ha concentrado y&#8230;<\/p>\n","protected":false},"author":1,"featured_media":67904,"comment_status":"closed","ping_status":"closed","sticky":false,"template":"","format":"standard","meta":{"_coblocks_attr":"","_coblocks_dimensions":"","_coblocks_responsive_height":"","_coblocks_accordion_ie_support":"","jetpack_post_was_ever_published":false,"_jetpack_newsletter_access":"","_jetpack_dont_email_post_to_subs":false,"_jetpack_newsletter_tier_id":0,"_jetpack_memberships_contains_paywalled_content":false,"_jetpack_memberships_contains_paid_content":false,"footnotes":"","jetpack_publicize_message":"","jetpack_publicize_feature_enabled":true,"jetpack_social_post_already_shared":true,"jetpack_social_options":{"image_generator_settings":{"template":"highway","default_image_id":0,"enabled":false},"version":2}},"categories":[187,1161,44,7671],"tags":[],"class_list":["post-67839","post","type-post","status-publish","format-standard","has-post-thumbnail","hentry","category-centros-educativos","category-ciudadania","category-noticias-de-hoy","category-politica"],"jetpack_publicize_connections":[],"jetpack_featured_media_url":"https:\/\/i0.wp.com\/miradordeatarfe.es\/wp-content\/uploads\/2024\/03\/adultos.jpg?fit=800%2C483&ssl=1","jetpack_likes_enabled":true,"jetpack_sharing_enabled":true,"_links":{"self":[{"href":"https:\/\/miradordeatarfe.es\/index.php?rest_route=\/wp\/v2\/posts\/67839","targetHints":{"allow":["GET"]}}],"collection":[{"href":"https:\/\/miradordeatarfe.es\/index.php?rest_route=\/wp\/v2\/posts"}],"about":[{"href":"https:\/\/miradordeatarfe.es\/index.php?rest_route=\/wp\/v2\/types\/post"}],"author":[{"embeddable":true,"href":"https:\/\/miradordeatarfe.es\/index.php?rest_route=\/wp\/v2\/users\/1"}],"replies":[{"embeddable":true,"href":"https:\/\/miradordeatarfe.es\/index.php?rest_route=%2Fwp%2Fv2%2Fcomments&post=67839"}],"version-history":[{"count":1,"href":"https:\/\/miradordeatarfe.es\/index.php?rest_route=\/wp\/v2\/posts\/67839\/revisions"}],"predecessor-version":[{"id":67840,"href":"https:\/\/miradordeatarfe.es\/index.php?rest_route=\/wp\/v2\/posts\/67839\/revisions\/67840"}],"wp:featuredmedia":[{"embeddable":true,"href":"https:\/\/miradordeatarfe.es\/index.php?rest_route=\/wp\/v2\/media\/67904"}],"wp:attachment":[{"href":"https:\/\/miradordeatarfe.es\/index.php?rest_route=%2Fwp%2Fv2%2Fmedia&parent=67839"}],"wp:term":[{"taxonomy":"category","embeddable":true,"href":"https:\/\/miradordeatarfe.es\/index.php?rest_route=%2Fwp%2Fv2%2Fcategories&post=67839"},{"taxonomy":"post_tag","embeddable":true,"href":"https:\/\/miradordeatarfe.es\/index.php?rest_route=%2Fwp%2Fv2%2Ftags&post=67839"}],"curies":[{"name":"wp","href":"https:\/\/api.w.org\/{rel}","templated":true}]}}