{"id":67847,"date":"2024-03-16T10:13:21","date_gmt":"2024-03-16T09:13:21","guid":{"rendered":"https:\/\/miradordeatarfe.es\/?p=67847"},"modified":"2024-03-13T17:18:54","modified_gmt":"2024-03-13T16:18:54","slug":"el-54-de-las-personas-mayores-de-55-anos-alegan-que-no-reforman-su-hogar-por-problemas-economicos","status":"publish","type":"post","link":"https:\/\/miradordeatarfe.es\/?p=67847","title":{"rendered":"El 54% de las personas mayores de 55 a\u00f1os alegan que no reforman su hogar por problemas econ\u00f3micos"},"content":{"rendered":"<h3 class=\"a_t\" style=\"text-align: justify;\">Los problemas de vivienda tambi\u00e9n afectan a los mayores: los bajos salarios y los altos costes impiden adaptar sus casa<strong>s<\/strong><\/h3>\n<article class=\"a _g _g-lg _g-o\">\n<div class=\"a_c clearfix\" data-dtm-region=\"articulo_cuerpo\">\n<p class=\"\" style=\"text-align: justify;\">En un <a href=\"https:\/\/elpais.com\/economia\/2023-08-31\/la-tasa-de-actividad-laboral-en-espana-ha-caido-34-puntos-en-la-ultima-decada-por-el-envejecimiento.html\" target=\"_blank\" rel=\"noopener\" data-link-track-dtm=\"\" data-mrf-link=\"https:\/\/elpais.com\/economia\/2023-08-31\/la-tasa-de-actividad-laboral-en-espana-ha-caido-34-puntos-en-la-ultima-decada-por-el-envejecimiento.html\">pa\u00eds de mayores<\/a>, apenas existen viviendas pensadas para ellos. Es una de las contradicciones que sufre Espa\u00f1a, pese a que distintos organismos internacionales vienen avisando hace a\u00f1os de que para 2050 tendr\u00e1 una de las poblaciones m\u00e1s envejecidas del mundo. El hecho es que las casas que existen actualmente no est\u00e1n adaptadas a sus necesidades. \u00bfEl motivo? La falta de dinero. El 54% de las personas <a href=\"https:\/\/elpais.com\/economia\/2023-10-31\/el-numero-de-trabajadores-mayores-de-55-anos-se-dispara-un-78-en-los-ultimos-14-anos.html\" target=\"_blank\" rel=\"noopener\" data-link-track-dtm=\"\" data-mrf-link=\"https:\/\/elpais.com\/economia\/2023-10-31\/el-numero-de-trabajadores-mayores-de-55-anos-se-dispara-un-78-en-los-ultimos-14-anos.html\">mayores de 55 a\u00f1os<\/a> asegura que los problemas econ\u00f3micos son la principal barrera para reformar su hogar y adecuarlo a las necesidades de la edad, seg\u00fan un estudio presentado este mi\u00e9rcoles en el Colegio Oficial de Arquitectos de Madrid (COAM).<\/p>\n<p class=\"\" style=\"text-align: justify;\">Elementos de dise\u00f1o universales como ba\u00f1eras, entradas sin escalones, salas de estar en un solo nivel o pasillos y puertas con capacidad para <a href=\"https:\/\/elpais.com\/sociedad\/2023-03-17\/mas-de-300000-personas-en-lista-de-espera-para-recibir-las-ayudas-por-dependencia.html\" target=\"_blank\" rel=\"noopener\" data-link-track-dtm=\"\" data-mrf-link=\"https:\/\/elpais.com\/sociedad\/2023-03-17\/mas-de-300000-personas-en-lista-de-espera-para-recibir-las-ayudas-por-dependencia.html\">sillas de ruedas<\/a>. Muchas de estas cosas podr\u00edan ser caracter\u00edsticas est\u00e1ndar en un domicilio, pero por lo general, surgen de renovaciones posteriores cuando aparece la necesidad y que no han sido planificadas. El informe, realizado por Sigma Dos, junto a COAM y Leroy Merlin<b>, <\/b>muestra que pr\u00e1cticamente el 70% de los encuestados creen que no es necesario adaptar el hogar antes de los 71 a\u00f1os, aunque los expertos consideran que esto debe empezar a hacerse entre los 55 y 65 a\u00f1os de edad.<\/p>\n<p class=\"\" style=\"text-align: justify;\">Cuando finalmente se hace inevitable sustituir la ba\u00f1era por un plato de ducha o ampliar los pasillos para moverse mejor, resulta que buena parte de las personas no disponen del dinero suficiente para costearlo, de ah\u00ed que las viviendas se queden igual. El precio de los materiales y la mano de obra, unidos a los bajos ingresos, est\u00e1n detr\u00e1s del problema, seg\u00fan ha explicado el decano de los arquitectos madrile\u00f1os, Sigfrido Herr\u00e1ez Rodr\u00edguez. \u201cAlguien que tiene una pensi\u00f3n de 400 euros mensuales dif\u00edcilmente se puede plantear grandes reformas. Luego est\u00e1 la<a href=\"https:\/\/elpais.com\/economia\/2023-09-18\/la-falta-de-mano-de-obra-que-frena-el-crecimiento-puedo-ir-a-un-30-mas-de-licitaciones-pero-no-tengo-trabajadores-para-las-obras.html\" target=\"_blank\" rel=\"noopener\" data-link-track-dtm=\"\" data-mrf-link=\"https:\/\/elpais.com\/economia\/2023-09-18\/la-falta-de-mano-de-obra-que-frena-el-crecimiento-puedo-ir-a-un-30-mas-de-licitaciones-pero-no-tengo-trabajadores-para-las-obras.html\"> falta de mano de obra<\/a>, pues directamente es imposible encontrar quien ponga o quite ciertos materiales de construcci\u00f3n, y eso paraliza la obra e incrementa los costes\u201d, ha detallado en su intervenci\u00f3n.<\/p>\n<p class=\"\" style=\"text-align: justify;\">La<a href=\"https:\/\/elpais.com\/economia\/2024-02-01\/30-centimos-menos-en-una-nomina-de-1500-euros-el-instrumento-para-sostener-las-pensiones-crece-ligeramente-en-2024.html#:~:text=La%20pensi%C3%B3n%20media%20mensual%20se,en%201.379%20euros%20al%20mes.\" target=\"_blank\" rel=\"noopener\" data-link-track-dtm=\"\" data-mrf-link=\"https:\/\/elpais.com\/economia\/2024-02-01\/30-centimos-menos-en-una-nomina-de-1500-euros-el-instrumento-para-sostener-las-pensiones-crece-ligeramente-en-2024.html\"> pensi\u00f3n contributiva m\u00ednima para los mayores <\/a>de 65 a\u00f1os qued\u00f3 fijada para este 2024 en 11.552,8 euros anuales, es decir, unos 962 euros mensuales \u2014y en 14.466,20 en el caso de jubilados con c\u00f3nyuge a cargo\u2014. Pese a superar el ejemplo que pon\u00eda Herr\u00e1ez, no deja de resultar un salario ajustado para enfrentar ciertas reformas. Por ejemplo, adaptar un ba\u00f1o para una persona con movilidad reducida (una prioridad para m\u00e1s del 40% de los entrevistados) tiene un coste medio de 2.300 euros, seg\u00fan distintas plataformas de servicio.<\/p>\n<p class=\"\" style=\"text-align: justify;\">Los analistas coinciden en que tanto el mercado como las autoridades est\u00e1n centrando todos sus esfuerzos en cubrir las necesidades de vivienda de la poblaci\u00f3n m\u00e1s joven, a pesar de que un tercio de los habitantes de Espa\u00f1a superan los 55 a\u00f1os. \u201cLegislar para acabar con el problema de acceso a la vivienda entre los m\u00e1s j\u00f3venes est\u00e1 bien, pero las instituciones p\u00fablicas deben gobernar para acabar con todas las inequidades\u201d, ha precisado V\u00e2nia de la Fuente-N\u00fa\u00f1ez, quien ha trabajado en el \u00e1rea de envejecimiento en la Organizaci\u00f3n Mundial de la Salud. Edificar casas que desde un inicio contemplaran el envejecimiento de la poblaci\u00f3n, ha a\u00f1adido, tendr\u00eda un impacto transversal y evitar\u00eda el abandono innecesario de la vivienda.<\/p>\n<p class=\"\" style=\"text-align: justify;\">Por lo pronto, la especialista pone \u00e9nfasis en reproducir una de las medidas estrella de Barcelona: las viviendas con servicios para gente mayor. Son casas sociales de alquiler protegido dirigidas a personas mayores de 65 a\u00f1os que no tienen un hogar propio o que, aunque lo tengan, no es accesible para ellos \u2014por ejemplo, que no tenga ascensor\u2014. Los beneficiarios tienen el derecho a utilizar el inmueble durante toda la vida, pagando un alquiler que se establece en funci\u00f3n del nivel de renta. Muchos de ellos est\u00e1n adaptados a personas con silla de ruedas, tienen una superficie media de 40 metros cuadrados y entre otras cosas tienen ba\u00f1os adecuados para evitar ca\u00eddas y alarmas centralizadas que permiten avisar en caso de accidente.<\/p>\n<\/div>\n<\/article>\n<p><strong><a class=\"a_md_a_n\" title=\"Ver todas las noticias de Denisse L\u00f3pez\" href=\"https:\/\/elpais.com\/autor\/denisse-ivette-lopez-lopez\/#?rel=author_top\" data-mrf-link=\"https:\/\/elpais.com\/autor\/denisse-ivette-lopez-lopez\/\">Denisse L\u00f3pez<\/a><\/strong><\/p>\n<p>FOTO:Un hombre mayor pasea por una calle de Madrid, en una foto de archivo.<span class=\"a_m_m\">Carlos Rosillo<\/span><\/p>\n<p>https:\/\/elpais.com\/economia\/2024-03-13\/los-problemas-de-vivienda-tambien-afectan-a-los-mayores-los-bajos-salarios-y-los-altos-costes-impiden-adaptar-sus-casas.html<\/p>\n<div class=\"a_md _g _g-xs \">\n<figure class=\"a_md_i a_m-h c_m--nf\"><span class=\"a_m_w _db\">\u00a0<\/span><\/figure>\n<div class=\"a_md_txt\">\n<div class=\"a_md_a\" data-dtm-region=\"articulo_firma\">\u00a0<\/div>\n<div class=\"a_md_f\">\u00a0<\/div>\n<\/div>\n<\/div>\n<p>&nbsp;<\/p>\n","protected":false},"excerpt":{"rendered":"<p>Los problemas de vivienda tambi\u00e9n afectan a los mayores: los bajos salarios y los altos&#8230;<\/p>\n","protected":false},"author":1,"featured_media":67848,"comment_status":"closed","ping_status":"closed","sticky":false,"template":"","format":"standard","meta":{"_coblocks_attr":"","_coblocks_dimensions":"","_coblocks_responsive_height":"","_coblocks_accordion_ie_support":"","jetpack_post_was_ever_published":false,"_jetpack_newsletter_access":"","_jetpack_dont_email_post_to_subs":false,"_jetpack_newsletter_tier_id":0,"_jetpack_memberships_contains_paywalled_content":false,"_jetpack_memberships_contains_paid_content":false,"footnotes":"","jetpack_publicize_message":"","jetpack_publicize_feature_enabled":true,"jetpack_social_post_already_shared":true,"jetpack_social_options":{"image_generator_settings":{"template":"highway","default_image_id":0,"enabled":false},"version":2}},"categories":[1161,44,6937],"tags":[],"class_list":["post-67847","post","type-post","status-publish","format-standard","has-post-thumbnail","hentry","category-ciudadania","category-noticias-de-hoy","category-sociedad"],"jetpack_publicize_connections":[],"jetpack_featured_media_url":"https:\/\/i0.wp.com\/miradordeatarfe.es\/wp-content\/uploads\/2024\/03\/Screenshot-2024-03-13-at-17-14-23-Los-problemas-de-vivienda-tambien-afectan-a-los-mayores-los-bajos-salarios-y-los-altos-costes-impiden-adaptar-sus-casas.png?fit=790%2C682&ssl=1","jetpack_likes_enabled":true,"jetpack_sharing_enabled":true,"_links":{"self":[{"href":"https:\/\/miradordeatarfe.es\/index.php?rest_route=\/wp\/v2\/posts\/67847","targetHints":{"allow":["GET"]}}],"collection":[{"href":"https:\/\/miradordeatarfe.es\/index.php?rest_route=\/wp\/v2\/posts"}],"about":[{"href":"https:\/\/miradordeatarfe.es\/index.php?rest_route=\/wp\/v2\/types\/post"}],"author":[{"embeddable":true,"href":"https:\/\/miradordeatarfe.es\/index.php?rest_route=\/wp\/v2\/users\/1"}],"replies":[{"embeddable":true,"href":"https:\/\/miradordeatarfe.es\/index.php?rest_route=%2Fwp%2Fv2%2Fcomments&post=67847"}],"version-history":[{"count":1,"href":"https:\/\/miradordeatarfe.es\/index.php?rest_route=\/wp\/v2\/posts\/67847\/revisions"}],"predecessor-version":[{"id":67849,"href":"https:\/\/miradordeatarfe.es\/index.php?rest_route=\/wp\/v2\/posts\/67847\/revisions\/67849"}],"wp:featuredmedia":[{"embeddable":true,"href":"https:\/\/miradordeatarfe.es\/index.php?rest_route=\/wp\/v2\/media\/67848"}],"wp:attachment":[{"href":"https:\/\/miradordeatarfe.es\/index.php?rest_route=%2Fwp%2Fv2%2Fmedia&parent=67847"}],"wp:term":[{"taxonomy":"category","embeddable":true,"href":"https:\/\/miradordeatarfe.es\/index.php?rest_route=%2Fwp%2Fv2%2Fcategories&post=67847"},{"taxonomy":"post_tag","embeddable":true,"href":"https:\/\/miradordeatarfe.es\/index.php?rest_route=%2Fwp%2Fv2%2Ftags&post=67847"}],"curies":[{"name":"wp","href":"https:\/\/api.w.org\/{rel}","templated":true}]}}