{"id":67855,"date":"2024-03-14T11:02:45","date_gmt":"2024-03-14T10:02:45","guid":{"rendered":"https:\/\/miradordeatarfe.es\/?p=67855"},"modified":"2024-03-14T10:34:28","modified_gmt":"2024-03-14T09:34:28","slug":"atarfe-hoy-a-las-19h-inauguracion-de-la-exposicion-club-sirenas-bienvenidos-a-la-explotacion","status":"publish","type":"post","link":"https:\/\/miradordeatarfe.es\/?p=67855","title":{"rendered":"ATARFE: HOY A LAS 19H, INAUGURACI\u00d3N DE LA EXPOSICI\u00d3N \u00abCLUB SIRENAS, BIENVENIDOS A LA EXPLOTACI\u00d3N\u00bb"},"content":{"rendered":"<h3><span class=\"x193iq5w xeuugli x13faqbe x1vvkbs x1xmvt09 x1lliihq x1s928wv xhkezso x1gmr53x x1cpjm7i x1fgarty x1943h6x xudqn12 x3x7a5m x6prxxf xvq8zen xo1l8bm xzsf02u\" dir=\"auto\">En el marco de la lucha contra la trata de mujeres y ni\u00f1as con fines de explotaci\u00f3n sexual, nos complace invitarte a la inauguraci\u00f3n de la exposici\u00f3n \u00abClub Sirenas: Bienvenidos a la explotaci\u00f3n\u00bb.<\/span><\/h3>\n<p><span class=\"x193iq5w xeuugli x13faqbe x1vvkbs x1xmvt09 x1lliihq x1s928wv xhkezso x1gmr53x x1cpjm7i x1fgarty x1943h6x xudqn12 x3x7a5m x6prxxf xvq8zen xo1l8bm xzsf02u\" dir=\"auto\"><strong>\u00a0Lugar: Sala de Exposiciones del Centro Cultural Medina Elvira<\/strong><br \/>\n<strong>\u00a0Inauguraci\u00f3n: Jueves 14 de Marzo<\/strong><br \/>\n<strong>\u00a0Hora: 19:00<\/strong><br \/>\n<\/span><\/p>\n<p><span class=\"x193iq5w xeuugli x13faqbe x1vvkbs x1xmvt09 x1lliihq x1s928wv xhkezso x1gmr53x x1cpjm7i x1fgarty x1943h6x xudqn12 x3x7a5m x6prxxf xvq8zen xo1l8bm xzsf02u\" dir=\"auto\">Esta exposici\u00f3n busca abrir los ojos ante una realidad cruda y movilizar conciencias hacia la acci\u00f3n. A trav\u00e9s del arte, pretendemos educar, informar y generar un cambio positivo en nuestra sociedad.\u00a0 Te esperamos para compartir un momento de reflexi\u00f3n y aprendizaje. <strong>Tras\u00a0 la inauguraci\u00f3n habr\u00e1 una charla coloquio con Susana Mataix de la asociaci\u00f3n Amaranta<\/strong>\u00a0 que es<strong> una organizaci\u00f3n privada, sin \u00e1nimo de lucro,<\/strong> de naturaleza fundacional creada por las Religiosas Adoratrices para cohesionar su acci\u00f3n social. <strong>Nuestro fin es favorecer la integraci\u00f3n personal e incorporaci\u00f3n social de mujeres y adolescentes afectadas por la prostituci\u00f3n y otras situaciones de exclusi\u00f3n.<\/strong> <\/span><\/p>\n<p><span class=\"x193iq5w xeuugli x13faqbe x1vvkbs x1xmvt09 x1lliihq x1s928wv xhkezso x1gmr53x x1cpjm7i x1fgarty x1943h6x xudqn12 x3x7a5m x6prxxf xvq8zen xo1l8bm xzsf02u\" dir=\"auto\">Con esta actividad la Concejal\u00eda de Igualdad intenta incrementar una conciencia de la dignidad de estas mujeres y poner fin a su discriminaci\u00f3n.Ven y s\u00e9 parte del movimiento que busca erradicar la explotaci\u00f3n sexual. Juntos\/as podemos hacer la diferencia.<br \/>\n<\/span><\/p>\n<p><a href=\"https:\/\/i0.wp.com\/miradordeatarfe.es\/wp-content\/uploads\/2024\/03\/432302180_783365187174332_4053348583820719384_n.jpg?ssl=1\"><img data-recalc-dims=\"1\" loading=\"lazy\" decoding=\"async\" class=\"alignnone wp-image-67856 \" src=\"https:\/\/i0.wp.com\/miradordeatarfe.es\/wp-content\/uploads\/2024\/03\/432302180_783365187174332_4053348583820719384_n.jpg?resize=640%2C601&#038;ssl=1\" alt=\"\" width=\"640\" height=\"601\" srcset=\"https:\/\/i0.wp.com\/miradordeatarfe.es\/wp-content\/uploads\/2024\/03\/432302180_783365187174332_4053348583820719384_n.jpg?w=2048&amp;ssl=1 2048w, https:\/\/i0.wp.com\/miradordeatarfe.es\/wp-content\/uploads\/2024\/03\/432302180_783365187174332_4053348583820719384_n.jpg?resize=300%2C282&amp;ssl=1 300w, https:\/\/i0.wp.com\/miradordeatarfe.es\/wp-content\/uploads\/2024\/03\/432302180_783365187174332_4053348583820719384_n.jpg?resize=1024%2C962&amp;ssl=1 1024w, https:\/\/i0.wp.com\/miradordeatarfe.es\/wp-content\/uploads\/2024\/03\/432302180_783365187174332_4053348583820719384_n.jpg?resize=768%2C722&amp;ssl=1 768w, https:\/\/i0.wp.com\/miradordeatarfe.es\/wp-content\/uploads\/2024\/03\/432302180_783365187174332_4053348583820719384_n.jpg?resize=1536%2C1443&amp;ssl=1 1536w, https:\/\/i0.wp.com\/miradordeatarfe.es\/wp-content\/uploads\/2024\/03\/432302180_783365187174332_4053348583820719384_n.jpg?resize=1320%2C1240&amp;ssl=1 1320w, https:\/\/i0.wp.com\/miradordeatarfe.es\/wp-content\/uploads\/2024\/03\/432302180_783365187174332_4053348583820719384_n.jpg?w=1920&amp;ssl=1 1920w\" sizes=\"auto, (max-width: 640px) 100vw, 640px\" \/><\/a><\/p>\n<p>FOTO PORTADA: file:\/\/\/C:\/Users\/pkodi\/Pictures\/a1aamarzo\/explota12.htm<\/p>\n<p>&nbsp;<\/p>\n","protected":false},"excerpt":{"rendered":"<p>En el marco de la lucha contra la trata de mujeres y ni\u00f1as con fines&#8230;<\/p>\n","protected":false},"author":1,"featured_media":67859,"comment_status":"closed","ping_status":"closed","sticky":false,"template":"","format":"standard","meta":{"_coblocks_attr":"","_coblocks_dimensions":"","_coblocks_responsive_height":"","_coblocks_accordion_ie_support":"","jetpack_post_was_ever_published":false,"_jetpack_newsletter_access":"","_jetpack_dont_email_post_to_subs":false,"_jetpack_newsletter_tier_id":0,"_jetpack_memberships_contains_paywalled_content":false,"_jetpack_memberships_contains_paid_content":false,"footnotes":"","jetpack_publicize_message":"","jetpack_publicize_feature_enabled":true,"jetpack_social_post_already_shared":true,"jetpack_social_options":{"image_generator_settings":{"template":"highway","default_image_id":0,"enabled":false},"version":2}},"categories":[6916,1161,44],"tags":[],"class_list":["post-67855","post","type-post","status-publish","format-standard","has-post-thumbnail","hentry","category-ayuntamiento-de-atarfe","category-ciudadania","category-noticias-de-hoy"],"jetpack_publicize_connections":[],"jetpack_featured_media_url":"https:\/\/i0.wp.com\/miradordeatarfe.es\/wp-content\/uploads\/2024\/03\/club.png?fit=297%2C238&ssl=1","jetpack_likes_enabled":true,"jetpack_sharing_enabled":true,"_links":{"self":[{"href":"https:\/\/miradordeatarfe.es\/index.php?rest_route=\/wp\/v2\/posts\/67855","targetHints":{"allow":["GET"]}}],"collection":[{"href":"https:\/\/miradordeatarfe.es\/index.php?rest_route=\/wp\/v2\/posts"}],"about":[{"href":"https:\/\/miradordeatarfe.es\/index.php?rest_route=\/wp\/v2\/types\/post"}],"author":[{"embeddable":true,"href":"https:\/\/miradordeatarfe.es\/index.php?rest_route=\/wp\/v2\/users\/1"}],"replies":[{"embeddable":true,"href":"https:\/\/miradordeatarfe.es\/index.php?rest_route=%2Fwp%2Fv2%2Fcomments&post=67855"}],"version-history":[{"count":2,"href":"https:\/\/miradordeatarfe.es\/index.php?rest_route=\/wp\/v2\/posts\/67855\/revisions"}],"predecessor-version":[{"id":67861,"href":"https:\/\/miradordeatarfe.es\/index.php?rest_route=\/wp\/v2\/posts\/67855\/revisions\/67861"}],"wp:featuredmedia":[{"embeddable":true,"href":"https:\/\/miradordeatarfe.es\/index.php?rest_route=\/wp\/v2\/media\/67859"}],"wp:attachment":[{"href":"https:\/\/miradordeatarfe.es\/index.php?rest_route=%2Fwp%2Fv2%2Fmedia&parent=67855"}],"wp:term":[{"taxonomy":"category","embeddable":true,"href":"https:\/\/miradordeatarfe.es\/index.php?rest_route=%2Fwp%2Fv2%2Fcategories&post=67855"},{"taxonomy":"post_tag","embeddable":true,"href":"https:\/\/miradordeatarfe.es\/index.php?rest_route=%2Fwp%2Fv2%2Ftags&post=67855"}],"curies":[{"name":"wp","href":"https:\/\/api.w.org\/{rel}","templated":true}]}}