{"id":67863,"date":"2024-03-17T09:19:32","date_gmt":"2024-03-17T08:19:32","guid":{"rendered":"https:\/\/miradordeatarfe.es\/?p=67863"},"modified":"2024-03-14T11:24:05","modified_gmt":"2024-03-14T10:24:05","slug":"que-es-la-vitamina-k-y-por-que-es-fundamental-para-lograr-un-envejecimiento-saludable","status":"publish","type":"post","link":"https:\/\/miradordeatarfe.es\/?p=67863","title":{"rendered":"Qu\u00e9 es la vitamina K y por qu\u00e9 es fundamental para lograr un envejecimiento saludable"},"content":{"rendered":"<h3 style=\"text-align: justify;\">La vitamina K, aunque bastante desconocida, se presenta como un actor fundamental en el mantenimiento de la salud a medida que envejecemos, ya que ayuda a prevenir la calcificaci\u00f3n de los vasos sangu\u00edneos, mejorar la salud \u00f3sea y refuerza los sistemas de reparaci\u00f3n de tejidos.<\/h3>\n<p class=\"paragraph\" style=\"text-align: justify;\">La<b> vitamina K<\/b> es un nutriente que el cuerpo necesita para estar sano. Es importante para la <b>coagulaci\u00f3n de la sangre y la salud de los huesos<\/b>. Pero, adem\u00e1s, es fundamental para un envejecimiento saludable.\u00a0\u00a0<\/p>\n<p class=\"paragraph\" style=\"text-align: justify;\">Aunque mucho menos conocida en Espa\u00f1a que la <b>vitamina C o la D,<\/b> su importancia no pasa desapercibida. Diferentes expertos y organismos, como\u00a0<b>Pablo Garc\u00eda de Frutos, Director del Grupo de Hemostasia e Inmunidad del Instituto de Investigaciones Biom\u00e9dicas de Barcelona<\/b>, o el National Institutes of Health (<b>NIH) del Gobierno de los Estados Unidos<\/b>, nos brindan una perspectiva integral sobre este micronutriente clave.<\/p>\n<h3 style=\"text-align: justify;\">Historia de las vitaminas y descubrimiento de la K<\/h3>\n<p class=\"paragraph\" style=\"text-align: justify;\">Hace un siglo, las vitaminas eran la vanguardia cient\u00edfica, y el bioqu\u00edmico <b>Casimir Funk<\/b> acu\u00f1\u00f3 el t\u00e9rmino \u00abvitamina\u00bb en 1912 para referirse a sustancias esenciales en la dieta. Desde el aislamiento de la tiamina en 1910 hasta el <b>descubrimiento de la vitamina K en 1943,<\/b> el estudio de estas sustancias fue un campo activo, marcado por varios premios Nobel.<\/p>\n<h3 style=\"text-align: justify;\">La vitamina K y la coagulaci\u00f3n sangu\u00ednea<\/h3>\n<p class=\"paragraph\" style=\"text-align: justify;\">Seg\u00fan explica Pablo Garc\u00eda de Frutos <a class=\"trk-relacionada-intext\" href=\"https:\/\/www.20minutos.es\/salud\/nutricion\/vitamina-k-clave-para-el-envejecimiento-saludable-que-alimentos-la-aportan-5113458\/\" target=\"_blank\" rel=\"noopener\" data-mrf-recirculation=\"Articulo - Enlaces en p\u00e1rrafos\" data-mrf-link=\"https:\/\/www.20minutos.es\/salud\/nutricion\/vitamina-k-clave-para-el-envejecimiento-saludable-que-alimentos-la-aportan-5113458\/\">en este art\u00edculo,<\/a><a class=\"trk-relacionada-intext\" href=\"https:\/\/www.20minutos.es\/salud\/nutricion\/vitamina-k-clave-para-el-envejecimiento-saludable-que-alimentos-la-aportan-5113458\/\" target=\"_blank\" rel=\"noopener\" data-mrf-recirculation=\"Articulo - Enlaces en p\u00e1rrafos\" data-mrf-link=\"https:\/\/www.20minutos.es\/salud\/nutricion\/vitamina-k-clave-para-el-envejecimiento-saludable-que-alimentos-la-aportan-5113458\/\"> la historia de la vitamina K<\/a> est\u00e1 estrechamente ligada a la <b>coagulaci\u00f3n sangu\u00ednea<\/b>. Su nombre proviene del dan\u00e9s \u00abkoagulation\u00bb, y su descubrimiento surgi\u00f3 al detectar una sustancia diet\u00e9tica con efecto antihemorr\u00e1gico. Sin embargo, no fue hasta los a\u00f1os 70 que comenzamos a entender completamente su funcionamiento.<\/p>\n<p class=\"paragraph\" style=\"text-align: justify;\">La vitamina K desempe\u00f1a un papel crucial en la modificaci\u00f3n de amino\u00e1cidos que componen prote\u00ednas, conocidas como <b>\u00abprote\u00ednas dependientes de vitamina K\u00bb.<\/b> Entre ellas, la protrombina, regulador central de la cascada de coagulaci\u00f3n, destaca. La modificaci\u00f3n irreversible que introduce la vitamina K da lugar al \u00e1cido gamma-carboxiglut\u00e1mico, capaz de atrapar iones calcio, otorgando funciones especiales a estas prote\u00ednas.<\/p>\n<div id=\"m38345-38344-38346\" style=\"text-align: justify;\">\n<figure class=\"article-picture free-picture\"><img data-recalc-dims=\"1\" loading=\"lazy\" decoding=\"async\" class=\"aligncenter\" src=\"https:\/\/i0.wp.com\/imagenes.20minutos.es\/files\/image_640_auto\/uploads\/imagenes\/2024\/01\/26\/imagen-mujer-envejecer.jpeg?resize=640%2C499&#038;ssl=1\" alt=\"Imagen del paso de los a\u00f1os y el envejecimiento en una mujer.\" width=\"640\" height=\"499\" data-full-src=\"https:\/\/imagenes.20minutos.es\/uploads\/imagenes\/2024\/01\/26\/imagen-mujer-envejecer.jpeg\" \/><figcaption id=\"m38449-38448-38450\">Imagen del paso de los a\u00f1os y el envejecimiento en una mujer.<\/figcaption><span id=\"m38454-38453-38455\" class=\"author \">Evgeny Atamanenko<\/span><\/figure>\n<\/div>\n<p class=\"paragraph\" style=\"text-align: justify;\">Aunque los mam\u00edferos y los humanos utilizan la vitamina K para funciones biol\u00f3gicas clave, su alcance se extiende a otras formas de vida, como el<b> molusco Conus textile<\/b>, que emplea neurotoxinas dependientes de vitamina K para cazar presas.<\/p>\n<h2 style=\"text-align: justify;\">La prote\u00edna dependiente de la vitamina K<\/h2>\n<p class=\"paragraph\" style=\"text-align: justify;\">En los a\u00f1os 90, se descubri\u00f3 una nueva prote\u00edna dependiente de vitamina K, GAS6, similar a las prote\u00ednas de coagulaci\u00f3n. Esta prote\u00edna y su compa\u00f1era, la prote\u00edna S, desempe\u00f1an un <b>papel vital en la ayuda a las c\u00e9lulas del sistema inmunol\u00f3gico <\/b>a recuperar tejidos da\u00f1ados. Su mecanismo de acci\u00f3n radica en regular la inflamaci\u00f3n, ayudando a eliminar c\u00e9lulas en proceso de muerte irreversible y a regenerar nuevas c\u00e9lulas.<\/p>\n<article id=\"m38357-38356-38358\" class=\"media media-integrated trk-relacionada-caja \" data-mrf-recirculation=\"Articulo - Relacionada entre p\u00e1rrafos \">\n<div>\n<div class=\"media-content\">\n<h3><a id=\"m38465-38464-38466\" href=\"https:\/\/www.20minutos.es\/salud\/nutricion\/que-pasa-comes-platano-todos-dias-segun-nutricionista-fruta-5159407\/\" data-mrf-link=\"https:\/\/www.20minutos.es\/salud\/nutricion\/que-pasa-comes-platano-todos-dias-segun-nutricionista-fruta-5159407\/\"><\/a>La clave para el envejecimiento saludable<\/h3>\n<\/div>\n<\/div>\n<\/article>\n<p class=\"paragraph\" style=\"text-align: justify;\">Con el paso de los a\u00f1os, la acumulaci\u00f3n de da\u00f1os a las c\u00e9lulas contribuye al <b>proceso de envejecimiento<\/b>. Aqu\u00ed es donde entran en juego los sistemas de reparaci\u00f3n, como las prote\u00ednas dependientes de vitamina K, que ganan importancia con la edad.<\/p>\n<p class=\"paragraph\" style=\"text-align: justify;\">Para mantener un envejecimiento saludable, diversos cient\u00edficos proponen aumentar la ingesta de vitamina K, especialmente en personas mayores. Esto no solo podr\u00eda prevenir la calcificaci\u00f3n de los vasos sangu\u00edneos y mejorar la salud \u00f3sea, sino tambi\u00e9n reforzar los sistemas de reparaci\u00f3n de tejidos.<\/p>\n<div id=\"m38377-38376-38378\" style=\"text-align: justify;\">\n<figure class=\"article-picture free-picture\"><img data-recalc-dims=\"1\" loading=\"lazy\" decoding=\"async\" src=\"https:\/\/i0.wp.com\/imagenes.20minutos.es\/files\/image_640_auto\/uploads\/imagenes\/2023\/09\/18\/el-brocoli-es-uno-de-los-vegetales-mas-saludables-y-versatiles-en-cocina.jpeg?resize=640%2C417&#038;ssl=1\" alt=\"El br\u00f3coli es uno de los vegetales m\u00e1s saludables y vers\u00e1tiles en cocina.\" width=\"640\" height=\"417\" data-full-src=\"https:\/\/imagenes.20minutos.es\/uploads\/imagenes\/2023\/09\/18\/el-brocoli-es-uno-de-los-vegetales-mas-saludables-y-versatiles-en-cocina.jpeg\" \/><figcaption id=\"m38486-38485-38487\">El br\u00f3coli es uno de los vegetales m\u00e1s saludables y vers\u00e1tiles en cocina.<\/figcaption><span id=\"m38491-38490-38492\" class=\"author \">iStockphoto<\/span><\/figure>\n<\/div>\n<h2 style=\"text-align: justify;\">Los alimentos que aportan vitamina K<\/h2>\n<p class=\"paragraph\" style=\"text-align: justify;\"><b>El National Institutes of Health (NIH)<\/b> del Gobierno de los Estados Unidos subraya la importancia de la vitamina K en la coagulaci\u00f3n sangu\u00ednea y la salud de los huesos. La deficiencia de vitamina K es poco com\u00fan, ya que se encuentra en alimentos como <b>hortalizas de hojas verdes, aceites vegetales, frutas y productos de origen animal<\/b>. As\u00ed, por ejemplo, al vitamina K est\u00e1 presente en las espinacas, la col rizada, las acelgas. el br\u00f3coli, la coliflor, el repollo, las coles de Bruselas, el perejil, la albahaca o el cilantro. Tambi\u00e9n en aceitescomo el de\u00a0soja o el de oliva, en el chucrut (col fermentada), en las yemas de huevo o en frutas como el kiwi o los ar\u00e1ndanos.\u00a0<\/p>\n<p style=\"text-align: justify;\"><span class=\"article-author\"><a href=\"https:\/\/www.20minutos.es\/autor\/pablo-segarra\/\"><strong>Pablo Segarra<\/strong><\/a><\/span><\/p>\n<p style=\"text-align: justify;\">FOTO: Una pareja de personas mayores paseando<span id=\"m38409-38408-38410\" class=\"author \">Nicolas Hansen<\/span><\/p>\n<p style=\"text-align: justify;\">https:\/\/www.20minutos.es\/salud\/nutricion\/que-es-vitamina-k-envejecimiento-antiedad-nutricion-salud-mayores-5215223\/<\/p>\n","protected":false},"excerpt":{"rendered":"<p>La vitamina K, aunque bastante desconocida, se presenta como un actor fundamental en el mantenimiento&#8230;<\/p>\n","protected":false},"author":1,"featured_media":67864,"comment_status":"closed","ping_status":"closed","sticky":false,"template":"","format":"standard","meta":{"_coblocks_attr":"","_coblocks_dimensions":"","_coblocks_responsive_height":"","_coblocks_accordion_ie_support":"","jetpack_post_was_ever_published":false,"_jetpack_newsletter_access":"","_jetpack_dont_email_post_to_subs":false,"_jetpack_newsletter_tier_id":0,"_jetpack_memberships_contains_paywalled_content":false,"_jetpack_memberships_contains_paid_content":false,"footnotes":"","jetpack_publicize_message":"","jetpack_publicize_feature_enabled":true,"jetpack_social_post_already_shared":true,"jetpack_social_options":{"image_generator_settings":{"template":"highway","default_image_id":0,"enabled":false},"version":2}},"categories":[1161,44,10],"tags":[],"class_list":["post-67863","post","type-post","status-publish","format-standard","has-post-thumbnail","hentry","category-ciudadania","category-noticias-de-hoy","category-salud"],"jetpack_publicize_connections":[],"jetpack_featured_media_url":"https:\/\/i0.wp.com\/miradordeatarfe.es\/wp-content\/uploads\/2024\/03\/una-pareja-de-personas-mayores-paseando.webp?fit=640%2C360&ssl=1","jetpack_likes_enabled":true,"jetpack_sharing_enabled":true,"_links":{"self":[{"href":"https:\/\/miradordeatarfe.es\/index.php?rest_route=\/wp\/v2\/posts\/67863","targetHints":{"allow":["GET"]}}],"collection":[{"href":"https:\/\/miradordeatarfe.es\/index.php?rest_route=\/wp\/v2\/posts"}],"about":[{"href":"https:\/\/miradordeatarfe.es\/index.php?rest_route=\/wp\/v2\/types\/post"}],"author":[{"embeddable":true,"href":"https:\/\/miradordeatarfe.es\/index.php?rest_route=\/wp\/v2\/users\/1"}],"replies":[{"embeddable":true,"href":"https:\/\/miradordeatarfe.es\/index.php?rest_route=%2Fwp%2Fv2%2Fcomments&post=67863"}],"version-history":[{"count":3,"href":"https:\/\/miradordeatarfe.es\/index.php?rest_route=\/wp\/v2\/posts\/67863\/revisions"}],"predecessor-version":[{"id":67866,"href":"https:\/\/miradordeatarfe.es\/index.php?rest_route=\/wp\/v2\/posts\/67863\/revisions\/67866"}],"wp:featuredmedia":[{"embeddable":true,"href":"https:\/\/miradordeatarfe.es\/index.php?rest_route=\/wp\/v2\/media\/67864"}],"wp:attachment":[{"href":"https:\/\/miradordeatarfe.es\/index.php?rest_route=%2Fwp%2Fv2%2Fmedia&parent=67863"}],"wp:term":[{"taxonomy":"category","embeddable":true,"href":"https:\/\/miradordeatarfe.es\/index.php?rest_route=%2Fwp%2Fv2%2Fcategories&post=67863"},{"taxonomy":"post_tag","embeddable":true,"href":"https:\/\/miradordeatarfe.es\/index.php?rest_route=%2Fwp%2Fv2%2Ftags&post=67863"}],"curies":[{"name":"wp","href":"https:\/\/api.w.org\/{rel}","templated":true}]}}