{"id":67941,"date":"2024-03-18T09:37:11","date_gmt":"2024-03-18T08:37:11","guid":{"rendered":"https:\/\/miradordeatarfe.es\/?p=67941"},"modified":"2024-03-17T23:48:39","modified_gmt":"2024-03-17T22:48:39","slug":"las-faltas-de-ortografia-restaran-al-menos-un-10-en-la-nota-de-la-ebau","status":"publish","type":"post","link":"https:\/\/miradordeatarfe.es\/?p=67941","title":{"rendered":"Las faltas de ortograf\u00eda restar\u00e1n al menos un 10% en la nota de la EBAU"},"content":{"rendered":"<h3 id=\"m69-68-70\" style=\"text-align: justify;\">El modelo de la nueva prueba de selectividad que se aplicar\u00e1 a partir de 2025, constar\u00e1 de un \u00fanico prototipo de ejercicio por cada una de las asignaturas y habr\u00e1 un 70% de preguntas de desarrollo.<\/h3>\n<div class=\"article-text\" style=\"text-align: justify;\">\n<p id=\"m415-414-416\" class=\"pb-article-item-iteration\">Las <b>faltas de ortograf\u00eda<\/b> en la nueva <b>EBAU <\/b>(Evaluaci\u00f3n del Bachillerato para el Acceso a la Universidad) restar\u00e1n <b>al menos un 10%<\/b> en la nota final de cada prueba, homogeneizando as\u00ed a nivel nacional la penalizaci\u00f3n, que actualmente es <b>diferente <\/b>entre unas comunidades y otras, seg\u00fan ha avanzado el diario\u00a0<i>El Pa\u00eds <\/i>que ha tenido acceso al borrador transmitido por el <b>ministerio de Educaci\u00f3n <\/b>a las Comunidades Aut\u00f3nomas<\/p>\n<p id=\"m420-1-421\" class=\"pb-article-item-iteration\">El modelo de examen, que comenzar\u00e1 <b>a partir de 2025,\u00a0<\/b>tendr\u00e1 como novedad la implantaci\u00f3n de un <b>\u00fanico <\/b>prototipo de ejercicio por cada una de las asignaturas y constar\u00e1 de un <b>70% de preguntas de desarrollo<\/b>.<\/p>\n<p id=\"m425-2-426\" class=\"pb-article-item-iteration\">La nueva EBAU, seg\u00fan recoge el borrador, seguir\u00e1 teniendo una <b>duraci\u00f3n de 90 minutos <\/b>por cada examen y los contenidos de las preguntas y de las tareas se contextualizar\u00e1n en \u00ab<b>entornos pr\u00f3ximos<\/b> a la vida del alumnado\u00bb.<\/p>\n<p id=\"m430-3-431\" class=\"pb-article-item-iteration\">En este sentido, el nuevo modelo de EBAU se conformar\u00e1 con los <b>criterios <\/b>establecidos en la ley educativa aprobada en 2020, requiriendo al alumnado \u00abcreatividad y capacidad de <b>pensamiento cr\u00edtico<\/b>\u00bb y \u00ab<b>reflexi\u00f3n y madurez <\/b>en la resoluci\u00f3n\u00bb de las diferentes pruebas.<\/p>\n<p id=\"m435-4-436\" class=\"pb-article-item-iteration\">A partir de 2025 los alumnos que pidan una revisi\u00f3n del examen tendr\u00e1n derecho a <b>dos correcciones<\/b>. La nota final, en el caso de que no haya una diferencia de dos o m\u00e1s puntos entre ambas, ser\u00e1 la <b>media <\/b>entre las dos revisiones. Actualmente, la evaluaci\u00f3n final es dada por la media conjunta de la primera correcci\u00f3n y de las dos revisiones, lo que supone que, si la primera nota es muy baja, puede <b>perjudicar <\/b>al resultado final de los alumnos.<\/p>\n<h2 id=\"m440-5-441\" class=\"highlighted\">Los cuatro\u00a0 (o cinco) bloques de la prueba<\/h2>\n<p id=\"m445-6-446\" class=\"pb-article-item-iteration\">La prueba de acceso constar\u00e1 de cuatro o, en el caso de comunidades con lengua cooficial, cinco ejercicios. El primer bloque versar\u00e1 sobre <b>Lengua Castellana y Literatura II<\/b> y, si la hubiere, <b>Lengua Cooficial y Literatura II<\/b>.\u00a0<\/p>\n<p id=\"m450-7-451\" class=\"pb-article-item-iteration\">El segundo apartado, a elecci\u00f3n del estudiante, ser\u00e1 sobre <b>Historia de Espa\u00f1a<\/b> o <b>Historia de la Filosof\u00eda<\/b>, mientras que el tercero tratar\u00e1 sobre <b>Lengua Extranjera II<\/b>. En cuarto y ultimo lugar, el ejercicio de la\u00a0<b>materia espec\u00edfica<\/b> obligatoria de segundo curso de Bachillerato de la modalidad cursada.<\/p>\n<h2 id=\"m455-8-456\" class=\"highlighted\">El sistema de calificaci\u00f3n\u00a0<\/h2>\n<p id=\"m460-9-461\" class=\"pb-article-item-iteration\">Cada uno de los ejercicios que comprenden la prueba de acceso se calificar\u00e1 de <b>0 a 10 puntos<\/b>. La <b>calificaci\u00f3n de la prueba <\/b>ser\u00e1 la media aritm\u00e9tica de las calificaciones obtenidas en cada uno de los ejercicios. Deber\u00e1 ser igual o superior a <b>cuatro puntos<\/b> para que pueda ser tenida en cuenta en el acceso a las ense\u00f1anzas universitarias de Grado.<\/p>\n<p id=\"m465-10-466\" class=\"pb-article-item-iteration\">La calificaci\u00f3n de acceso a la universidad se calcular\u00e1 mediante la media ponderada del <b>60% de la nota media de Bachillerato<\/b>, calculada sin tomar en cuenta la calificaci\u00f3n de la materia de Religi\u00f3n, y del <b>40 % de la calificaci\u00f3n de la prueba de acceso<\/b>.<\/p>\n<p id=\"m470-11-471\" class=\"pb-article-item-iteration\">Se entender\u00e1 que se re\u00fanen los requisitos de acceso a la universidad cuando la calificaci\u00f3n ponderada descrita en el apartado anterior sea <b>igual o superior a 5 puntos<\/b>.<\/p>\n<p id=\"m475-12-476\" class=\"pb-article-item-iteration\">Quienes realicen la prueba de acceso y deseen <b>mejorar su nota<\/b> de admisi\u00f3n podr\u00e1n examinarse en la misma convocatoria de hasta <b>tres materias<\/b> de segundo curso de Bachillerato, comunes o de modalidad, distintas a aquellas de las que se hubieran examinado en la prueba de acceso. Asimismo, podr\u00e1n examinarse de una <b>segunda lengua<\/b> <b>extranjera <\/b>distinta de la que hubieran elegido en dicha prueba<\/p>\n<\/div>\n<footer class=\"article-info\">\n<h3 id=\"m95-94-96\" class=\"signature\"><a href=\"https:\/\/www.publico.es\/author\/publico#analytics-noticia:autor\">P\u00fablico<\/a> \/ <a href=\"https:\/\/www.publico.es\/author\/efe#analytics-noticia:autor\">EFE<\/a><\/h3>\n<\/footer>\n<p style=\"text-align: justify;\">FOTO: ALBERTO RUIZ.- EUROPA PRESS<\/p>\n<p style=\"text-align: justify;\">https:\/\/www.publico.es\/sociedad\/faltas-ortografia-restaran-al-menos-10-nota-ebau.html#analytics-seccion:listado<\/p>\n<p style=\"text-align: justify;\">\u00a0<\/p>\n","protected":false},"excerpt":{"rendered":"<p>El modelo de la nueva prueba de selectividad que se aplicar\u00e1 a partir de 2025,&#8230;<\/p>\n","protected":false},"author":1,"featured_media":67942,"comment_status":"closed","ping_status":"closed","sticky":false,"template":"","format":"standard","meta":{"_coblocks_attr":"","_coblocks_dimensions":"","_coblocks_responsive_height":"","_coblocks_accordion_ie_support":"","jetpack_post_was_ever_published":false,"_jetpack_newsletter_access":"","_jetpack_dont_email_post_to_subs":false,"_jetpack_newsletter_tier_id":0,"_jetpack_memberships_contains_paywalled_content":false,"_jetpack_memberships_contains_paid_content":false,"footnotes":"","jetpack_publicize_message":"","jetpack_publicize_feature_enabled":true,"jetpack_social_post_already_shared":true,"jetpack_social_options":{"image_generator_settings":{"template":"highway","default_image_id":0,"enabled":false},"version":2}},"categories":[187,44],"tags":[],"class_list":["post-67941","post","type-post","status-publish","format-standard","has-post-thumbnail","hentry","category-centros-educativos","category-noticias-de-hoy"],"jetpack_publicize_connections":[],"jetpack_featured_media_url":"https:\/\/i0.wp.com\/miradordeatarfe.es\/wp-content\/uploads\/2024\/03\/65f6f014d44c1.webp?fit=990%2C660&ssl=1","jetpack_likes_enabled":true,"jetpack_sharing_enabled":true,"_links":{"self":[{"href":"https:\/\/miradordeatarfe.es\/index.php?rest_route=\/wp\/v2\/posts\/67941","targetHints":{"allow":["GET"]}}],"collection":[{"href":"https:\/\/miradordeatarfe.es\/index.php?rest_route=\/wp\/v2\/posts"}],"about":[{"href":"https:\/\/miradordeatarfe.es\/index.php?rest_route=\/wp\/v2\/types\/post"}],"author":[{"embeddable":true,"href":"https:\/\/miradordeatarfe.es\/index.php?rest_route=\/wp\/v2\/users\/1"}],"replies":[{"embeddable":true,"href":"https:\/\/miradordeatarfe.es\/index.php?rest_route=%2Fwp%2Fv2%2Fcomments&post=67941"}],"version-history":[{"count":1,"href":"https:\/\/miradordeatarfe.es\/index.php?rest_route=\/wp\/v2\/posts\/67941\/revisions"}],"predecessor-version":[{"id":67943,"href":"https:\/\/miradordeatarfe.es\/index.php?rest_route=\/wp\/v2\/posts\/67941\/revisions\/67943"}],"wp:featuredmedia":[{"embeddable":true,"href":"https:\/\/miradordeatarfe.es\/index.php?rest_route=\/wp\/v2\/media\/67942"}],"wp:attachment":[{"href":"https:\/\/miradordeatarfe.es\/index.php?rest_route=%2Fwp%2Fv2%2Fmedia&parent=67941"}],"wp:term":[{"taxonomy":"category","embeddable":true,"href":"https:\/\/miradordeatarfe.es\/index.php?rest_route=%2Fwp%2Fv2%2Fcategories&post=67941"},{"taxonomy":"post_tag","embeddable":true,"href":"https:\/\/miradordeatarfe.es\/index.php?rest_route=%2Fwp%2Fv2%2Ftags&post=67941"}],"curies":[{"name":"wp","href":"https:\/\/api.w.org\/{rel}","templated":true}]}}