{"id":67947,"date":"2024-03-21T09:34:32","date_gmt":"2024-03-21T08:34:32","guid":{"rendered":"https:\/\/miradordeatarfe.es\/?p=67947"},"modified":"2024-03-18T21:18:08","modified_gmt":"2024-03-18T20:18:08","slug":"la-junta-acepta-implantar-26-nuevos-titulos-propuestos-por-la-universidad-de-granada","status":"publish","type":"post","link":"https:\/\/miradordeatarfe.es\/?p=67947","title":{"rendered":"La Junta acepta implantar 26 nuevos t\u00edtulos propuestos por la Universidad de Granada"},"content":{"rendered":"<h3 class=\"intro\" style=\"text-align: justify;\">Cinco grados, 18 m\u00e1steres y tres doctorados se sumar\u00e1n a la oferta educativa de la instituci\u00f3n de ense\u00f1anza granadina<\/h3>\n<p style=\"text-align: justify;\">La <strong>Consejer\u00eda de Universidad, Investigaci\u00f3n e Innovaci\u00f3n<\/strong> ha aceptado incluir 26 t\u00edtulos de un total de 27 propuestos por la <strong>Universidad de Granada<\/strong> (UGR) en la nueva programaci\u00f3n acad\u00e9mica a implantar en los pr\u00f3ximos cuatro a\u00f1os en el sistema universitario andaluz, lo que supone el 96,3% de las ense\u00f1anzas planteadas desde esta instituci\u00f3n acad\u00e9mica.<\/p>\n<p style=\"text-align: justify;\">Una vez <strong>analizadas las alegaciones presentadas <\/strong>por dicha instituci\u00f3n de ense\u00f1anza y tras el acuerdo alcanzado con todas las instituciones acad\u00e9micas, se incorporan cinco nuevas titulaciones a la propuesta de la UGR que fue validada en la primera fase, seg\u00fan ha informado la Junta en una nota de prensa.<\/p>\n<p style=\"text-align: justify;\">El nuevo documento con los \u00faltimos cambios en la programaci\u00f3n deber\u00e1 someterse a valoraci\u00f3n del <strong>Consejo Andaluz de Universidades<\/strong> el pr\u00f3ximo 2 de abril y recabar el resto de informes preceptivos para posteriormente pasar por <strong>Consejo de Gobierno <\/strong>para su visto bueno definitivo.<\/p>\n<p style=\"text-align: justify;\">Despu\u00e9s de evaluar las alegaciones y la documentaci\u00f3n aportadas por la UGR, la <strong>Consejer\u00eda de Universidad <\/strong>ha incluido en la planificaci\u00f3n el grado de <strong>Ciencia de Datos e Inteligencia Artificial<\/strong>, que ha sido aceptado atendiendo a criterios de territorialidad, ya que adem\u00e1s de en el campus de <strong>Granada <\/strong>tambi\u00e9n se impartir\u00e1 en el de Melilla.<\/p>\n<p style=\"text-align: justify;\">Por su parte, tras la negociaci\u00f3n llevada a cabo con la universidad granadina, la Junta ha incorporado, tras el acuerdo alcanzado, el grado de <strong>Tecnolog\u00eda Industrial y de Materiales en Sustituci\u00f3n<\/strong> del que inicialmente se hab\u00eda planteado con la denominaci\u00f3n de Ingenier\u00eda El\u00e9ctrica y Energ\u00e9tica por adaptarse mejor a las necesidades del<strong> &#8216;Ifmif-Dones&#8217;<\/strong> y del sector productivo.<\/p>\n<p style=\"text-align: justify;\">En cuanto a las ense\u00f1anzas de posgrado, tendr\u00e1n reflejo en la futura oferta de esta instituci\u00f3n tres m\u00e1steres que quedaron condicionados en la primera evaluaci\u00f3n, el de <strong>Desarrollo Sostenible y Gobernanza Ambiental<\/strong>, el de <strong>Educaci\u00f3n Digital y Emprendimiento <\/strong>y el de <strong>Gesti\u00f3n de la Salud P\u00fablica<\/strong>.<\/p>\n<p style=\"text-align: justify;\">El primero se qued\u00f3 pendiente de presentar nueva documentaci\u00f3n que justificara la propuesta y, una vez analizados los informes adicionales, finalmente ha obtenido el correspondiente respaldo. El m\u00e1ster en <strong>Educaci\u00f3n Digital y Emprendimiento<\/strong> se podr\u00e1 implantar tambi\u00e9n en el <strong>Campus de Ceuta<\/strong>. Por \u00faltimo, el m\u00e1ster en <strong>Gesti\u00f3n de la Salud<\/strong> P\u00fablica tiene luz verde al convertirse en interuniversitario junto a la UNIA.<\/p>\n<p style=\"text-align: justify;\">La selecci\u00f3n de grados, m\u00e1steres y doctorados correspondientes a la UGR y al resto de universidades del sistema p\u00fablico la ha dado a conocer el consejero Jos\u00e9 Carlos G\u00f3mez Villamandos a los rectores durante una sesi\u00f3n de trabajo celebrada en <strong>C\u00f3rdoba<\/strong>.<\/p>\n<p style=\"text-align: justify;\">En el acuerdo alcanzado con los rectores se pospone la decisi\u00f3n sobre el m\u00e1ster de <strong>Ingenier\u00eda Industrial<\/strong> para dentro de dos a\u00f1os, dado que en la actualidad este m\u00e1ster alcanza poco m\u00e1s del 50% de matriculaci\u00f3n en aquellas universidades andaluzas en las que est\u00e1 implantado. Adem\u00e1s, la UGR solo cuenta con una de las cinco especialidades que da acceso a este m\u00e1ster habilitante.<\/p>\n<h3 class=\"wp-block-heading\" style=\"text-align: justify;\"><strong>Criterios para la selecci\u00f3n de las ense\u00f1anzas<\/strong><\/h3>\n<p style=\"text-align: justify;\">G\u00f3mez Villamandos ha trasladado a los rectores que en la aceptaci\u00f3n de la oferta de titulaciones finalmente acordada se ha priorizado una serie de <strong>criterios nucleares<\/strong> en el decreto de ordenaci\u00f3n de ense\u00f1anzas.<\/p>\n<p style=\"text-align: justify;\">Entre esas consideraciones, ha destacado la <strong>optimizaci\u00f3n de recursos p\u00fablicos<\/strong> en la implantaci\u00f3n de los t\u00edtulos, la modernizaci\u00f3n y actualizaci\u00f3n de la programaci\u00f3n o la cohesi\u00f3n territorial y la <strong>atenci\u00f3n a las zonas en riesgo de despoblaci\u00f3n<\/strong>.<\/p>\n<p style=\"text-align: justify;\">En este \u00faltimo aspecto, ha incidido en la \u00abnecesidad de reforzar\u00bb la fijaci\u00f3n al territorio y en el papel de los campus como dinamizadores del desarrollo local. Asimismo, tambi\u00e9n ha hecho hincapi\u00e9 en la internacionalizaci\u00f3n, en la ense\u00f1anza interuniversitaria que implique a varios campus con una visi\u00f3n m\u00e1s regional y en la<strong> formaci\u00f3n de car\u00e1cter dual<\/strong>, que se aplicar\u00e1 por primera vez en Andaluc\u00eda buscando favorecer la empleabilidad del alumnado.<\/p>\n<p style=\"text-align: justify;\">Por otro lado, el consejero de Universidad ha querido agradecer \u201cel enorme esfuerzo llevado a cabo por todo el sistema p\u00fablico para ajustar y complementar una oferta capaz de dar respuesta a las demandas no s\u00f3lo de los estudiantes, sino tambi\u00e9n del tejido empresarial y de la sociedad en general\u201d.<\/p>\n<h3 class=\"wp-block-heading\" style=\"text-align: justify;\"><strong>Las nuevas titulaciones se podr\u00e1n impartir a partir del pr\u00f3ximo curso<\/strong><\/h3>\n<p style=\"text-align: justify;\">El documento final deber\u00e1 pasar por el <strong>Consejo Andaluz de Universidades<\/strong> y tendr\u00e1 que ser ratificado en <strong>Consejo de Gobierno<\/strong>, tras lo cual la Consejer\u00eda de Universidad ser\u00e1 la encargada de autorizar los correspondientes procesos de verificaci\u00f3n de todos los t\u00edtulos.<\/p>\n<p style=\"text-align: justify;\">Para ello tendr\u00e1 que constatar previamente el cumplimiento de otra serie de exigencias reguladas por ley y recogidas en el decreto de ordenaci\u00f3n de ense\u00f1anzas. Se trata de criterios relacionados con la suficiencia de recursos disponibles para la implantaci\u00f3n de las correspondientes titulaciones.<\/p>\n<p style=\"text-align: justify;\">En esta fase de verificaci\u00f3n ser\u00e1 el <strong>Ministerio de Ciencia, Innovaci\u00f3n y Universidades<\/strong> el responsable de tomar la \u00faltima decisi\u00f3n teniendo en cuenta los informes de evaluaci\u00f3n de los planes de estudio emitidos por la <strong>Agencia para la Calidad Cient\u00edfica y Universitaria<\/strong>. Las estimaciones que maneja el Gobierno andaluz es que todo ese proceso se complete en 2025.<\/p>\n<p style=\"text-align: justify;\">La planificaci\u00f3n tendr\u00e1 una vigencia de cuatro a\u00f1os, con posibilidad de revisi\u00f3n cada dos, y las carreras contenidas en ella se implantar\u00e1n entre los cursos 25\/26 y 28\/29. Comenzar\u00e1 entonces una etapa \u00abmuy relevante\u00bb de renovaci\u00f3n acad\u00e9mica en Andaluc\u00eda, despu\u00e9s de m\u00e1s de una d\u00e9cada de \u00abparalizaci\u00f3n\u00bb para las instituciones acad\u00e9micas de la regi\u00f3n, que han tenido que competir con el resto del sistema nacional de educaci\u00f3n superior \u00aben desigualdad de oportunidades\u00bb, han destacado.<\/p>\n<p style=\"text-align: justify;\">Desde la Consejer\u00eda han lamentado que las universidades de otras comunidades no han podido a lo largo de este periodo \u00abtomarle el puso\u00bb a las necesidades del mercado, de las empresas, del alumnado y de la sociedad en general \u00abpara actualizar su oferta acad\u00e9mica\u00bb.<\/p>\n<p style=\"text-align: justify;\">Sin embargo, en Andaluc\u00eda, la ausencia de planificaci\u00f3n ha producido \u00abuna concentraci\u00f3n\u00bb de titulaciones en determinadas ramas de conocimiento o la \u00abinexistencia de carreras\u00bb que atendiesen a las nuevas demandas de profesionales cualificados.<\/p>\n<h3 class=\"wp-block-heading\" style=\"text-align: justify;\"><strong>La UGR muestra su satisfacci\u00f3n<\/strong><\/h3>\n<p style=\"text-align: justify;\">Por su parte, la <strong>Universidad de Granada<\/strong> se ha mostrado \u00abmuy satisfecha\u00bb tras aceptar el Gobierno andaluz la mayor parte de las alegaciones a la nueva <strong>Programaci\u00f3n Universitaria<\/strong>, con cinco nuevos grados, 18 m\u00e1steres y tres doctorados m\u00e1s.<\/p>\n<p style=\"text-align: justify;\">La instituci\u00f3n de ense\u00f1anza granadina ha indiaco en un comunicado que el nuevo mapa de titulaciones permitir\u00e1 a lo largo del per\u00edodo 25\/28 contar con 27 nuevas propuestas de t\u00edtulos de Grado, M\u00e1ster Universitario y Programas de Doctorado, entre los que se encuentran algunos relacionados con el proyecto del <strong>Acelerador de Part\u00edculas<\/strong> y la Inteligencia Artificial.<\/p>\n<p style=\"text-align: justify;\">El rector de la UGR, Pedro Mercado, ha mostrado su agrado por esta decisi\u00f3n, que \u201cmuestra el alineamiento del Gobierno andaluz con la estrategia de futuro de la <strong>Universidad de Granada<\/strong> y una sensibilidad que queremos agradecer expresamente, al igual que al tejido empresarial granadino, que nos ha trasladado todo su apoyo durante este per\u00edodo de alegaciones\u201d.<\/p>\n<p style=\"text-align: justify;\">Para Mercado, la toma en consideraci\u00f3n de las alegaciones \u00abcubre las aspiraciones\u00bb de la instituci\u00f3n en lo que a su pr\u00f3ximo <strong>mapa de titulaciones<\/strong> se refiere para el per\u00edodo 25\/28.<\/p>\n<p style=\"text-align: justify;\">Adem\u00e1s, han trasladado que, en su conjunto, la nueva programaci\u00f3n est\u00e1 enfocada a la empleabilidad a trav\u00e9s de su conexi\u00f3n con el entorno socioecon\u00f3mico, la interdisciplinariedad y trasversalidad con un fuerte componente de internacionalizaci\u00f3n \u00abque permita producir sinergias\u00bb.<\/p>\n<h3><span class=\"section-name\"><span class=\"autor\"> Redacci\u00f3n aG <\/span><\/span><\/h3>\n<p>FOTO:<\/p>\n","protected":false},"excerpt":{"rendered":"<p>Cinco grados, 18 m\u00e1steres y tres doctorados se sumar\u00e1n a la oferta educativa de la&#8230;<\/p>\n","protected":false},"author":1,"featured_media":67948,"comment_status":"closed","ping_status":"closed","sticky":false,"template":"","format":"standard","meta":{"_coblocks_attr":"","_coblocks_dimensions":"","_coblocks_responsive_height":"","_coblocks_accordion_ie_support":"","jetpack_post_was_ever_published":false,"_jetpack_newsletter_access":"","_jetpack_dont_email_post_to_subs":false,"_jetpack_newsletter_tier_id":0,"_jetpack_memberships_contains_paywalled_content":false,"_jetpack_memberships_contains_paid_content":false,"footnotes":"","jetpack_publicize_message":"","jetpack_publicize_feature_enabled":true,"jetpack_social_post_already_shared":true,"jetpack_social_options":{"image_generator_settings":{"template":"highway","default_image_id":0,"enabled":false},"version":2}},"categories":[1161,44,6937],"tags":[],"class_list":["post-67947","post","type-post","status-publish","format-standard","has-post-thumbnail","hentry","category-ciudadania","category-noticias-de-hoy","category-sociedad"],"jetpack_publicize_connections":[],"jetpack_featured_media_url":"https:\/\/i0.wp.com\/miradordeatarfe.es\/wp-content\/uploads\/2024\/03\/prueba-examen-de-selectividad-2019-AC-8.jpg?fit=969%2C545&ssl=1","jetpack_likes_enabled":true,"jetpack_sharing_enabled":true,"_links":{"self":[{"href":"https:\/\/miradordeatarfe.es\/index.php?rest_route=\/wp\/v2\/posts\/67947","targetHints":{"allow":["GET"]}}],"collection":[{"href":"https:\/\/miradordeatarfe.es\/index.php?rest_route=\/wp\/v2\/posts"}],"about":[{"href":"https:\/\/miradordeatarfe.es\/index.php?rest_route=\/wp\/v2\/types\/post"}],"author":[{"embeddable":true,"href":"https:\/\/miradordeatarfe.es\/index.php?rest_route=\/wp\/v2\/users\/1"}],"replies":[{"embeddable":true,"href":"https:\/\/miradordeatarfe.es\/index.php?rest_route=%2Fwp%2Fv2%2Fcomments&post=67947"}],"version-history":[{"count":1,"href":"https:\/\/miradordeatarfe.es\/index.php?rest_route=\/wp\/v2\/posts\/67947\/revisions"}],"predecessor-version":[{"id":67949,"href":"https:\/\/miradordeatarfe.es\/index.php?rest_route=\/wp\/v2\/posts\/67947\/revisions\/67949"}],"wp:featuredmedia":[{"embeddable":true,"href":"https:\/\/miradordeatarfe.es\/index.php?rest_route=\/wp\/v2\/media\/67948"}],"wp:attachment":[{"href":"https:\/\/miradordeatarfe.es\/index.php?rest_route=%2Fwp%2Fv2%2Fmedia&parent=67947"}],"wp:term":[{"taxonomy":"category","embeddable":true,"href":"https:\/\/miradordeatarfe.es\/index.php?rest_route=%2Fwp%2Fv2%2Fcategories&post=67947"},{"taxonomy":"post_tag","embeddable":true,"href":"https:\/\/miradordeatarfe.es\/index.php?rest_route=%2Fwp%2Fv2%2Ftags&post=67947"}],"curies":[{"name":"wp","href":"https:\/\/api.w.org\/{rel}","templated":true}]}}