{"id":67955,"date":"2024-03-21T10:40:45","date_gmt":"2024-03-21T09:40:45","guid":{"rendered":"https:\/\/miradordeatarfe.es\/?p=67955"},"modified":"2024-03-18T21:17:53","modified_gmt":"2024-03-18T20:17:53","slug":"la-prosa-mas-lirica-de-juan-vellido","status":"publish","type":"post","link":"https:\/\/miradordeatarfe.es\/?p=67955","title":{"rendered":"La prosa m\u00e1s l\u00edrica de Juan Vellido"},"content":{"rendered":"<h3>Beatriz Berlanga firma esta bella rese\u00f1a de \u00abNana. La flor del madro\u00f1o\u00bb, el \u00faltimo libro de Juan Vellido, que se presenta este viernes, 15 de marzo, en el sal\u00f3n de plenos del Ayuntamiento de Granada<\/h3>\n<div class=\"cuerpo\">\n<p style=\"text-align: justify;\">Con \u201cNana. La flor del madro\u00f1o\u00bb, su \u00faltimo libro, Juan Vellido escala la cima de una l\u00edrica que nunca antes hab\u00eda transitado, y eleva la escritura a su m\u00e1s \u00edntimo yo, a su m\u00e1s honda expresi\u00f3n po\u00e9tica. El verso y la prosa de \u201cNana\u201d se erigen en este bello libro en instrumentos de una personal\u00edsima voz con la que Vellido construye una singular f\u00e1bula po\u00e9tica. Se concibe as\u00ed en estas p\u00e1ginas un madro\u00f1o, \u201cel madro\u00f1o del camino de Ca\u00f1o Gordo\u201d, que cobra aliento y vida en todo el libro, a partir de la memoria de su mujer, Mar\u00eda Jes\u00fas, \u201cNana\u201d, en una brillante alegor\u00eda de su ni\u00f1ez. Aquella ni\u00f1a, luego adolescente, que se abrazaba al \u00e1rbol de la vereda de Cuatro Caminos, en su Madrid natal: \u201cAdoraba el \u00e1rbol del madro\u00f1o. Veneraba sus flores en ramilletes, campanillas blancas y sonrosadas, y apreciaba sus frutos de oto\u00f1o que, como perlas redondas, transfiguran su blanco nieve en amarillos y luego en intensos anaranjados\u201d. Y aquella ni\u00f1a, ya mujer, madre en Granada, \u201cenamorada de la naturaleza, de los gatos, de los perros y de los p\u00e1jaros\u201d, es fin y destino de la ofrenda po\u00e9tica de este libro en el que Juan Vellido hace gala de su verbo m\u00e1s introspectivo, de su adjetivo m\u00e1s atributivo, de su locuci\u00f3n m\u00e1s pros\u00f3dica, para alcanzar una l\u00edrica de belleza hiriente y sobrecogedora.\u00a0<\/p>\n<p class=\"sumari\" style=\"text-align: justify;\">El verso y la prosa de \u201cNana\u201d se erigen en este bello libro en instrumentos de una personal\u00edsima voz con la que Vellido construye una singular f\u00e1bula po\u00e9tica<\/p>\n<p style=\"text-align: justify;\">La f\u00e1bula del madro\u00f1o, fielmente representada en la portada del libro, toma vida propia en las p\u00e1ginas de este volumen, como si se tratara de un \u00e1rbol animado: <em>\u201cAquel madro\u00f1o del valle, Hidalgo, lo llamaste, hablaba contigo en susurros, como si te conociera de otros mundos y compartiera contigo secretos de la tierra profunda que alimentaba sus ra\u00edces. Hidalgo, el madro\u00f1o m\u00e1s viejo y m\u00e1s grande de aquellos rodales siempre estaba cabizbajo, como si te aguardara abatido entre los caquis, avellanos y zarzamoras que lo rodeaban. Aquel madro\u00f1o del valle, Nana, resucitaba de su letargo cuando t\u00fa aparec\u00edas por el camino de Beas, andando feliz, absorta en medio de aquel estallido de naturaleza exuberante, con tu mochila a la espalda y tu pelo recogido, vincha de tela de flores y rodete casi desarmado. Tu luz lo encandilaba\u201d<\/em>.\u00a0<\/p>\n<p style=\"text-align: justify;\">Y luego, la f\u00e1bula no cesa, en ese hallazgo de aves y felinos quim\u00e9ricos que hablan en susurros con \u201cNana\u201d: <em>\u201cYa eres \u00e1guila de cola blanca, amor m\u00edo, \/ ya baten tus alas los dominios del viento, \/ ya alumbras los cielos infinitos\u201d<\/em>.\u00a0<\/p>\n<p style=\"text-align: justify;\">O la complicidad aleg\u00f3rica con \u201cSylvia\u201d, la curruca capirotada que un d\u00eda lleg\u00f3 a la terraza donde \u201cNana\u201d echaba alpiste a los p\u00e1jaros, con referencias sutiles a una suerte y un destino casi sagrados: <em>\u201cLleg\u00f3 un d\u00eda en que ella y t\u00fa, Nana, hablasteis, hablasteis como si fuerais viejas amigas. No me sorprendi\u00f3, porque en ti era habitual. T\u00fa siempre hablaste muy quedo a las plantas y a los animales que te hac\u00edan compa\u00f1\u00eda. Y yo s\u00e9 que te respond\u00edan. El d\u00eda que t\u00fa te fuiste, Nana, Sylvia se march\u00f3 contigo. Nunca m\u00e1s la vimos. Nuestra curruca capirotada, tu Sylvia, jam\u00e1s ha vuelto a nuestro cuenco de alpiste\u201d<\/em>.<\/p>\n<p class=\"sumari\" style=\"text-align: justify;\">En este libro, de cuidada edici\u00f3n a color, a cargo de la Editorial Entorno Gr\u00e1fico, confluyen armoniosamente la hermosa y estilizada portada, obra del dise\u00f1ador Jos\u00e9 Mar\u00eda Medina, y la elegante prosa, a veces llana a veces versificada, de Juan Vellido con una retah\u00edla de colaboraciones<\/p>\n<p style=\"text-align: justify;\">Con pr\u00f3logo de Antonio Chicharro, catedr\u00e1tico del Departamento de Ling\u00fc\u00edstica General y Teor\u00eda de la Literatura de la UGR, \u201cNana. La flor del madro\u00f1o\u00bb se constituye en un libro de car\u00e1cter personal\u00edsimo, en el que Juan Vellido se aleja de su materia cinematogr\u00e1fica y de su tono y estilo m\u00e1s habituales (\u201cCuarto Creciente\u201d. Editorial Comares, 2000; \u201cCalle cortada\u201d. Editorial Tleo, 2000; o \u201cMieles de lino\u201d. Entorno Gr\u00e1fico Ediciones, 2019), para alzar una voz po\u00e9tica in\u00e9dita en su carrera literaria, si bien el rasgo intensamente l\u00edrico de algunos pasajes de \u201cMieles de lino\u201d se nos muestra muy cercano a la fuerza expresiva que estalla en \u201cNana\u201d: \u201c<em>Te dejo, amor en prenda, \/ mi coraz\u00f3n y mis entra\u00f1as, \/ y mi alma y mi conciencia. \/ Te dejo, amor en prenda \/ la caja de m\u00fasica de n\u00e1car \/ y el pa\u00f1uelo rojo de seda. \/ Te dejo, amor en prenda, \/ el amor de mi vida, toda mi \/ vida, mi vida entera\u201d.<\/em><\/p>\n<p style=\"text-align: justify;\">En este libro, de cuidada edici\u00f3n a color, a cargo de la Editorial Entorno Gr\u00e1fico, confluyen armoniosamente la hermosa y estilizada portada, obra del dise\u00f1ador Jos\u00e9 Mar\u00eda Medina, y la elegante prosa, a veces llana a veces versificada, de Juan Vellido con una retah\u00edla de colaboraciones de m\u00e1s de cincuenta amigos, artistas, poetas, fot\u00f3grafos y cineastas, entre los que figuran destacadas aportaciones de Juan Echanove, Antonio Carvajal, Arcadio Ortega, Francisco Acuyo, Arabesco, Jes\u00fas Conde, Dolores Montijano, Juan Manuel Brazam, Fidel Fern\u00e1ndez, Javier Salmer\u00f3n, Alejandro V\u00edctor Garc\u00eda, o D\u00e1maso D\u00e1vila.<\/p>\n<div class=\"divdest\">\n<div class=\"media media-element-container media-default\">\n<div id=\"file-101028\" class=\"file file-image file-image-jpeg\">\n<h2 class=\"element-invisible\" style=\"text-align: justify;\"><img data-recalc-dims=\"1\" loading=\"lazy\" decoding=\"async\" class=\"media-element file-default\" src=\"https:\/\/i0.wp.com\/www.elindependientedegranada.es\/sites\/default\/files\/portada_la_flor_del_madrono.jpg?resize=640%2C900&#038;ssl=1\" alt=\"\" width=\"640\" height=\"900\" data-delta=\"1\" \/><\/h2>\n<\/div>\n<\/div>\n<\/div>\n<div>\n<ul>\n<li><a href=\"http:\/\/www.elindependientedegranada.es\/cultura\/presentacion-libro-nana-flor-madrono-juan-vellido\">Presentaci\u00f3n del libro \u201cNana, la flor del madro\u00f1o\u201d, de Juan Vellido<\/a><\/li>\n<\/ul>\n<\/div>\n<h3><span class=\"autor\">Beatriz Berlanga<\/span><\/h3>\n<div>FOTO: JUAN BELLIDO<\/div>\n<div>\u00a0<\/div>\n<div>http:\/\/www.elindependientedegranada.es\/cultura\/prosa-mas-lirica-juan-vellido<\/div>\n<\/div>\n<div>\n<div id=\"disqus_thread\">\u00a0<\/div>\n<\/div>\n","protected":false},"excerpt":{"rendered":"<p>Beatriz Berlanga firma esta bella rese\u00f1a de \u00abNana. La flor del madro\u00f1o\u00bb, el \u00faltimo libro&#8230;<\/p>\n","protected":false},"author":1,"featured_media":67956,"comment_status":"closed","ping_status":"closed","sticky":false,"template":"","format":"standard","meta":{"_coblocks_attr":"","_coblocks_dimensions":"","_coblocks_responsive_height":"","_coblocks_accordion_ie_support":"","jetpack_post_was_ever_published":false,"_jetpack_newsletter_access":"","_jetpack_dont_email_post_to_subs":false,"_jetpack_newsletter_tier_id":0,"_jetpack_memberships_contains_paywalled_content":false,"_jetpack_memberships_contains_paid_content":false,"footnotes":"","jetpack_publicize_message":"","jetpack_publicize_feature_enabled":true,"jetpack_social_post_already_shared":true,"jetpack_social_options":{"image_generator_settings":{"template":"highway","default_image_id":0,"enabled":false},"version":2}},"categories":[1161,44,10],"tags":[],"class_list":["post-67955","post","type-post","status-publish","format-standard","has-post-thumbnail","hentry","category-ciudadania","category-noticias-de-hoy","category-salud"],"jetpack_publicize_connections":[],"jetpack_featured_media_url":"https:\/\/i0.wp.com\/miradordeatarfe.es\/wp-content\/uploads\/2024\/03\/juanvellido.jpg?fit=650%2C487&ssl=1","jetpack_likes_enabled":true,"jetpack_sharing_enabled":true,"_links":{"self":[{"href":"https:\/\/miradordeatarfe.es\/index.php?rest_route=\/wp\/v2\/posts\/67955","targetHints":{"allow":["GET"]}}],"collection":[{"href":"https:\/\/miradordeatarfe.es\/index.php?rest_route=\/wp\/v2\/posts"}],"about":[{"href":"https:\/\/miradordeatarfe.es\/index.php?rest_route=\/wp\/v2\/types\/post"}],"author":[{"embeddable":true,"href":"https:\/\/miradordeatarfe.es\/index.php?rest_route=\/wp\/v2\/users\/1"}],"replies":[{"embeddable":true,"href":"https:\/\/miradordeatarfe.es\/index.php?rest_route=%2Fwp%2Fv2%2Fcomments&post=67955"}],"version-history":[{"count":1,"href":"https:\/\/miradordeatarfe.es\/index.php?rest_route=\/wp\/v2\/posts\/67955\/revisions"}],"predecessor-version":[{"id":67957,"href":"https:\/\/miradordeatarfe.es\/index.php?rest_route=\/wp\/v2\/posts\/67955\/revisions\/67957"}],"wp:featuredmedia":[{"embeddable":true,"href":"https:\/\/miradordeatarfe.es\/index.php?rest_route=\/wp\/v2\/media\/67956"}],"wp:attachment":[{"href":"https:\/\/miradordeatarfe.es\/index.php?rest_route=%2Fwp%2Fv2%2Fmedia&parent=67955"}],"wp:term":[{"taxonomy":"category","embeddable":true,"href":"https:\/\/miradordeatarfe.es\/index.php?rest_route=%2Fwp%2Fv2%2Fcategories&post=67955"},{"taxonomy":"post_tag","embeddable":true,"href":"https:\/\/miradordeatarfe.es\/index.php?rest_route=%2Fwp%2Fv2%2Ftags&post=67955"}],"curies":[{"name":"wp","href":"https:\/\/api.w.org\/{rel}","templated":true}]}}