{"id":67958,"date":"2024-03-22T10:32:48","date_gmt":"2024-03-22T09:32:48","guid":{"rendered":"https:\/\/miradordeatarfe.es\/?p=67958"},"modified":"2024-03-22T11:08:44","modified_gmt":"2024-03-22T10:08:44","slug":"semana-santa-s-a-por-agustin-martinez","status":"publish","type":"post","link":"https:\/\/miradordeatarfe.es\/?p=67958","title":{"rendered":"\u00abSemana Santa S.A\u00bb por Agust\u00edn Mart\u00ednez"},"content":{"rendered":"<h3 style=\"text-align: justify;\">\u00abLa ciudad est\u00e1 en deuda con la Semana Santa\u2026\u00bb aseguraba hace justamente un a\u00f1o el flamante presidente de la Federaci\u00f3n de Cofrad\u00edas, para a rengl\u00f3n seguido, exigir doblar o triplicar el dinero p\u00fablico que la ciudad destina a esta manifestaci\u00f3n religiosa.<\/h3>\n<p style=\"text-align: justify;\">El caso es que con el cambio de color pol\u00edtico, tanto en el Ayuntamiento, como en la Diputaci\u00f3n, nuestros pr\u00f3ceres parecen haber admitido semejante reproche y desde la Plaza del Carmen y Ni\u00f1as Nobles, se van a destinar cien mil euros de vell\u00f3n respectivamente, tanto a las cofrad\u00edas de la capital, como a las bandas de m\u00fasica de la provincia. Doscientos mil euros en total que superan en mucho la cantidad que entre todas las administraciones se destina al Centro Federico Garc\u00eda Lorca\u2026 Cr\u00e9anme que se me ocurren decenas de cuestiones mucho m\u00e1s perentorias que las cofrad\u00edas, o sus bandas de m\u00fasica, a las que destinar esa cantidad.<\/p>\n<p style=\"text-align: justify;\">Semejantes datos podr\u00edan sumergirnos en una realidad muy cercana a la del pleno franquismo, cuando Espa\u00f1a era una unidad de destino en lo universal y al igual que la Iglesia, que tanto amparo y cobijo dio a aquella dictadura, tambi\u00e9n era una tierra \u00abcat\u00f3lica, apost\u00f3lica y romana\u00bb, por imposici\u00f3n obvia de un gallego bajito que se autoproclam\u00f3 \u00abCaudillo de Espa\u00f1a por la gracia de Dios\u00bb, que entraba en iglesias y catedrales bajo palio y dorm\u00eda con el brazo incorrupto de Santa Teresa, en la mesilla de noche de su dormitorio.<\/p>\n<p style=\"text-align: justify;\">A pesar de que vivamos en un Estado aconfesional, seg\u00fan nuestra Constituci\u00f3n , los sucesivos gobiernos nacionales, auton\u00f3micos y locales, que hemos tenido desde la recuperaci\u00f3n de la democracia, han sido extraordinariamente generosos, permisivos y ben\u00e9volos, con todo lo que tiene que ver con la Iglesia Cat\u00f3lica, lo que lejos de ser agradecido por ella, la ha envalentonado, anim\u00e1ndola a mantener pulso tras pulso con el poder civil y lo que es peor, haciendo creer a sus seguidores que tienen \u00abderechos\u00bb que no tienen y prerrogativas de las que se han ido apoderando, ante la indolencia impresentable del brazo seglar.<\/p>\n<p style=\"text-align: justify;\">Puede que este estado de cosas tuviera un cierto sentido durante la Transici\u00f3n y los primeros a\u00f1os de la democracia, cuando la preeminencia de la ciudadan\u00eda cat\u00f3lica era incuestionable en nuestro pa\u00eds. Ese panorama ha cambiado radicalmente y a d\u00eda de hoy, ese peso espec\u00edfico se ha reducido muy notablemente.<\/p>\n<p style=\"text-align: justify;\">A pesar de ello la Iglesia Cat\u00f3lica sigue contando en este pa\u00eds con privilegios absolutamente injustificados, debido en buena parte a una sucesi\u00f3n de gobiernos pusil\u00e1nimes, que no han tenido la gallard\u00eda de hacer realidad la \u00abaconfesionalidad\u00bb que se consagra en nuestra Constituci\u00f3n, que tanto dicen respetar.<\/p>\n<p style=\"text-align: justify;\">Las sotanas insaciables de este pa\u00eds siguen sin pagar impuestos, contin\u00faan benefici\u00e1ndose de centenares de millones de la caja del IRPF, se han apropiado de 35.000 templos, monumentos y fincas, por las impresentables inmatriculaciones y no contentos con ello, siguen ocupando con total impunidad los espacios urbanos de nuestras ciudades, que se supeditan un d\u00eda s\u00ed y otro tambi\u00e9n, a procesiones, traslados, ensayos, coronaciones, magnas y cualquier otro tipo de manifestaci\u00f3n \u00abcapillita\u00bb que se les ocurra.<\/p>\n<p style=\"text-align: justify;\">Su voracidad no conoce l\u00edmites, por la sencilla raz\u00f3n de que nadie se los ha impuesto en los \u00faltimos 45 a\u00f1os y no contentos con todo ello, ahora nos dicen que \u00abla ciudad est\u00e1 en deuda con la Semana Santa\u00bb. Pues no, respetados cofrades. Como ciudadano que paga sus impuestos religiosamente en Granada, no creo que haya deuda alguna con una Semana Santa que pone la ciudad patas arriba durante dos semanas, convirtiendo su casco hist\u00f3rico en invivible y provocando la \u00abhuida\u00bb de buena parte de los granadinos que son incapaces de soportar tanto cirio, incienso, cornetas, tambores, cortes de tr\u00e1fico, supresi\u00f3n de l\u00edneas de autobuses y dem\u00e1s parafernalia.<\/p>\n<p style=\"text-align: justify;\">Me dir\u00e1n que gracias a la Semana Santa, miles de personas visitan Granada durante esos d\u00edas. Estar\u00eda por ver. Juntar cuatro d\u00edas de asueto, sea por el motivo que sea, y que Granada cuelgue el cartel de no hay billetes en hoteles y restaurantes, es algo absolutamente autom\u00e1tico.<\/p>\n<p style=\"text-align: justify;\">No ser\u00e9 yo quien propugne la supresi\u00f3n de la Semana Santa, manifestaci\u00f3n religiosa, cultural y est\u00e9tica que respeto profundamente, aunque s\u00ed tendr\u00edamos que hacernos mirar, el abuso que a su calor se hace del espacio p\u00fablico, pero lo que bajo ning\u00fan concepto puedo admitir es que esta, ni ninguna otra ciudad, est\u00e9 en deuda con ella.<\/p>\n<p style=\"text-align: justify;\">No estar\u00eda de m\u00e1s que los m\u00e1ximos representantes de las cofrad\u00edas de Granada, exijan a hoteles, bares, restaurantes y comercios, que contribuyan econ\u00f3micamente al sost\u00e9n de la Semana Santa, siendo como son los principales beneficiarios de los ingresos econ\u00f3micos que se generan durante esos d\u00edas y que, insisto, creo que se producir\u00edan de igual forma juntando cuatro d\u00edas de fiesta, con, o sin procesiones.<\/p>\n<p style=\"text-align: justify;\">De tener alguna responsabilidad en el Ayuntamiento, Dios no lo quiera, enviar\u00eda a las cofrad\u00edas las facturas por la ocupaci\u00f3n de v\u00eda p\u00fablica, horas extraordinarias de la Polic\u00eda Local, bomberos, protecci\u00f3n civil, montaje de tribunas, limpieza de cera en las calles, desv\u00edo de l\u00edneas de autobuses, etc, etc. Lo har\u00eda sin \u00e1nimo recaudatorio, simplemente a t\u00edtulo informativo. Estoy convencido que el s\u00edncope que servidor sufri\u00f3, leyendo eso de que \u00abla ciudad est\u00e1 en deuda con la Semana Santa\u00bb, se convertir\u00eda en una epidemia cofrade y seguramente moderar\u00eda sustancialmente sus exigencias a las instituciones<\/p>\n<p>&nbsp;<\/p>\n","protected":false},"excerpt":{"rendered":"<p>\u00abLa ciudad est\u00e1 en deuda con la Semana Santa\u2026\u00bb aseguraba hace justamente un a\u00f1o el&#8230;<\/p>\n","protected":false},"author":1,"featured_media":67959,"comment_status":"closed","ping_status":"closed","sticky":false,"template":"","format":"standard","meta":{"_coblocks_attr":"","_coblocks_dimensions":"","_coblocks_responsive_height":"","_coblocks_accordion_ie_support":"","jetpack_post_was_ever_published":false,"_jetpack_newsletter_access":"","_jetpack_dont_email_post_to_subs":false,"_jetpack_newsletter_tier_id":0,"_jetpack_memberships_contains_paywalled_content":false,"_jetpack_memberships_contains_paid_content":false,"footnotes":"","jetpack_publicize_message":"","jetpack_publicize_feature_enabled":true,"jetpack_social_post_already_shared":true,"jetpack_social_options":{"image_generator_settings":{"template":"highway","default_image_id":0,"enabled":false},"version":2}},"categories":[1161,10781,44],"tags":[],"class_list":["post-67958","post","type-post","status-publish","format-standard","has-post-thumbnail","hentry","category-ciudadania","category-granada","category-noticias-de-hoy"],"jetpack_publicize_connections":[],"jetpack_featured_media_url":"https:\/\/i0.wp.com\/miradordeatarfe.es\/wp-content\/uploads\/2024\/03\/Sin-titulo-1.jpeg?fit=300%2C168&ssl=1","jetpack_likes_enabled":true,"jetpack_sharing_enabled":true,"_links":{"self":[{"href":"https:\/\/miradordeatarfe.es\/index.php?rest_route=\/wp\/v2\/posts\/67958","targetHints":{"allow":["GET"]}}],"collection":[{"href":"https:\/\/miradordeatarfe.es\/index.php?rest_route=\/wp\/v2\/posts"}],"about":[{"href":"https:\/\/miradordeatarfe.es\/index.php?rest_route=\/wp\/v2\/types\/post"}],"author":[{"embeddable":true,"href":"https:\/\/miradordeatarfe.es\/index.php?rest_route=\/wp\/v2\/users\/1"}],"replies":[{"embeddable":true,"href":"https:\/\/miradordeatarfe.es\/index.php?rest_route=%2Fwp%2Fv2%2Fcomments&post=67958"}],"version-history":[{"count":2,"href":"https:\/\/miradordeatarfe.es\/index.php?rest_route=\/wp\/v2\/posts\/67958\/revisions"}],"predecessor-version":[{"id":68055,"href":"https:\/\/miradordeatarfe.es\/index.php?rest_route=\/wp\/v2\/posts\/67958\/revisions\/68055"}],"wp:featuredmedia":[{"embeddable":true,"href":"https:\/\/miradordeatarfe.es\/index.php?rest_route=\/wp\/v2\/media\/67959"}],"wp:attachment":[{"href":"https:\/\/miradordeatarfe.es\/index.php?rest_route=%2Fwp%2Fv2%2Fmedia&parent=67958"}],"wp:term":[{"taxonomy":"category","embeddable":true,"href":"https:\/\/miradordeatarfe.es\/index.php?rest_route=%2Fwp%2Fv2%2Fcategories&post=67958"},{"taxonomy":"post_tag","embeddable":true,"href":"https:\/\/miradordeatarfe.es\/index.php?rest_route=%2Fwp%2Fv2%2Ftags&post=67958"}],"curies":[{"name":"wp","href":"https:\/\/api.w.org\/{rel}","templated":true}]}}