{"id":67972,"date":"2024-03-20T10:45:08","date_gmt":"2024-03-20T09:45:08","guid":{"rendered":"https:\/\/miradordeatarfe.es\/?p=67972"},"modified":"2024-03-20T10:46:15","modified_gmt":"2024-03-20T09:46:15","slug":"semana-santa-de-atarfe-via-crucis-viveinte","status":"publish","type":"post","link":"https:\/\/miradordeatarfe.es\/?p=67972","title":{"rendered":"SEMANA SANTA DE ATARFE: V\u00cdA CRUCIS VIVIENTE"},"content":{"rendered":"<div class=\"x11i5rnm xat24cr x1mh8g0r x1vvkbs xtlvy1s x126k92a\">\n<h3 dir=\"auto\">Este pr\u00f3ximo Domingo 24 de Marzo, Atarfe revive una de sus tradiciones m\u00e1s emotivas: el V\u00eda Crucis Viviente, organizado por la Parroquia de Atarfe, con motivo de la Semana Santa.<\/h3>\n<div dir=\"auto\">\n<div dir=\"auto\">\n<p>El grupo del \u201cV\u00eda Crucis Viviente\u201d est\u00e1 formado por numerosos feligreses de la Parroquia de Atarfe que desde el 2014 hacen realidad una idea que naci\u00f3 en el consejo Parroquial un tiempo antes: \u201cOrar con un V\u00eda Crucis viviente por las calles del pueblo invitando a los cristianos y gentes de buena voluntad a vivir una tarde de oraci\u00f3n, recogimiento, catequesis y de encuentro con el misterio de la Pasi\u00f3n, Muerte y Resurrecci\u00f3n por nuestra salvaci\u00f3n\u201d.<\/p>\n<\/div>\n<div dir=\"auto\">En un principio naci\u00f3 para Atarfe, pero a lo largo de 10 a\u00f1os de andadura tambi\u00e9n se ha realizado en Granada y varios pueblos de la provincia como Nivar, Cogollos Vega, Pe\u00f1uelas, Lachar, etc.<\/div>\n<div dir=\"auto\">\u00abPara nosotros es un compromiso cristiano de testimonio de fe en la calle, porque no solo es representarlo, es vivirlo y transmitir lo que estamos viviendo a todos los que nos acompa\u00f1an\u00bb, refieren a la redacci\u00f3n de GRANADA COFRADE.<\/div>\n<\/div>\n<\/div>\n<div class=\"x11i5rnm xat24cr x1mh8g0r x1vvkbs xtlvy1s x126k92a\">\n<div dir=\"auto\">\u00a0<\/div>\n<\/div>\n<div class=\"x11i5rnm xat24cr x1mh8g0r x1vvkbs xtlvy1s x126k92a\">\n<div dir=\"auto\">Experimenta un momento de profunda reflexi\u00f3n y espiritualidad, donde los Atarfe\u00f1os y Atarfe\u00f1as se congregan para conmemorar los momentos m\u00e1s significativos de la pasi\u00f3n de Jesucristo a trav\u00e9s de una representaci\u00f3n viviente.<\/div>\n<div dir=\"auto\">El Domingo de Ramos, los fieles de la parroquia de la Encarnaci\u00f3n, en Atarfe, representar\u00e1n el V\u00eda Crucis viviente en el propio municipio.El V\u00eda Crucis no es una representaci\u00f3n teatral al uso, sino \u201cuna manifestaci\u00f3n de fe, en la que miembros de la comunidad parroquial de Atarfe quieren con este acto dar testimonio de su fe y ayudar a los que nos acompa\u00f1en a descubrir c\u00f3mo somos amados por Dios en esta historia siempre actual del Amor m\u00e1s grande, manifestado en la entrega hasta la muerte por amor a nosotros de Jes\u00fas en la Cruz\u201d<\/div>\n<\/div>\n<div class=\"x11i5rnm xat24cr x1mh8g0r x1vvkbs xtlvy1s x126k92a\">\n<div dir=\"auto\">\u00a0<\/div>\n<div dir=\"auto\">Es una oportunidad para vivir nuestras tradiciones. Este a\u00f1o 2024 la fecha y horario son: <\/div>\n<div dir=\"auto\">\n<div class=\"x11i5rnm xat24cr x1mh8g0r x1vvkbs xtlvy1s x126k92a\">\n<div dir=\"auto\">\n<div dir=\"auto\">\u00a0<\/div>\n<\/div>\n<\/div>\n<div class=\"x11i5rnm xat24cr x1mh8g0r x1vvkbs xtlvy1s x126k92a\">\n<div dir=\"auto\">\u00a0Fecha: Domingo, 24 de Marzo<\/div>\n<div dir=\"auto\">\u00a0Hora: 18:00<\/div>\n<div dir=\"auto\">\u00a0Lugar: Ermita de Santa Ana<\/div>\n<\/div>\n<\/div>\n<\/div>\n<div dir=\"auto\">\u00a0<\/div>\n<div dir=\"auto\"><a href=\"https:\/\/i0.wp.com\/miradordeatarfe.es\/wp-content\/uploads\/2024\/03\/432783017_786016660242518_191947820902164671_n.jpg?ssl=1\"><img data-recalc-dims=\"1\" loading=\"lazy\" decoding=\"async\" class=\"alignnone wp-image-67973 \" src=\"https:\/\/i0.wp.com\/miradordeatarfe.es\/wp-content\/uploads\/2024\/03\/432783017_786016660242518_191947820902164671_n.jpg?resize=630%2C886&#038;ssl=1\" alt=\"\" width=\"630\" height=\"886\" srcset=\"https:\/\/i0.wp.com\/miradordeatarfe.es\/wp-content\/uploads\/2024\/03\/432783017_786016660242518_191947820902164671_n.jpg?w=512&amp;ssl=1 512w, https:\/\/i0.wp.com\/miradordeatarfe.es\/wp-content\/uploads\/2024\/03\/432783017_786016660242518_191947820902164671_n.jpg?resize=213%2C300&amp;ssl=1 213w\" sizes=\"auto, (max-width: 630px) 100vw, 630px\" \/><\/a><\/div>\n<div dir=\"auto\">\u00a0<\/div>\n<div dir=\"auto\">Foto del video: https:\/\/youtu.be\/iJLv_cLkdRk?feature=shared<\/div>\n","protected":false},"excerpt":{"rendered":"<p>Este pr\u00f3ximo Domingo 24 de Marzo, Atarfe revive una de sus tradiciones m\u00e1s emotivas: el&#8230;<\/p>\n","protected":false},"author":1,"featured_media":67974,"comment_status":"closed","ping_status":"closed","sticky":false,"template":"","format":"standard","meta":{"_coblocks_attr":"","_coblocks_dimensions":"","_coblocks_responsive_height":"","_coblocks_accordion_ie_support":"","jetpack_post_was_ever_published":false,"_jetpack_newsletter_access":"","_jetpack_dont_email_post_to_subs":false,"_jetpack_newsletter_tier_id":0,"_jetpack_memberships_contains_paywalled_content":false,"_jetpack_memberships_contains_paid_content":false,"footnotes":"","jetpack_publicize_message":"","jetpack_publicize_feature_enabled":true,"jetpack_social_post_already_shared":false,"jetpack_social_options":{"image_generator_settings":{"template":"highway","default_image_id":0,"enabled":false},"version":2}},"categories":[12,186,44],"tags":[],"class_list":["post-67972","post","type-post","status-publish","format-standard","has-post-thumbnail","hentry","category-cultura","category-instituciones","category-noticias-de-hoy"],"jetpack_publicize_connections":[],"jetpack_featured_media_url":"https:\/\/i0.wp.com\/miradordeatarfe.es\/wp-content\/uploads\/2024\/03\/Screenshot-2024-03-18-at-21-13-15-Via-Crucis-Atarfe-20145.png?fit=1080%2C609&ssl=1","jetpack_likes_enabled":true,"jetpack_sharing_enabled":true,"_links":{"self":[{"href":"https:\/\/miradordeatarfe.es\/index.php?rest_route=\/wp\/v2\/posts\/67972","targetHints":{"allow":["GET"]}}],"collection":[{"href":"https:\/\/miradordeatarfe.es\/index.php?rest_route=\/wp\/v2\/posts"}],"about":[{"href":"https:\/\/miradordeatarfe.es\/index.php?rest_route=\/wp\/v2\/types\/post"}],"author":[{"embeddable":true,"href":"https:\/\/miradordeatarfe.es\/index.php?rest_route=\/wp\/v2\/users\/1"}],"replies":[{"embeddable":true,"href":"https:\/\/miradordeatarfe.es\/index.php?rest_route=%2Fwp%2Fv2%2Fcomments&post=67972"}],"version-history":[{"count":2,"href":"https:\/\/miradordeatarfe.es\/index.php?rest_route=\/wp\/v2\/posts\/67972\/revisions"}],"predecessor-version":[{"id":67996,"href":"https:\/\/miradordeatarfe.es\/index.php?rest_route=\/wp\/v2\/posts\/67972\/revisions\/67996"}],"wp:featuredmedia":[{"embeddable":true,"href":"https:\/\/miradordeatarfe.es\/index.php?rest_route=\/wp\/v2\/media\/67974"}],"wp:attachment":[{"href":"https:\/\/miradordeatarfe.es\/index.php?rest_route=%2Fwp%2Fv2%2Fmedia&parent=67972"}],"wp:term":[{"taxonomy":"category","embeddable":true,"href":"https:\/\/miradordeatarfe.es\/index.php?rest_route=%2Fwp%2Fv2%2Fcategories&post=67972"},{"taxonomy":"post_tag","embeddable":true,"href":"https:\/\/miradordeatarfe.es\/index.php?rest_route=%2Fwp%2Fv2%2Ftags&post=67972"}],"curies":[{"name":"wp","href":"https:\/\/api.w.org\/{rel}","templated":true}]}}